{"id":114562,"date":"2025-05-20T14:57:08","date_gmt":"2025-05-20T14:57:08","guid":{"rendered":"https:\/\/www.europesays.com\/fr\/114562\/"},"modified":"2025-05-20T14:57:08","modified_gmt":"2025-05-20T14:57:08","slug":"a-rennes-dans-un-salon-de-massage-asiatique-un-client-agresse-lemployee-elle-lui-donne-un-coup-de-couteau","status":"publish","type":"post","link":"https:\/\/www.europesays.com\/fr\/114562\/","title":{"rendered":"\u00c0 Rennes, dans un salon de massage asiatique, un client agresse l&#8217;employ\u00e9e, elle lui donne un coup de couteau"},"content":{"rendered":"<p>            Par<br \/>\n        <strong><br \/>\n            <a href=\"https:\/\/actu.fr\/auteur\/lou-batteux\" title=\"Consulter tous les articles de Lou Batteux\" rel=\"nofollow noopener\" target=\"_blank\">Lou Batteux<\/a><br \/>\n        <\/strong><\/p>\n<p>        Publi\u00e9 le<\/p>\n<p>            20 mai 2025 \u00e0 16h55        <\/p>\n<p>La s\u00e9ance de d\u00e9tente a d\u00e9rap\u00e9 au 75, avenue Aristide-Briand, \u00e0 Rennes. Lundi 19\u00a0mai 2025, vers 20h45, dans un <strong>salon de massage asiatique<\/strong> proposant des \u00ab\u2009prestations avec finitions\u2009\u00bb, une des masseuses a \u00e9t\u00e9 interpell\u00e9e par les effectifs de la<strong> brigade anti-criminalit\u00e9 <\/strong>(Bac), a-t-on appris de la police, confirmant <a href=\"https:\/\/www.rennes-infos-autrement.fr\/salon-de-massage-asiatique-une-masseuse-blesse-un-client-au-couteau\/\" rel=\"nofollow noopener\" target=\"_blank\">Rennes infos Autrement<\/a>.<\/p>\n<p class=\" wall-content\">En effet, apr\u00e8s une altercation survenue \u00e0 cause d\u2019un client, la femme a \u00e9t\u00e9 plac\u00e9e en <strong>garde \u00e0 vue<\/strong>.<\/p>\n<p>Une tentative d\u2019agression sexuelle<\/p>\n<p class=\" wall-content\">Selon une source polici\u00e8re, l\u2019homme aurait tent\u00e9<strong> \u00ab\u2009d\u2019aller plus loin que pr\u00e9vu\u2009\u00bb<\/strong> avec la masseuse qui proposait \u00ab\u00a0certains services\u00a0\u00bb. Pour se d\u00e9fendre, cette derni\u00e8re, \u00e2g\u00e9e de 60 ans, aurait alors <strong>\u00ab\u2009port\u00e9 un coup de couteau \u00e0 la main du client\u2009\u00bb<\/strong>.<\/p>\n<p class=\" wall-content\">Les pompiers sont intervenus aupr\u00e8s de l\u2019homme. L\u00e9g\u00e8rement bless\u00e9 \u00e0 l\u2019auriculaire gauche, son transport \u00e0 l\u2019h\u00f4pital n\u2019a pas \u00e9t\u00e9 jug\u00e9 utile.<\/p>\n<p class=\" wall-content\">Suivez toute l\u2019actualit\u00e9 de vos villes et m\u00e9dias favoris en vous inscrivant \u00e0 <a href=\"https:\/\/moncompte.actu.fr\" title=\"D\u00e9couvez Mon Actu\" rel=\"nofollow noopener\" data-trk=\"{&quot;cta&quot;:{&quot;action&quot;:&quot;https:\\\/\\\/moncompte.actu.fr&quot;,&quot;category&quot;:&quot;mon compte&quot;,&quot;from&quot;:&quot;article footer&quot;,&quot;name&quot;:&quot;Mon actu&quot;,&quot;type&quot;:&quot;cta&quot;}}\" target=\"_blank\">Mon Actu<\/a>.<\/p>\n","protected":false},"excerpt":{"rendered":"Par Lou Batteux Publi\u00e9 le 20 mai 2025 \u00e0 16h55 La s\u00e9ance de d\u00e9tente a d\u00e9rap\u00e9 au 75,&hellip;\n","protected":false},"author":2,"featured_media":114563,"comment_status":"","ping_status":"","sticky":false,"template":"","format":"standard","meta":{"footnotes":""},"categories":[2821],"tags":[1111,11,829,1777,674,118,1011,27,12,1072,1311,584,25],"class_list":{"0":"post-114562","1":"post","2":"type-post","3":"status-publish","4":"format-standard","5":"has-post-thumbnail","7":"category-rennes","8":"tag-actu","9":"tag-actualites","10":"tag-bretagne","11":"tag-eu","12":"tag-europe","13":"tag-faits-divers","14":"tag-fr","15":"tag-france","16":"tag-news","17":"tag-police","18":"tag-pompiers","19":"tag-rennes","20":"tag-republique-francaise"},"share_on_mastodon":{"url":"https:\/\/pubeurope.com\/@fr\/114540749955266911","error":""},"_links":{"self":[{"href":"https:\/\/www.europesays.com\/fr\/wp-json\/wp\/v2\/posts\/114562","targetHints":{"allow":["GET"]}}],"collection":[{"href":"https:\/\/www.europesays.com\/fr\/wp-json\/wp\/v2\/posts"}],"about":[{"href":"https:\/\/www.europesays.com\/fr\/wp-json\/wp\/v2\/types\/post"}],"author":[{"embeddable":true,"href":"https:\/\/www.europesays.com\/fr\/wp-json\/wp\/v2\/users\/2"}],"replies":[{"embeddable":true,"href":"https:\/\/www.europesays.com\/fr\/wp-json\/wp\/v2\/comments?post=114562"}],"version-history":[{"count":0,"href":"https:\/\/www.europesays.com\/fr\/wp-json\/wp\/v2\/posts\/114562\/revisions"}],"wp:featuredmedia":[{"embeddable":true,"href":"https:\/\/www.europesays.com\/fr\/wp-json\/wp\/v2\/media\/114563"}],"wp:attachment":[{"href":"https:\/\/www.europesays.com\/fr\/wp-json\/wp\/v2\/media?parent=114562"}],"wp:term":[{"taxonomy":"category","embeddable":true,"href":"https:\/\/www.europesays.com\/fr\/wp-json\/wp\/v2\/categories?post=114562"},{"taxonomy":"post_tag","embeddable":true,"href":"https:\/\/www.europesays.com\/fr\/wp-json\/wp\/v2\/tags?post=114562"}],"curies":[{"name":"wp","href":"https:\/\/api.w.org\/{rel}","templated":true}]}}