{"id":1145656,"date":"2026-08-24T09:10:16","date_gmt":"2026-08-24T09:10:16","guid":{"rendered":"https:\/\/www.europesays.com\/fr\/1145656\/"},"modified":"2026-08-24T09:10:16","modified_gmt":"2026-08-24T09:10:16","slug":"mercato-elye-wahi-accueilli-en-rockstar-a-nice-pour-son-retour-terem-moffi-sen-va","status":"publish","type":"post","link":"https:\/\/www.europesays.com\/fr\/1145656\/","title":{"rendered":"Mercato : Elye Wahi accueilli en rockstar \u00e0 Nice pour son retour, Terem Moffi s\u2019en va"},"content":{"rendered":"<p>\n    Les supporters ni\u00e7ois ont r\u00e9serv\u00e9 un bouillant accueil \u00e0 l\u2019attaquant Elye Wahi, de retour au club pour remplacer Terem Moffi, transf\u00e9r\u00e9 en Allemagne.<\/p>\n<p class=\"fig-paragraph\">Alors que l&rsquo;attaquant nig\u00e9rian Terem Moffi, devenu ind\u00e9sirable \u00e0 Nice, s&rsquo;est officiellement engag\u00e9 pour trois saisons avec club allemand de Hambourg, l&rsquo;Ivoirien de Francfort\u00a0<a href=\"http:\/\/www.lefigaro.fr\/sports\/football\/transferts\/journal-du-mercato-record-historique-pour-lille-avec-bouaddi-makengo-veut-rejoindre-l-asm-nice-fait-revenir-wahi-20260823\" data-fig-type=\"NewsFlash\" data-gtm-custom-categorie=\"navigation\" data-gtm-custom-action=\"crossclick\" data-gtm-custom-label=\"Contextuel\" data-gtm-event=\"customEventSPE\" data-fig-domain=\"LEFIGARO\" rel=\"nofollow noopener\" target=\"_blank\">Elye Wahi\u00a0<\/a>est arriv\u00e9 sur la C\u00f4t\u00e9 d&rsquo;Azur afin d&rsquo;y passer la visite m\u00e9dicale, a indiqu\u00e9 lundi le club de Ligue 1.<\/p>\n<p class=\"fig-paragraph\">Les images relay\u00e9es par le club de la liesse des supporters au moment de l&rsquo;arriv\u00e9e de Wahi, 23 ans, dimanche soir \u00e0 l&rsquo;a\u00e9roport de Nice, ont contrast\u00e9 avec l&rsquo;annonce laconique d&rsquo;une ligne gliss\u00e9e sur le site du club annon\u00e7ant le d\u00e9part de Moffi, 27 ans. Wahi, auteur d&rsquo;une belle derni\u00e8re demi-saison avec Nice \u00e0 la suite d&rsquo;un premier pr\u00eat (19 matches, 9 buts, 2 passes d\u00e9cisives toutes comp\u00e9titions confondues), reviendra en pr\u00eat sur la C\u00f4te d&rsquo;Azur apr\u00e8s s&rsquo;\u00eatre conform\u00e9 \u00e0 la visite m\u00e9dicale.<\/p>\n<p>                                            <a class=\"fig-a11y-skip\" href=\"#fig-a11y-skip-main-inarticle\" is=\"fig-a11y-skip\" data-trigger-mode=\"visible-once\"><br \/>\n    Passer la publicit\u00e9<br \/>\n<\/a>            <\/p>\n<p class=\"fig-paragraph\">Selon une source proche du dossier, ce pr\u00eat est payant (1,5 million d&rsquo;euros) et inclut une option d&rsquo;achat de 15 millions d&rsquo;euros. De plus, contrairement \u00e0 la saison derni\u00e8re, le club ni\u00e7ois prend en charge la totalit\u00e9 de son salaire, de l&rsquo;ordre de grandeur de celui de Moffi. Selon une source proche du club ainsi que diff\u00e9rents m\u00e9dias, le transfert de ce dernier, pr\u00eat\u00e9 \u00e0 Porto depuis janvier et dont le contrat \u00e0 Nice courait jusqu&rsquo;en 2027, s&rsquo;\u00e9l\u00e8ve \u00e0 deux millions d&rsquo;euros, plus 500.000 euros de bonus.<\/p>\n<p>                                            Terem Moffi tourne la page<\/p>\n<p class=\"fig-paragraph\">Arriv\u00e9 \u00e0 Nice en janvier 2023 pour 25 millions d&rsquo;euros, Moffi \u00e9tait devenu la recrue la plus on\u00e9reuse de l&rsquo;histoire du club azur\u00e9en. C&rsquo;est aussi \u00abun \u00e9chec\u00bb, avait reconnu d\u00e9but juillet le nouveau directeur sportif Roger Ricort. \u00abOn ne respecte pas forc\u00e9ment l&rsquo;homme mais on est oblig\u00e9 de respecter le joueur\u00bb, avait-il expliqu\u00e9, cinglant. \u00abIl sait qu&rsquo;il ne pourra plus jouer \u00e0 l&rsquo;OGC Nice. Ce serait m\u00eame un manque de respect vis-\u00e0-vis de nos supporters qu&rsquo;il reporte le maillot.\u00bb<\/p>\n<p class=\"fig-paragraph\">Cible des ultras ni\u00e7ois, fortement bouscul\u00e9 dans la nuit du 30 novembre au centre d&rsquo;entra\u00eenement du club alors que l&rsquo;\u00e9quipe rentrait d&rsquo;un match perdu \u00e0 Lorient (1-3), il avait ensuite port\u00e9 plainte contre X, comme le club. Cette soir\u00e9e avait provoqu\u00e9 une grave crise interne impliquant les d\u00e9parts du pr\u00e9sident Fabrice Bocquet et de l&rsquo;entra\u00eeneur Franck Haise.<\/p>\n<p class=\"fig-paragraph\">Entre janvier 2023 et d\u00e9cembre 2025, Moffi, qui s&rsquo;\u00e9tait \u00e9galement gravement bless\u00e9 au genou gauche en juillet 2024, a disput\u00e9 avec Nice 72 matches et inscrit 24 buts.<\/p>\n","protected":false},"excerpt":{"rendered":"Les supporters ni\u00e7ois ont r\u00e9serv\u00e9 un bouillant accueil \u00e0 l\u2019attaquant Elye Wahi, de retour au club pour remplacer&hellip;\n","protected":false},"author":2,"featured_media":1145657,"comment_status":"","ping_status":"","sticky":false,"template":"","format":"standard","meta":{"footnotes":"","_share_on_mastodon":"0"},"categories":[2819],"tags":[1111,11,1777,674,1011,27,1434,12,2401,2268,882,25],"class_list":["post-1145656","post","type-post","status-publish","format-standard","has-post-thumbnail","category-nice","tag-actu","tag-actualites","tag-eu","tag-europe","tag-fr","tag-france","tag-mercato","tag-news","tag-nice","tag-ogc-nice","tag-provence-alpes-cote-dazur","tag-republique-francaise"],"share_on_mastodon":{"url":"https:\/\/pubeurope.com\/@fr\/117149711410854972","error":""},"_links":{"self":[{"href":"https:\/\/www.europesays.com\/fr\/wp-json\/wp\/v2\/posts\/1145656","targetHints":{"allow":["GET"]}}],"collection":[{"href":"https:\/\/www.europesays.com\/fr\/wp-json\/wp\/v2\/posts"}],"about":[{"href":"https:\/\/www.europesays.com\/fr\/wp-json\/wp\/v2\/types\/post"}],"author":[{"embeddable":true,"href":"https:\/\/www.europesays.com\/fr\/wp-json\/wp\/v2\/users\/2"}],"replies":[{"embeddable":true,"href":"https:\/\/www.europesays.com\/fr\/wp-json\/wp\/v2\/comments?post=1145656"}],"version-history":[{"count":0,"href":"https:\/\/www.europesays.com\/fr\/wp-json\/wp\/v2\/posts\/1145656\/revisions"}],"wp:featuredmedia":[{"embeddable":true,"href":"https:\/\/www.europesays.com\/fr\/wp-json\/wp\/v2\/media\/1145657"}],"wp:attachment":[{"href":"https:\/\/www.europesays.com\/fr\/wp-json\/wp\/v2\/media?parent=1145656"}],"wp:term":[{"taxonomy":"category","embeddable":true,"href":"https:\/\/www.europesays.com\/fr\/wp-json\/wp\/v2\/categories?post=1145656"},{"taxonomy":"post_tag","embeddable":true,"href":"https:\/\/www.europesays.com\/fr\/wp-json\/wp\/v2\/tags?post=1145656"}],"curies":[{"name":"wp","href":"https:\/\/api.w.org\/{rel}","templated":true}]}}