{"id":114566,"date":"2025-05-20T14:59:08","date_gmt":"2025-05-20T14:59:08","guid":{"rendered":"https:\/\/www.europesays.com\/fr\/114566\/"},"modified":"2025-05-20T14:59:08","modified_gmt":"2025-05-20T14:59:08","slug":"strasbourg-la-police-intervient-pour-un-homme-retranche-chez-lui-route-des-romains","status":"publish","type":"post","link":"https:\/\/www.europesays.com\/fr\/114566\/","title":{"rendered":"Strasbourg. La police intervient pour un homme retranch\u00e9 chez lui, route des Romains"},"content":{"rendered":"<p>Le secteur de la route des Romains \u00e0 Strasbourg a \u00e9t\u00e9 boucl\u00e9, ce mardi 20 mai dans l&rsquo;apr\u00e8s-midi, par la police. Selon des t\u00e9moins, une personne arm\u00e9e \u00e9tait retranch\u00e9e dans son appartement, au 3e \u00e9tage du 79 route des Romains.<\/p>\n<p>Selon des habitants du quartier, l\u2019individu tirait depuis plusieurs jours depuis sa fen\u00eatre ou dans son appartement. Des voisins parlent d\u2019un homme \u00ab\u00a0fou et drogu\u00e9\u00a0\u00bb. Un autre d\u00e9crit un homme gentil, pas violent mais juste tr\u00e8s instable. Il a tir\u00e9 de sa fen\u00eatre dans la cour de l\u2019immeuble.<\/p>\n<p>Ce contenu est bloqu\u00e9 car vous n&rsquo;avez pas accept\u00e9 les cookies et autres traceurs.<\/p>\n<p>En cliquant sur \u00ab J\u2019accepte \u00bb, les cookies et autres traceurs seront d\u00e9pos\u00e9s et vous pourrez visualiser les contenus  (<a href=\"\" class=\"consentModule_policy\" target=\"_blank\" title=\"Consulter la politique de protection des donn\u00e9es du fournisseur\">plus d&rsquo;informations<\/a>).<\/p>\n<p>En cliquant sur \u00ab J\u2019accepte tous les cookies \u00bb, vous autorisez des d\u00e9p\u00f4ts de cookies et autres traceurs pour le stockage de vos donn\u00e9es sur nos sites et applications \u00e0 des fins de personnalisation et de ciblage publicitaire.<\/p>\n<p class=\"consentModule_secondaryText\">Vous gardez la possibilit\u00e9 de retirer votre consentement \u00e0 tout moment en consultant notre <a href=\"https:\/\/www.dna.fr\/protection-des-donnees\" target=\"_blank\" title=\"Consulter notre politique de protection des donn\u00e9es\" rel=\"nofollow noopener\">politique de protection des donn\u00e9es<\/a>. <br \/>&#13;<br \/>\n            <a href=\"https:\/\/www.dna.fr\/faits-divers-justice\/2025\/05\/20\/javascript:Didomi.notice.show()\" class=\"consentModule_cmp\" rel=\"nofollow noopener\" target=\"_blank\">G\u00e9rer mes choix<\/a>&#13;\n        <\/p>\n<p>&#13;<br \/>\n                        J&rsquo;accepte&#13;<br \/>\n            J&rsquo;accepte tous les cookies&#13;\n        <\/p>\n<p>D\u2019apr\u00e8s une source, l\u2019individu aurait \u00e9t\u00e9 interpell\u00e9 par le raid, peu avant 16 h. L\u2019homme de 46 ans serait connu des services pour des addictions. Il vivait seul dans cet appartement.<\/p>\n<p>Il n\u2019y a eu aucun bless\u00e9.<\/p>\n","protected":false},"excerpt":{"rendered":"Le secteur de la route des Romains \u00e0 Strasbourg a \u00e9t\u00e9 boucl\u00e9, ce mardi 20 mai dans l&rsquo;apr\u00e8s-midi,&hellip;\n","protected":false},"author":2,"featured_media":114567,"comment_status":"","ping_status":"","sticky":false,"template":"","format":"standard","meta":{"footnotes":""},"categories":[2820],"tags":[1111,11,271,272,2880,1777,674,274,107,1011,27,775,12,25,640],"class_list":{"0":"post-114566","1":"post","2":"type-post","3":"status-publish","4":"format-standard","5":"has-post-thumbnail","7":"category-strasbourg","8":"tag-actu","9":"tag-actualites","10":"tag-crime","11":"tag-delit-et-contravention","12":"tag-edition-strasbourg","13":"tag-eu","14":"tag-europe","15":"tag-faits-divers-justice","16":"tag-fil-info","17":"tag-fr","18":"tag-france","19":"tag-grand-est","20":"tag-news","21":"tag-republique-francaise","22":"tag-strasbourg"},"share_on_mastodon":{"url":"https:\/\/pubeurope.com\/@fr\/114540757944090279","error":""},"_links":{"self":[{"href":"https:\/\/www.europesays.com\/fr\/wp-json\/wp\/v2\/posts\/114566","targetHints":{"allow":["GET"]}}],"collection":[{"href":"https:\/\/www.europesays.com\/fr\/wp-json\/wp\/v2\/posts"}],"about":[{"href":"https:\/\/www.europesays.com\/fr\/wp-json\/wp\/v2\/types\/post"}],"author":[{"embeddable":true,"href":"https:\/\/www.europesays.com\/fr\/wp-json\/wp\/v2\/users\/2"}],"replies":[{"embeddable":true,"href":"https:\/\/www.europesays.com\/fr\/wp-json\/wp\/v2\/comments?post=114566"}],"version-history":[{"count":0,"href":"https:\/\/www.europesays.com\/fr\/wp-json\/wp\/v2\/posts\/114566\/revisions"}],"wp:featuredmedia":[{"embeddable":true,"href":"https:\/\/www.europesays.com\/fr\/wp-json\/wp\/v2\/media\/114567"}],"wp:attachment":[{"href":"https:\/\/www.europesays.com\/fr\/wp-json\/wp\/v2\/media?parent=114566"}],"wp:term":[{"taxonomy":"category","embeddable":true,"href":"https:\/\/www.europesays.com\/fr\/wp-json\/wp\/v2\/categories?post=114566"},{"taxonomy":"post_tag","embeddable":true,"href":"https:\/\/www.europesays.com\/fr\/wp-json\/wp\/v2\/tags?post=114566"}],"curies":[{"name":"wp","href":"https:\/\/api.w.org\/{rel}","templated":true}]}}