{"id":114568,"date":"2025-05-20T15:00:14","date_gmt":"2025-05-20T15:00:14","guid":{"rendered":"https:\/\/www.europesays.com\/fr\/114568\/"},"modified":"2025-05-20T15:00:14","modified_gmt":"2025-05-20T15:00:14","slug":"strasbourg-les-high-rock-gospel-singers-a-leglise-saint-paul-pour-un-concert-au-service-de-la-solidarite","status":"publish","type":"post","link":"https:\/\/www.europesays.com\/fr\/114568\/","title":{"rendered":"Strasbourg. Les High Rock Gospel Singers \u00e0 l\u2019\u00e9glise Saint-Paul pour un concert au service de la solidarit\u00e9"},"content":{"rendered":"<p>D\u00e8s 18\u00a0h, les spectateurs sont convi\u00e9s \u00e0 un ap\u00e9ritif, avant de s\u2019immerger dans une soir\u00e9e o\u00f9 le rythme et l\u2019\u00e9motion se r\u00e9pondent en \u00e9cho. Port\u00e9 par des b\u00e9n\u00e9voles engag\u00e9s, le club Inner Wheel Strasbourg-Tivoli, organisateur de la soir\u00e9e et branche locale de la plus grande ONG f\u00e9minine au monde, \u0153uvre depuis des ann\u00e9es pour soutenir femmes, enfants et personnes vuln\u00e9rables, en France comme \u00e0 l\u2019international.<\/p>\n<p>  Une chorale n\u00e9e il y a 28 ans \u00e0 Hautepierre<\/p>\n<p>Les b\u00e9n\u00e9fices du concert seront en partie revers\u00e9s \u00e0 Champa Lao, association strasbourgeoise investie dans l\u2019aide \u00e9ducative et solidaire.<\/p>\n<p>N\u00e9e il y a 28 ans \u00e0 Hautepierre de la rencontre entre les pasteurs Fr\u00e9d\u00e9ric Setodzo et Albert Luther, cette chorale est le fruit d\u2019un engagement humain et musical. Ce groupe unique accueille des chanteurs venus de tous horizons, r\u00e9unis par la passion du gospel et l\u2019envie de chanter ensemble. Tr\u00e8s vite, ils adoptent un r\u00e9pertoire m\u00e9tiss\u00e9, m\u00ealant gospels traditionnels, chants sud-africains et d\u2019Afrique de l\u2019Ouest. Leurs interpr\u00e9tations, parfois a capella, parfois soutenues par un djemb\u00e9, d\u00e9gagent une \u00e9nergie puissante et contagieuse.<\/p>\n<p>De Kumbaya \u00e0 I Have a Dream , chaque morceau devient une passerelle entre les cultures, les \u00e2ges, les v\u00e9cus. Car ici, chanter, c\u2019est aussi tendre la main.<\/p>\n<p class=\"note\">Samedi 24\u00a0mai \u00e0 20\u00a0h\u00a030. Tarif ap\u00e9ro et concert\u00a0: 30\u00a0\u20ac. Tarif concert seul\u00a0: 20\u00a0\u20ac. \u00c9tudiants\u00a0: 10\u00a0\u20ac. \u00c9glise Saint-Paul, 1, place du G\u00e9n\u00e9ral-Eisenhower, Strasbourg. R\u00e9servations\u00a0: sur <a href=\"https:\/\/www.helloasso.com\/associations\/club-inner-wheel-strasbourg-tivoli\/evenements\/concert-gospel-inner-wheel\" target=\"_blank\" rel=\"nofollow noopener\">https:\/\/www.helloasso.com<\/a>. Billetterie sur place uniquement pour le concert.<\/p>\n","protected":false},"excerpt":{"rendered":"D\u00e8s 18\u00a0h, les spectateurs sont convi\u00e9s \u00e0 un ap\u00e9ritif, avant de s\u2019immerger dans une soir\u00e9e o\u00f9 le rythme&hellip;\n","protected":false},"author":2,"featured_media":114569,"comment_status":"","ping_status":"","sticky":false,"template":"","format":"standard","meta":{"footnotes":""},"categories":[2820],"tags":[1111,11,1687,2880,1777,674,107,1011,27,775,12,25,104,3140,640,2879,1631],"class_list":{"0":"post-114568","1":"post","2":"type-post","3":"status-publish","4":"format-standard","5":"has-post-thumbnail","7":"category-strasbourg","8":"tag-actu","9":"tag-actualites","10":"tag-culture-loisirs","11":"tag-edition-strasbourg","12":"tag-eu","13":"tag-europe","14":"tag-fil-info","15":"tag-fr","16":"tag-france","17":"tag-grand-est","18":"tag-news","19":"tag-republique-francaise","20":"tag-societe","21":"tag-spectacle","22":"tag-strasbourg","23":"tag-strasbourg-ville","24":"tag-vie-associative"},"share_on_mastodon":{"url":"https:\/\/pubeurope.com\/@fr\/114540761830738120","error":""},"_links":{"self":[{"href":"https:\/\/www.europesays.com\/fr\/wp-json\/wp\/v2\/posts\/114568","targetHints":{"allow":["GET"]}}],"collection":[{"href":"https:\/\/www.europesays.com\/fr\/wp-json\/wp\/v2\/posts"}],"about":[{"href":"https:\/\/www.europesays.com\/fr\/wp-json\/wp\/v2\/types\/post"}],"author":[{"embeddable":true,"href":"https:\/\/www.europesays.com\/fr\/wp-json\/wp\/v2\/users\/2"}],"replies":[{"embeddable":true,"href":"https:\/\/www.europesays.com\/fr\/wp-json\/wp\/v2\/comments?post=114568"}],"version-history":[{"count":0,"href":"https:\/\/www.europesays.com\/fr\/wp-json\/wp\/v2\/posts\/114568\/revisions"}],"wp:featuredmedia":[{"embeddable":true,"href":"https:\/\/www.europesays.com\/fr\/wp-json\/wp\/v2\/media\/114569"}],"wp:attachment":[{"href":"https:\/\/www.europesays.com\/fr\/wp-json\/wp\/v2\/media?parent=114568"}],"wp:term":[{"taxonomy":"category","embeddable":true,"href":"https:\/\/www.europesays.com\/fr\/wp-json\/wp\/v2\/categories?post=114568"},{"taxonomy":"post_tag","embeddable":true,"href":"https:\/\/www.europesays.com\/fr\/wp-json\/wp\/v2\/tags?post=114568"}],"curies":[{"name":"wp","href":"https:\/\/api.w.org\/{rel}","templated":true}]}}