{"id":114570,"date":"2025-05-20T15:01:08","date_gmt":"2025-05-20T15:01:08","guid":{"rendered":"https:\/\/www.europesays.com\/fr\/114570\/"},"modified":"2025-05-20T15:01:08","modified_gmt":"2025-05-20T15:01:08","slug":"78e-festival-de-cannes-arrivee-compliquee-pour-nabilla-a-laeroport-de-nice-elle-perd-son-bagage-avec-sa-robe-pour-la-montee-des-marches","status":"publish","type":"post","link":"https:\/\/www.europesays.com\/fr\/114570\/","title":{"rendered":"78e Festival de Cannes: arriv\u00e9e compliqu\u00e9e pour Nabilla \u00e0 l&rsquo;a\u00e9roport de Nice, elle perd son bagage avec sa robe pour la mont\u00e9e des marches"},"content":{"rendered":"<p>Habitu\u00e9e du tapis rouge du Festival de Cannes, l&rsquo;influenceuse et ex-starlette de t\u00e9l\u00e9r\u00e9alit\u00e9<strong> Nabilla Benattia<\/strong> est arriv\u00e9e ce mardi 20 mai \u00e0 l&rsquo;a\u00e9roport Nice C\u00f4te d&rsquo;Azur en milieu de journ\u00e9e.\u00a0<\/p>\n<p>Probl\u00e8me&#8230; Son transfert depuis les Emirats Arabe Unis, <strong>o\u00f9 elles r\u00e9sident depuis plusieurs ann\u00e9es n<\/strong>e s&rsquo;est pas vraiment pass\u00e9 comme pr\u00e9vu. Dans sa story et un<strong>e vid\u00e9o partag\u00e9e sur ses r\u00e9seaux sociaux,<\/strong> elle explique que sa valise a \u00e9t\u00e9 perdue pendant le voyage.\u00a0<\/p>\n<p>On peut lire dans sa story Instagram: \u00ab\u00a0POV: tu perds ta valise avec ta robe pour le festival de Cannes. Je vais dead\u00a0\u00bb. Et c&rsquo;est un v\u00e9ritable p\u00e9pin,<strong> \u00e0 deux jours du Gala de l&rsquo;Amfar<\/strong>, o\u00f9 Nabilla devrait faire une apparition.<\/p>\n<p>L&rsquo;\u00e9v\u00e9nement organis\u00e9 chaque ann\u00e9e par Carine Roitfield est au profit de la recherche contre le VIH. <a href=\"https:\/\/www.nicematin.com\/people\/gala-de-l-amfar-commentle-cap-eden-roc-se-prepare--922799\" target=\"_blank\" rel=\"noopener\">L&rsquo;Amfar aura lieu ce jeudi 22 mai 2025 \u00e0 l&rsquo;h\u00f4tel du Cap-Eden-Rock.<\/a> Sont attendus pour chanter cette ann\u00e9e Ciara et Adam Lambert.\u00a0<\/p>\n<p>Le lien am\u00e8ne sur <strong>une vid\u00e9o publi\u00e9e sur son compte TikTok cette fois<\/strong>. L&rsquo;influenceuse aux\u00a0<strong>9,5 millions d&rsquo;abonn\u00e9s<\/strong> a expliqu\u00e9 \u00eatre avec les \u00e9quipes de L&rsquo;Or\u00e9al (qui l&rsquo;accompagnent), ainsi que celles de l&rsquo;a\u00e9roport de Nice, afin de retrouver la valise.\u00a0<\/p>\n<p><strong>\u00ab\u00a0Je ne sais pas si je dois rire ou pleurer\u00a0\u00bb<\/strong><\/p>\n<p>\u00ab\u00a0On croise les doigts\u00a0\u00bb: s&rsquo;exclame l&rsquo;une des personnes pr\u00e9sentes \u00e0 ses c\u00f4t\u00e9s.\u00a0<\/p>\n<p>\u00ab\u00a0Est-ce que vous savez qu&rsquo;il y a ma robe du festival dans la valise?\u00a0\u00bb explique-t-elle toujours souriante et avec une pointe d&rsquo;humour face \u00e0 la situation complexe.\u00a0<\/p>\n<p>Outre le Gala de l&rsquo;Amfar, Nabilla est attendue pour une mont\u00e9e des marches ce jeudi \u00e9galement.\u00a0<\/p>\n","protected":false},"excerpt":{"rendered":"Habitu\u00e9e du tapis rouge du Festival de Cannes, l&rsquo;influenceuse et ex-starlette de t\u00e9l\u00e9r\u00e9alit\u00e9 Nabilla Benattia est arriv\u00e9e ce&hellip;\n","protected":false},"author":2,"featured_media":114571,"comment_status":"","ping_status":"","sticky":false,"template":"","format":"standard","meta":{"footnotes":""},"categories":[2819],"tags":[1111,11,1777,674,5634,1011,27,12,2401,882,25],"class_list":{"0":"post-114570","1":"post","2":"type-post","3":"status-publish","4":"format-standard","5":"has-post-thumbnail","7":"category-nice","8":"tag-actu","9":"tag-actualites","10":"tag-eu","11":"tag-europe","12":"tag-festival-de-cannes","13":"tag-fr","14":"tag-france","15":"tag-news","16":"tag-nice","17":"tag-provence-alpes-cote-dazur","18":"tag-republique-francaise"},"share_on_mastodon":{"url":"https:\/\/pubeurope.com\/@fr\/114540766011492384","error":""},"_links":{"self":[{"href":"https:\/\/www.europesays.com\/fr\/wp-json\/wp\/v2\/posts\/114570","targetHints":{"allow":["GET"]}}],"collection":[{"href":"https:\/\/www.europesays.com\/fr\/wp-json\/wp\/v2\/posts"}],"about":[{"href":"https:\/\/www.europesays.com\/fr\/wp-json\/wp\/v2\/types\/post"}],"author":[{"embeddable":true,"href":"https:\/\/www.europesays.com\/fr\/wp-json\/wp\/v2\/users\/2"}],"replies":[{"embeddable":true,"href":"https:\/\/www.europesays.com\/fr\/wp-json\/wp\/v2\/comments?post=114570"}],"version-history":[{"count":0,"href":"https:\/\/www.europesays.com\/fr\/wp-json\/wp\/v2\/posts\/114570\/revisions"}],"wp:featuredmedia":[{"embeddable":true,"href":"https:\/\/www.europesays.com\/fr\/wp-json\/wp\/v2\/media\/114571"}],"wp:attachment":[{"href":"https:\/\/www.europesays.com\/fr\/wp-json\/wp\/v2\/media?parent=114570"}],"wp:term":[{"taxonomy":"category","embeddable":true,"href":"https:\/\/www.europesays.com\/fr\/wp-json\/wp\/v2\/categories?post=114570"},{"taxonomy":"post_tag","embeddable":true,"href":"https:\/\/www.europesays.com\/fr\/wp-json\/wp\/v2\/tags?post=114570"}],"curies":[{"name":"wp","href":"https:\/\/api.w.org\/{rel}","templated":true}]}}