{"id":114581,"date":"2025-05-20T15:07:11","date_gmt":"2025-05-20T15:07:11","guid":{"rendered":"https:\/\/www.europesays.com\/fr\/114581\/"},"modified":"2025-05-20T15:07:11","modified_gmt":"2025-05-20T15:07:11","slug":"le-rotary-club-tlse-et-frontonnais-offre-un-cheque-de-21000e-a-liuct-oncopole-haute-garonne-fronton","status":"publish","type":"post","link":"https:\/\/www.europesays.com\/fr\/114581\/","title":{"rendered":"Le Rotary Club Tlse-et-Frontonnais offre un ch\u00e8que de 21000\u20ac \u00e0 l\u2019IUCT-Oncopole &#8211; Haute Garonne &#8211; Fronton"},"content":{"rendered":"<p align=\"justify\"><strong>Le 6 mai dernier, le Rotary Club Toulouse-et-Frontonnais, pr\u00e9sid\u00e9 par Carry Benning, a remis un ch\u00e8que de 21000\u20ac \u00e0 l\u2019IUCT-Oncopole pour soutenir la recherche.<\/strong><\/p>\n<p align=\"justify\">Une soir\u00e9e exceptionnelle qui a d\u00e9but\u00e9 par la visite des services de radioth\u00e9rapie et pharmacie, offerte aux personnes mobilis\u00e9es, depuis des mois, dans le pliage et la confection des guirlandes \u00ab porte-bonheur \u00bb, aux-c\u00f4t\u00e9s des membres du club. Des associations amies, clubs du 3\u00e8me \u00e2ge dont l\u2019association \u00ab Les Petits Lutins de Bazus \u00bb, qui ont ensuite rejoint le public nombreux, pr\u00e8s de 170 personnes, dans l\u2019amphith\u00e9\u00e2tre de l&rsquo;Oncopole. Dans celui-ci \u00e9tait install\u00e9e une superbe guirlande g\u00e9ante, confectionn\u00e9e par Carry Benning. Apr\u00e8s une introduction sur le Rotary, les remerciements \u00e0 l\u2019attention de Mesdames Claire Genety, directrice g\u00e9n\u00e9rale adjointe du Centre Claudius Regaud \u2013 Oncopole, Fleur de Lempdes, directrice de la communication et du m\u00e9c\u00e9nat ainsi qu\u2019\u00e0 l\u2019ensemble de leurs collaborateurs, pour leur accueil, l&rsquo;\u00e9quipe de chercheurs, de renom, a \u00e9t\u00e9 invit\u00e9e \u00e0 prendre \u00e0 tour de r\u00f4le la parole. Le Dr Camille Franchet (anatomopathologiste et membre du comit\u00e9 s\u00e9nologie IUCT-Oncopole), Mme Muriel Poublanc (Directrice de la Recherche Clinique et Innovation Oncopole Claudius Regaud, Responsable de \u00ab CT* Homecare \u00bb), le Professeur Maha Ayyoub (co-directrice de l\u2019\u00e9quipe T2i \u00ab Immunit\u00e9 Anti-tumorale et Immunoth\u00e9rapie \u00bb au Centre de Recherches en Canc\u00e9rologie de Toulouse (CRCT)), le Dr Christel Devaud (chercheuse et membre de l\u2019\u00e9quipe \u00ab Immunit\u00e9 anti-tumorale et immunoth\u00e9rapie \u00bb au Centre de Recherches en Canc\u00e9rologie de Toulouse (CRCT)) ainsi que Virginie Feliu (Ing\u00e9nieur de recherche), ont abord\u00e9 diff\u00e9rents th\u00e8mes, les processus, les programmes en cours ainsi que les nouvelles pistes de recherche (deux reportages r\u00e9alis\u00e9s au sein de l\u2019\u00e9tablissement ont \u00e9t\u00e9 diffus\u00e9s).<\/p>\n<p align=\"justify\">Isabelle Arnaud-Roy, Directrice adjointe de l&rsquo;Orchestre et de l&rsquo;Op\u00e9ra du Capitole, marraine de la Soir\u00e9e, a apport\u00e9 un t\u00e9moignage fort et inspirant de son parcours, de son engagement : \u00ab\u00a0Face au Cancer, seul le travail peut sauver de la chute\u00a0\u00bb. \u00ab\u00a0Qui pliera 1000 grues verra son v\u0153u exauc\u00e9\u00a0\u00bb comme aime \u00e0 le rappeler Carry. Anim\u00e9e par cette l\u00e9gende japonaise, elle a attest\u00e9 de l&rsquo;utilit\u00e9 de pratiquer une activit\u00e9 manuelle, cr\u00e9ative pour faire face aux traitements.<\/p>\n<p align=\"justify\">Le moment fort de la soir\u00e9e : la remise d&rsquo;un ch\u00e8que d\u2019un montant de 21 000\u20ac ! Claire Genety, directrice adjointe de l\u2019Onconpole, a adress\u00e9 ses plus vifs et chaleureux remerciements au Rotary Club Toulouse-et-Frontonnais, \u00e0 sa pr\u00e9sidente, \u00e0 l&rsquo;ensemble des participants, en son nom, en celui de l\u2019Oncopole et du Professeur Jean-Pierre Delord, pour ce don; cette \u00ab formidable dynamique n\u00e9e d&rsquo;une d\u2019une initiative priv\u00e9e. Le financement ira directement au soutien de la recherche pour les patients, \u00e0 l\u2019Oncopole \u00bb.<\/p>\n<p align=\"justify\">Etaient pr\u00e9sents Messieurs Christophe Alves, maire adjoint, au maire en charge des Affaires Sociales, du Handicap et de la Vie Associative, repr\u00e9sentant Jean-Luc Moudenc et Bertrand Serp, vice-pr\u00e9sident de Toulouse M\u00e9tropole; Madame Marie-Caroline Laffont, Gouverneur Inner-Wheel District 154; Rapha\u00ebl Piccin et son \u00e9quipe de l\u2019agence Picsprod.<\/p>\n<p align=\"justify\">Enfin, 7 rotaractiens du Rotaract de Toulouse, dont Louay Bakkour le pr\u00e9sident; Marion Biez, Miss Beaut\u00e9 Midi-Pyr\u00e9n\u00e9es 2024-2025 (venue de Tarbes pour assister \u00e0 cet \u00e9v\u00e9nement qui lui tenait \u00e0 coeur), et Margot Jaslier, demi-finaliste Miss Beaut\u00e9 Midi-Pyr\u00e9n\u00e9es 2024-2025, ont apport\u00e9 une aide pr\u00e9cieuse en accueillant le public lors de cette incroyable soir\u00e9e. Un grand merci \u00e0 eux !<\/p>\n","protected":false},"excerpt":{"rendered":"Le 6 mai dernier, le Rotary Club Toulouse-et-Frontonnais, pr\u00e9sid\u00e9 par Carry Benning, a remis un ch\u00e8que de 21000\u20ac&hellip;\n","protected":false},"author":2,"featured_media":114582,"comment_status":"","ping_status":"","sticky":false,"template":"","format":"standard","meta":{"footnotes":""},"categories":[2816],"tags":[1111,11,1777,674,1011,27,12,2680,301,25,2312],"class_list":{"0":"post-114581","1":"post","2":"type-post","3":"status-publish","4":"format-standard","5":"has-post-thumbnail","7":"category-toulouse","8":"tag-actu","9":"tag-actualites","10":"tag-eu","11":"tag-europe","12":"tag-fr","13":"tag-france","14":"tag-news","15":"tag-occitanie","16":"tag-premium","17":"tag-republique-francaise","18":"tag-toulouse"},"share_on_mastodon":{"url":"https:\/\/pubeurope.com\/@fr\/114540789490881053","error":""},"_links":{"self":[{"href":"https:\/\/www.europesays.com\/fr\/wp-json\/wp\/v2\/posts\/114581","targetHints":{"allow":["GET"]}}],"collection":[{"href":"https:\/\/www.europesays.com\/fr\/wp-json\/wp\/v2\/posts"}],"about":[{"href":"https:\/\/www.europesays.com\/fr\/wp-json\/wp\/v2\/types\/post"}],"author":[{"embeddable":true,"href":"https:\/\/www.europesays.com\/fr\/wp-json\/wp\/v2\/users\/2"}],"replies":[{"embeddable":true,"href":"https:\/\/www.europesays.com\/fr\/wp-json\/wp\/v2\/comments?post=114581"}],"version-history":[{"count":0,"href":"https:\/\/www.europesays.com\/fr\/wp-json\/wp\/v2\/posts\/114581\/revisions"}],"wp:featuredmedia":[{"embeddable":true,"href":"https:\/\/www.europesays.com\/fr\/wp-json\/wp\/v2\/media\/114582"}],"wp:attachment":[{"href":"https:\/\/www.europesays.com\/fr\/wp-json\/wp\/v2\/media?parent=114581"}],"wp:term":[{"taxonomy":"category","embeddable":true,"href":"https:\/\/www.europesays.com\/fr\/wp-json\/wp\/v2\/categories?post=114581"},{"taxonomy":"post_tag","embeddable":true,"href":"https:\/\/www.europesays.com\/fr\/wp-json\/wp\/v2\/tags?post=114581"}],"curies":[{"name":"wp","href":"https:\/\/api.w.org\/{rel}","templated":true}]}}