{"id":114585,"date":"2025-05-20T15:09:12","date_gmt":"2025-05-20T15:09:12","guid":{"rendered":"https:\/\/www.europesays.com\/fr\/114585\/"},"modified":"2025-05-20T15:09:12","modified_gmt":"2025-05-20T15:09:12","slug":"ce-que-le-public-lillois-a-fait-on-ne-la-jamais-vu-ailleurs","status":"publish","type":"post","link":"https:\/\/www.europesays.com\/fr\/114585\/","title":{"rendered":"\u00ab Ce que le public lillois a fait, on ne l\u2019a jamais vu ailleurs \u00bb"},"content":{"rendered":"<p>            Par<br \/>\n        <strong><br \/>\n            <a href=\"https:\/\/actu.fr\/auteur\/amandine-vachez\" title=\"Consulter tous les articles de Amandine Vachez\" rel=\"nofollow noopener\" target=\"_blank\">Amandine Vachez<\/a><br \/>\n        <\/strong><\/p>\n<p>        Publi\u00e9 le<\/p>\n<p>            20 mai 2025 \u00e0 16h36        <\/p>\n<p>La troupe est de retour \u00e0 <a href=\"https:\/\/actu.fr\/lille\/\" rel=\"nofollow noopener\" target=\"_blank\">Lille<\/a> (Nord), dans le cadre de la <b>\u00ab\u2009derni\u00e8re saison\u2009\u00bb de<\/b><b>s Franglaises<\/b> (la 12e tourn\u00e9e\u2009!). <b>Deux dates sont pr\u00e9vues au th\u00e9\u00e2tre S\u00e9bastopol<\/b>, les<b> 30 et 31\u00a0mai 2025.<\/b> L\u2019occasion de passer un bon moment, devant un <a href=\"https:\/\/actu.fr\/tag\/spectacles\" rel=\"nofollow noopener\" target=\"_blank\">spectacle<\/a> dont le succ\u00e8s ne se d\u00e9ment pas. <b>Ayouba Ali, membre de la troupe<\/b> depuis 2019, est fier de participer \u00e0 une si <b>belle aventure humaine<\/b>, qui a eu son lot de moments forts, notamment \u00e0 <b>Lille<\/b>, o\u00f9 le public a fait ce que la troupe n\u2019a jamais vu ailleurs.<\/p>\n<p>Un spectacle qui attire toujours les foules, 15\u00a0ans apr\u00e8s ses d\u00e9buts<\/p>\n<p class=\" wall-content\">Ayouba Ali, qui joue le r\u00f4le de Cassius, a connu plusieurs tourn\u00e9es au sein de la troupe des Franglaises, depuis la reprise sur les routes en 2021 apr\u00e8s la pause Covid. Lui qui \u00e9volue au milieu des 12 interpr\u00e8tes sur sc\u00e8ne, nous parle de ce spectacle qui s\u00e9duit toujours autant les foules, 15\u00a0ans apr\u00e8s ses d\u00e9buts. Il a notamment re\u00e7u le Moli\u00e8re du meilleur spectacle musical en 2015 et le Troph\u00e9e du public de la meilleure com\u00e9die musicale en 2022\u2009!<\/p>\n<p>Notre \u00e9change avec un des artistes de la troupe<\/p>\n<p class=\" wall-content\"><b>Lille actu\u2009: Dans cette nouvelle version du spectacle, y a-t-il eu de nombreux changements\u2009? D\u2019une tourn\u00e9e \u00e0 l\u2019autre, quelles sont les adaptations\u2009?<\/b><\/p>\n<p class=\" wall-content\"><b>Ayouba Ali\u2009: <\/b>Depuis le d\u00e9but du projet, qui date de 2009, il y a eu beaucoup d\u2019\u00e9volutions. Depuis que je suis dans la troupe, on a fait des ajustements de mise en sc\u00e8ne, de chansons. C\u2019est assez l\u00e9ger, mais \u00e7a nous permet d\u2019avoir de nouveaux \u00e9lans, de nous remettre en danger en tant qu\u2019artiste, et aussi de surprendre le public\u2009!<\/p>\n<p class=\" wall-content\"><b>Le spectacle commence avec un blind-test, si j\u2019ai bien compris. Comment cela se d\u00e9roule-t-il, du point de vue du spectateur\u2009?<\/b><\/p>\n<p class=\" wall-content\">Oui, c\u2019est \u00e7a. Au d\u00e9but, on invite \u00e0 deviner quels sont les titres et \u00e0 tester ses connaissances des paroles [Les Franglaises reprennent des titres anglosaxons pour les traduire, ce qui donne parfois des traductions cocasses, ndlr]. Parfois, ce n\u2019est pas ce qu\u2019on pensait. C\u2019est assez dr\u00f4le\u2009! Puis le spectateur est emmen\u00e9 un peu ailleurs, mais je ne vais pas en dire trop pour laisser la surprise.<\/p>\n<blockquote class=\"ac-article-quote wall-content\">\n<p>On prend soin d\u2019accueillir le public \u00e0 chaque repr\u00e9sentation, on a envie de communier avec lui.<\/p>\n<p>Ayouba Ali, membre de la troupe des Franglaises.<\/p><\/blockquote>\n<p class=\" wall-content\">\n<p class=\" wall-content\"><b>Sur sc\u00e8ne, il y a des chanteurs, des musiciens, des danseurs\u2026<\/b><\/p>\n<p class=\" wall-content\">Oui, \u00e7a va dans tous les sens\u2009! Mais c\u2019est tr\u00e8s ma\u00eetris\u00e9.<\/p>\n<p class=\" wall-content\"><b>Il est indiqu\u00e9 sur l\u2019affiche \u00ab\u2009derni\u00e8re saison\u2009\u00bb. C\u2019est donc l\u2019ultime tourn\u00e9e. C\u2019est s\u00fbr \u00e0 100\u2009%\u2009?<\/b><\/p>\n<p class=\" wall-content\">Rien n\u2019est jamais s\u00fbr, dans la vie (rires). Apr\u00e8s 15 saisons, des salles encore tr\u00e8s bien remplies et une vraie affection du public, qui est toujours l\u00e0, on se dit que c\u2019est un bon moment pour arr\u00eater. Mais \u00e7a ne veut pas dire que les gens ne nous reverront pas les uns, les autres, ou les uns avec les autres dans d\u2019autres projets.<\/p>\n<p>    <img   decoding=\"async\" loading=\"lazy\" class=\"size-large\" src=\"https:\/\/www.europesays.com\/fr\/wp-content\/uploads\/2025\/05\/372d9c422b286ab2d9c422b28cf2d9v-960x640.jpg\" alt=\"Le spectacle \u00e0 succ\u00e8s Les Franglaises revient \u00e0 Lille (Nord) pour deux dates, fin mai 2025.\" width=\"960\" height=\"640\"\/><br \/>\n    Le spectacle \u00e0 succ\u00e8s Les Franglaises revient \u00e0 Lille (Nord) pour deux dates, fin mai\u00a02025. \u00a9Kobayashi<\/p>\n<p class=\" wall-content\"><b>Ce sera peut-\u00eatre difficile de choisir, mais avez-vous un souvenir marquant, que vous souhaiteriez partager\u2009?<\/b><\/p>\n<p class=\" wall-content\">Oh la, il y en a beaucoup\u2009! J\u2019ai un souvenir r\u00e9cent. Samedi, nous \u00e9tions \u00e0 <a href=\"https:\/\/actu.fr\/nouvelle-aquitaine\/merignac_33281\" rel=\"nofollow noopener\" target=\"_blank\">M\u00e9rignac<\/a>, et le public nous a accueillis tellement fort\u2009! Nous-m\u00eames \u00e9tions tr\u00e8s \u00e9mus. Nous avons toujours un bel accueil, mais l\u00e0 c\u2019\u00e9tait particuli\u00e8rement fort.<\/p>\n<p class=\" wall-content\">J\u2019ai aussi un souvenir \u00e0 Lille\u2009! Nous avons fait une petite s\u00e9rie \u00e0 Lille, au S\u00e9basto il y a quelques temps. \u00c0 la fin du spectacle, des gens sont mont\u00e9s sur sc\u00e8ne\u2009! Et ils ont fait\u2026 la chenille\u2009! On n\u2019avait jamais vu \u00e7a ailleurs\u2009! (rires) On les a rejoints, \u00e9videmment\u2009! C\u2019\u00e9tait fou. Le public du Nord, il faut le dire, est tr\u00e8s chaleureux. Mais l\u00e0 c\u2019\u00e9tait une surprise totale.<\/p>\n<p class=\" wall-content\"><b>Eh oui, il n\u2019y a que chez nous qu\u2019on voit \u00e7a\u2009! Souhaitez-vous ajouter autre chose\u2009? Un petit mot pour la fin\u2009?<\/b><\/p>\n<p class=\" wall-content\">Oui, pour revenir au spectacle, ce qu\u2019on d\u00e9fend, c\u2019est la joie d\u2019\u00eatre ensemble. Les ann\u00e9es semblent montrer que cette joie est communicative, \u00e7a fait du bien d\u2019\u00eatre ensemble, dans les temps que l\u2019on vit.<\/p>\n<p class=\" wall-content\">Suivez toute l\u2019actualit\u00e9 de vos villes et m\u00e9dias favoris en vous inscrivant \u00e0 <a href=\"https:\/\/moncompte.actu.fr\" title=\"D\u00e9couvez Mon Actu\" rel=\"nofollow noopener\" data-trk=\"{&quot;cta&quot;:{&quot;action&quot;:&quot;https:\\\/\\\/moncompte.actu.fr&quot;,&quot;category&quot;:&quot;mon compte&quot;,&quot;from&quot;:&quot;article footer&quot;,&quot;name&quot;:&quot;Mon actu&quot;,&quot;type&quot;:&quot;cta&quot;}}\" target=\"_blank\">Mon Actu<\/a>.<\/p>\n","protected":false},"excerpt":{"rendered":"Par Amandine Vachez Publi\u00e9 le 20 mai 2025 \u00e0 16h36 La troupe est de retour \u00e0 Lille (Nord),&hellip;\n","protected":false},"author":2,"featured_media":114586,"comment_status":"","ping_status":"","sticky":false,"template":"","format":"standard","meta":{"footnotes":""},"categories":[2815],"tags":[1111,11,1697,1777,674,1011,27,811,1307,1652,873,12,25,853],"class_list":{"0":"post-114585","1":"post","2":"type-post","3":"status-publish","4":"format-standard","5":"has-post-thumbnail","7":"category-lille","8":"tag-actu","9":"tag-actualites","10":"tag-concert","11":"tag-eu","12":"tag-europe","13":"tag-fr","14":"tag-france","15":"tag-hauts-de-france","16":"tag-lille","17":"tag-loisirs-culture","18":"tag-musique","19":"tag-news","20":"tag-republique-francaise","21":"tag-spectacles"},"share_on_mastodon":{"url":"https:\/\/pubeurope.com\/@fr\/114540797235222931","error":""},"_links":{"self":[{"href":"https:\/\/www.europesays.com\/fr\/wp-json\/wp\/v2\/posts\/114585","targetHints":{"allow":["GET"]}}],"collection":[{"href":"https:\/\/www.europesays.com\/fr\/wp-json\/wp\/v2\/posts"}],"about":[{"href":"https:\/\/www.europesays.com\/fr\/wp-json\/wp\/v2\/types\/post"}],"author":[{"embeddable":true,"href":"https:\/\/www.europesays.com\/fr\/wp-json\/wp\/v2\/users\/2"}],"replies":[{"embeddable":true,"href":"https:\/\/www.europesays.com\/fr\/wp-json\/wp\/v2\/comments?post=114585"}],"version-history":[{"count":0,"href":"https:\/\/www.europesays.com\/fr\/wp-json\/wp\/v2\/posts\/114585\/revisions"}],"wp:featuredmedia":[{"embeddable":true,"href":"https:\/\/www.europesays.com\/fr\/wp-json\/wp\/v2\/media\/114586"}],"wp:attachment":[{"href":"https:\/\/www.europesays.com\/fr\/wp-json\/wp\/v2\/media?parent=114585"}],"wp:term":[{"taxonomy":"category","embeddable":true,"href":"https:\/\/www.europesays.com\/fr\/wp-json\/wp\/v2\/categories?post=114585"},{"taxonomy":"post_tag","embeddable":true,"href":"https:\/\/www.europesays.com\/fr\/wp-json\/wp\/v2\/tags?post=114585"}],"curies":[{"name":"wp","href":"https:\/\/api.w.org\/{rel}","templated":true}]}}