{"id":1145868,"date":"2026-08-24T11:36:12","date_gmt":"2026-08-24T11:36:12","guid":{"rendered":"https:\/\/www.europesays.com\/fr\/1145868\/"},"modified":"2026-08-24T11:36:12","modified_gmt":"2026-08-24T11:36:12","slug":"grenoble-un-homme-de-79-ans-interpelle-apres-avoir-menace-son-voisin-avec-un-fusil","status":"publish","type":"post","link":"https:\/\/www.europesays.com\/fr\/1145868\/","title":{"rendered":"Grenoble : un homme de 79 ans interpell\u00e9 apr\u00e8s avoir menac\u00e9 son voisin avec un fusil"},"content":{"rendered":"<p itemprop=\"description\"><strong>Un diff\u00e9rend entre voisins a d\u00e9g\u00e9n\u00e9r\u00e9 dimanche soir \u00e0 Grenoble. Un homme de 79 ans est soup\u00e7onn\u00e9 d\u2019avoir menac\u00e9 un habitant de son immeuble avec un fusil de chasse.<\/strong><\/p>\n<p>Les policiers sont intervenus dimanche 23 ao\u00fbt vers 20h30 rue du Commandant-Gilot, \u00e0 Grenoble, apr\u00e8s une altercation entre deux voisins.<\/p>\n<p>L\u2019un des habitants a expliqu\u00e9 avoir \u00e9t\u00e9 menac\u00e9 avec un fusil de chasse par un homme de 79 ans, au cours d\u2019un \u00e9change verbal particuli\u00e8rement tendu. Le motif du diff\u00e9rend reste inconnu.<\/p>\n<p>Un \u00e9quipage de la brigade anticriminalit\u00e9 a \u00e9t\u00e9 envoy\u00e9 sur place pour proc\u00e9der aux v\u00e9rifications dans l\u2019immeuble.<\/p>\n<p>Le septuag\u00e9naire est finalement sorti de son logement de lui-m\u00eame. Il a pu \u00eatre interpell\u00e9 sans incident.<\/p>\n","protected":false},"excerpt":{"rendered":"Un diff\u00e9rend entre voisins a d\u00e9g\u00e9n\u00e9r\u00e9 dimanche soir \u00e0 Grenoble. Un homme de 79 ans est soup\u00e7onn\u00e9 d\u2019avoir&hellip;\n","protected":false},"author":2,"featured_media":1145869,"comment_status":"","ping_status":"","sticky":false,"template":"","format":"standard","meta":{"footnotes":"","_share_on_mastodon":"0"},"categories":[9566],"tags":[1111,11,2813,2430,1109,251,1112,2811,1777,674,118,1011,27,21780,2731,14004,1922,1110,1114,108,12,316,25,2812,517,800],"class_list":["post-1145868","post","type-post","status-publish","format-standard","has-post-thumbnail","category-grenoble","tag-actu","tag-actualites","tag-article","tag-auvergne-rhone-alpes","tag-breves","tag-culture","tag-depeches","tag-economique","tag-eu","tag-europe","tag-faits-divers","tag-fr","tag-france","tag-gf38","tag-grenoble","tag-grenoblemag","tag-info","tag-informations","tag-infos","tag-isere","tag-news","tag-politique","tag-republique-francaise","tag-sociale","tag-sport","tag-transports"],"share_on_mastodon":{"url":"https:\/\/pubeurope.com\/@fr\/117150285068971125","error":""},"_links":{"self":[{"href":"https:\/\/www.europesays.com\/fr\/wp-json\/wp\/v2\/posts\/1145868","targetHints":{"allow":["GET"]}}],"collection":[{"href":"https:\/\/www.europesays.com\/fr\/wp-json\/wp\/v2\/posts"}],"about":[{"href":"https:\/\/www.europesays.com\/fr\/wp-json\/wp\/v2\/types\/post"}],"author":[{"embeddable":true,"href":"https:\/\/www.europesays.com\/fr\/wp-json\/wp\/v2\/users\/2"}],"replies":[{"embeddable":true,"href":"https:\/\/www.europesays.com\/fr\/wp-json\/wp\/v2\/comments?post=1145868"}],"version-history":[{"count":0,"href":"https:\/\/www.europesays.com\/fr\/wp-json\/wp\/v2\/posts\/1145868\/revisions"}],"wp:featuredmedia":[{"embeddable":true,"href":"https:\/\/www.europesays.com\/fr\/wp-json\/wp\/v2\/media\/1145869"}],"wp:attachment":[{"href":"https:\/\/www.europesays.com\/fr\/wp-json\/wp\/v2\/media?parent=1145868"}],"wp:term":[{"taxonomy":"category","embeddable":true,"href":"https:\/\/www.europesays.com\/fr\/wp-json\/wp\/v2\/categories?post=1145868"},{"taxonomy":"post_tag","embeddable":true,"href":"https:\/\/www.europesays.com\/fr\/wp-json\/wp\/v2\/tags?post=1145868"}],"curies":[{"name":"wp","href":"https:\/\/api.w.org\/{rel}","templated":true}]}}