{"id":11460,"date":"2025-04-09T00:41:23","date_gmt":"2025-04-09T00:41:23","guid":{"rendered":"https:\/\/www.europesays.com\/fr\/11460\/"},"modified":"2025-04-09T00:41:23","modified_gmt":"2025-04-09T00:41:23","slug":"metropole-de-lyon-un-jeune-homme-tue-de-plusieurs-balles-dans-la-tete-sur-un-point-de-deal-a-vaulx-en-velin","status":"publish","type":"post","link":"https:\/\/www.europesays.com\/fr\/11460\/","title":{"rendered":"M\u00e9tropole de Lyon. Un jeune homme tu\u00e9 de plusieurs balles dans la t\u00eate sur un point de deal \u00e0 Vaulx-en-Velin"},"content":{"rendered":"<p><strong>Retrouvez notre reportage complet <a href=\"https:\/\/www.leprogres.fr\/faits-divers-justice\/2025\/04\/07\/tue-par-balles-a-vaulx-en-velin-ce-jeune-etait-toujours-la-assis-sur-une-chaise-a-attendre-des-clients\" target=\"_blank\" rel=\"noopener\">\u00e0 lire ici<\/a><\/strong><\/p>\n<p>La guerre entre trafiquants de drogue a fait une nouvelle victime dans la r\u00e9gion lyonnaise. Ce lundi 7\u00a0avril vers 13 heures, un jeune homme a \u00e9t\u00e9 abattu sur un point de deal, 3 chemin de Barques \u00e0 Vaulx-en-Velin, selon une information de <a href=\"https:\/\/www.bfmtv.com\/lyon\/info-bfm-lyon-un-mineur-tue-par-balle-a-vaulx-en-velin_AN-202504070535.html\" target=\"_blank\" rel=\"noopener\">BFM Lyon<\/a> confirm\u00e9e au Progr\u00e8s par une source s\u00e9curitaire.<\/p>\n<p>  Un \u00ab\u00a0charbonneur\u00a0\u00bb de 19 ans<\/p>\n<p>L&rsquo;identit\u00e9 de la victime reste \u00e0 confirmer. Selon nos sources, il s&rsquo;agit d&rsquo;un jeune majeur de 19 ans. Contrairement \u00e0 ce que nous indiquions dans les premiers instants apr\u00e8s le drame, la victime\u00a0n&rsquo;est pas un mineur \u00e2g\u00e9 de 15 ans.\u00a0<\/p>\n<p>Il s&rsquo;agirait d&rsquo;un \u00ab\u00a0charbonneur\u00a0\u00bb charg\u00e9 de la vente de stup\u00e9fiants sur ce point de deal, qui avait \u00e9t\u00e9 d\u00e9mantel\u00e9 par la DIPN (direction interd\u00e9partementale de la police nationale) puis ouvert \u00e0 nouveau par les dealers.<\/p>\n<p>  Guerre de territoire<\/p>\n<p>Selon les informations du Progr\u00e8s, ce meurtre s\u2019inscrit dans le cadre d\u2019 <a href=\"https:\/\/www.leprogres.fr\/faits-divers-justice\/2023\/02\/03\/un-meurtre-en-lien-avec-le-point-de-deal-pres-des-lieux-de-l-incendie-mortel-de-vaulx-en-velin\" target=\"_blank\" rel=\"noopener\">une guerre de territoire<\/a> qui a fait plusieurs victimes dans le secteur du chemin des Barques.<\/p>\n<p>Dans des circonstances qui restent \u00e0 pr\u00e9ciser, le jeune charbonneur a \u00e9t\u00e9 la cible de plusieurs coups de feu \u00e0 la t\u00eate, provenant d\u2019une arme de poing. Malgr\u00e9 l\u2019intervention rapide des secours, il n\u2019a pas pu \u00eatre ranim\u00e9. Le p\u00e9rim\u00e8tre a \u00e9t\u00e9 rapidement boucl\u00e9 par la police et, par pr\u00e9caution, l\u2019\u00e9cole Ang\u00e9lina Courcelles, proche de la sc\u00e8ne de crime, a \u00e9t\u00e9 confin\u00e9e entre 13 et 14 heures.<\/p>\n<p>Le pr\u00e9fet d\u00e9l\u00e9gu\u00e9 \u00e0 la s\u00e9curit\u00e9, la maire de Vaulx-en-Velin <a href=\"https:\/\/www.leprogres.fr\/p\/helene-geoffroy\" target=\"_blank\" rel=\"noopener\">H\u00e9l\u00e8ne Geoffroy<\/a> et un repr\u00e9sentant du parquet se sont rendus sur place, o\u00f9 l\u2019\u00e9motion et la tension \u00e9taient vives.<\/p>\n<p>\u00ab C&rsquo;est choquant \u00bb<\/p>\n<p>\u00ab Les coups de feu, on les a tous entendus \u00bb, raconte \u00e0 l&rsquo;AFP un p\u00e8re de famille de 29 ans, qui venait de d\u00e9poser ses enfants \u00e0 l&rsquo;\u00e9cole et pr\u00e9f\u00e8re rester anonyme.<\/p>\n<p>\u00ab C&rsquo;est choquant \u00bb, poursuit cet homme en \u00e9voquant le risque de traumatismes pour les t\u00e9moins de la fusillade mais aussi le danger des \u00ab balles perdues \u00bb: \u00ab C&rsquo;est fortement possible si (le tireur) rate sa cible que \u00e7a atterrisse sur une autre personne&#8230; \u00bb<\/p>\n<p>\u00ab Ici, il y a des trafics, ce qui s\u2019est pass\u00e9 est li\u00e9 \u00e0 des guerres de gangs \u00bb, a confirm\u00e9 \u00e0 la presse le pr\u00e9fet d\u00e9l\u00e9gu\u00e9 \u00e0 la s\u00e9curit\u00e9 Antoine Gu\u00e9rin, qui s&rsquo;est rendu sur place dans l&rsquo;apr\u00e8s-midi.\u00a0 Une cellule psychologique a \u00e9t\u00e9 mise en place et des renforts policiers sont pr\u00e9vus dans le quartier, selon la mairie.<\/p>\n<p>Hakim, 36 ans, habite un des immeubles \u00e0 proximit\u00e9. Selon lui, le quartier \u00e9tait \u00ab calme \u00bb depuis \u00ab deux ou trois ans \u00bb. \u00ab D&rsquo;habitude, ici, normalement, c&rsquo;est rose, on va dire. Les mamans, elles sont assises l\u00e0. Elles sont tous ensemble pos\u00e9es ici avec leurs enfants \u00bb, dit-il. \u00ab Et l\u00e0, \u00e7a recommence. \u00bb<\/p>\n","protected":false},"excerpt":{"rendered":"Retrouvez notre reportage complet \u00e0 lire ici La guerre entre trafiquants de drogue a fait une nouvelle victime&hellip;\n","protected":false},"author":2,"featured_media":11461,"comment_status":"","ping_status":"","sticky":false,"template":"","format":"standard","meta":{"footnotes":""},"categories":[1889],"tags":[1111,11,2430,271,272,3152,1777,674,274,107,1011,27,2428,12,25,2429,5070,5449],"class_list":{"0":"post-11460","1":"post","2":"type-post","3":"status-publish","4":"format-standard","5":"has-post-thumbnail","7":"category-lyon","8":"tag-actu","9":"tag-actualites","10":"tag-auvergne-rhone-alpes","11":"tag-crime","12":"tag-delit-et-contravention","13":"tag-edition-est-lyonnais","14":"tag-eu","15":"tag-europe","16":"tag-faits-divers-justice","17":"tag-fil-info","18":"tag-fr","19":"tag-france","20":"tag-lyon","21":"tag-news","22":"tag-republique-francaise","23":"tag-rhone","24":"tag-vaulx-en-velin","25":"tag-vaulx-ville"},"share_on_mastodon":{"url":"https:\/\/pubeurope.com\/@fr\/114305229334728863","error":""},"_links":{"self":[{"href":"https:\/\/www.europesays.com\/fr\/wp-json\/wp\/v2\/posts\/11460","targetHints":{"allow":["GET"]}}],"collection":[{"href":"https:\/\/www.europesays.com\/fr\/wp-json\/wp\/v2\/posts"}],"about":[{"href":"https:\/\/www.europesays.com\/fr\/wp-json\/wp\/v2\/types\/post"}],"author":[{"embeddable":true,"href":"https:\/\/www.europesays.com\/fr\/wp-json\/wp\/v2\/users\/2"}],"replies":[{"embeddable":true,"href":"https:\/\/www.europesays.com\/fr\/wp-json\/wp\/v2\/comments?post=11460"}],"version-history":[{"count":0,"href":"https:\/\/www.europesays.com\/fr\/wp-json\/wp\/v2\/posts\/11460\/revisions"}],"wp:featuredmedia":[{"embeddable":true,"href":"https:\/\/www.europesays.com\/fr\/wp-json\/wp\/v2\/media\/11461"}],"wp:attachment":[{"href":"https:\/\/www.europesays.com\/fr\/wp-json\/wp\/v2\/media?parent=11460"}],"wp:term":[{"taxonomy":"category","embeddable":true,"href":"https:\/\/www.europesays.com\/fr\/wp-json\/wp\/v2\/categories?post=11460"},{"taxonomy":"post_tag","embeddable":true,"href":"https:\/\/www.europesays.com\/fr\/wp-json\/wp\/v2\/tags?post=11460"}],"curies":[{"name":"wp","href":"https:\/\/api.w.org\/{rel}","templated":true}]}}