{"id":114609,"date":"2025-05-20T15:21:09","date_gmt":"2025-05-20T15:21:09","guid":{"rendered":"https:\/\/www.europesays.com\/fr\/114609\/"},"modified":"2025-05-20T15:21:09","modified_gmt":"2025-05-20T15:21:09","slug":"lappel-des-deux-dirigeants-vu-de-letranger-lexpress","status":"publish","type":"post","link":"https:\/\/www.europesays.com\/fr\/114609\/","title":{"rendered":"l\u2019appel des deux dirigeants vu de l\u2019\u00e9tranger \u2013 L&rsquo;Express"},"content":{"rendered":"<p class=\"paragraph article-body-paragraph article__item   article-body-paragraph--first \">\u00ab\u00a0Trump a-t-il abandonn\u00e9 l\u2019Ukraine ?\u00a0\u00bb. C\u2019est la question que se pose <a href=\"https:\/\/www.ft.com\/content\/3af7c85c-b268-4e27-845d-8a521092ef7e\" target=\"_self\" rel=\"noopener\" title=\"https:\/\/www.ft.com\/content\/3af7c85c-b268-4e27-845d-8a521092ef7e\">le Financial Times<\/a>. Au lendemain d\u2019un appel t\u00e9l\u00e9phonique de deux heures et cinq minutes entre les chefs d\u2019Etat am\u00e9ricain et russe, les interrogations fusent. En annon\u00e7ant lundi 19 mai, \u00e0 l\u2019issue de l\u2019entretien, que \u00ab\u00a0la Russie et l\u2019Ukraine vont d\u00e9marrer imm\u00e9diatement des n\u00e9gociations en vue d\u2019un cessez-le-feu, et de mani\u00e8re plus importante, en vue d\u2019une fin \u00e0 la guerre\u00a0\u00bb, Donald Trump a confirm\u00e9 qu\u2019il avait fait marche arri\u00e8re pour obtenir un cessez-le-feu imm\u00e9diat en Ukraine.<\/p>\n<p class=\"paragraph article-body-paragraph article__item   \">\u00ab\u00a0L\u2019appel [\u2026] a surtout servi \u00e0 souligner \u00e0 quel point une telle avanc\u00e9e est encore loin d\u2019\u00eatre acquise\u00a0\u00bb, <a href=\"https:\/\/edition.cnn.com\/2025\/05\/20\/politics\/trump-putin-russia-ukraine-ceasefire-talks\" target=\"_self\" rel=\"noopener\" title=\"https:\/\/edition.cnn.com\/2025\/05\/20\/politics\/trump-putin-russia-ukraine-ceasefire-talks\">pointe CNN<\/a>. Un processus qui pourrait prendre plusieurs mois selon la cha\u00eene am\u00e9ricaine, qui d\u00e9nonce une \u00ab\u00a0ruse pour permettre \u00e0 la Russie d\u2019aller de l\u2019avant avec des offensives qui tuent des civils innocents\u00a0\u00bb.<\/p>\n<p>La Russie obtient \u00ab\u00a0l\u2019accord officiel\u00a0\u00bb de Donald Trump<\/p>\n<p class=\"paragraph article-body-paragraph article__item   \">Avant qu\u2019il n\u2019ait lieu, l\u2019appel entre Donald Trump et son homologue russe semblait pourtant marquer un tournant dans l\u2019implication des Am\u00e9ricains \u00e0 mettre fin \u00e0 la guerre. \u00ab\u00a0Je pense que cet appel sera couronn\u00e9 de succ\u00e8s\u00a0\u00bb, avait d\u00e9clar\u00e9 l\u2019envoy\u00e9 sp\u00e9cial du pr\u00e9sident Steve Witkoff sur ABC News la veille du rendez-vous. Deux jours plus tard, force est de constater que seul Vladimir Poutine en sort gagnant. Lundi, le dirigeant russe a clairement indiqu\u00e9, apr\u00e8s avoir \u00e9chang\u00e9 avec son homologue am\u00e9ricain, qu\u2019il ne changerait pas de position et que la Russie \u00e9tait uniquement \u00ab\u00a0pr\u00eate \u00e0 travailler avec la partie ukrainienne sur un m\u00e9morandum portant sur un \u00e9ventuel futur accord de paix\u00a0\u00bb. \u00ab\u00a0En clair, cela signifie que Poutine relie les n\u00e9gociations sur le cessez-le-feu aux n\u00e9gociations de paix dans leur ensemble, avec l\u2019accord d\u00e9sormais officiel de Trump\u00a0\u00bb, r\u00e9sume l\u2019<a href=\"https:\/\/www.zeit.de\/politik\/ausland\/2025-05\/donald-trump-wladimir-putin-telefonat-ukraine-krieg-wolodymyr-selenskyj\" target=\"_self\" rel=\"noopener\" title=\"https:\/\/www.zeit.de\/politik\/ausland\/2025-05\/donald-trump-wladimir-putin-telefonat-ukraine-krieg-wolodymyr-selenskyj\">hebdomadaire allemand Die Zeit<\/a>.<\/p>\n<p><strong class=\"article-body-link-list__item text-gray-800 article-body-link-list__item--one-item\">LIRE AUSSI : <a class=\"article-body-link-list__item-link\" href=\"https:\/\/www.lexpress.fr\/idees-et-debats\/pierre-vermeren-ce-nest-pas-mon-probleme-si-donald-trump-et-vladimir-poutine-sont-anti-woke-2AJKKQ4FM5CYJJLI2P63HLRLKY\/\" target=\"_blank\" rel=\"noreferrer noopener\">Pierre Vermeren : \u00ab\u00a0Ce n\u2019est pas mon probl\u00e8me si Donald Trump et Vladimir Poutine sont anti-woke\u00a0\u00bb<\/a><\/strong><\/p>\n<p class=\"paragraph article-body-paragraph article__item   \">\u00ab\u00a0On pourrait penser que ce genre d\u2019intransigeance de la part de la Russie le (Donald Trump, NDLR) mettrait en col\u00e8re. Mais non\u00a0\u00bb, <a href=\"https:\/\/www.washingtonpost.com\/opinions\/2025\/05\/19\/putin-ukraine-ceasefire-trump\/\" target=\"_self\" rel=\"noopener\" title=\"https:\/\/www.washingtonpost.com\/opinions\/2025\/05\/19\/putin-ukraine-ceasefire-trump\/\">\u00e9crit le Washington Post<\/a>. Le conseiller en politique \u00e9trang\u00e8re de Vladimir Poutine Yuri Ushakov, a m\u00eame d\u00e9clar\u00e9 que le ton de la conversation \u00e9tait si amical qu\u2019aucun des deux pr\u00e9sidents ne voulait \u00eatre le premier \u00e0 raccrocher le t\u00e9l\u00e9phone. \u00ab\u00a0L\u2019indignation de Donald Trump face \u00e0 l\u2019obstruction de Vladimir Poutine \u00e0 une solution juste \u00e0 la guerre en Ukraine a \u00e9t\u00e9 de courte dur\u00e9e\u00a0\u00bb, <a href=\"https:\/\/www.repubblica.it\/esteri\/2025\/05\/20\/news\/trump_putin_telefonata_guerra_ucraina_conseguenze-424380515\/?ref=RHLF-BG-P1-S4-T1-RIAPERTURA%7C\" target=\"_self\" rel=\"noopener\" title=\"https:\/\/www.repubblica.it\/esteri\/2025\/05\/20\/news\/trump_putin_telefonata_guerra_ucraina_conseguenze-424380515\/?ref=RHLF-BG-P1-S4-T1-RIAPERTURA%7C\">\u00e9crit La Repubblica<\/a>. \u00ab\u00a0Du moins, \u00e0 en juger par le ton presque triomphaliste avec lequel il a comment\u00e9 l\u2019appel t\u00e9l\u00e9phonique d\u2019hier avec son coll\u00e8gue du Kremlin\u00a0\u00bb, continue-t-elle.<\/p>\n<p class=\"paragraph article-body-paragraph article__item   \">Interrog\u00e9 par des journalistes lundi sur la raison pour laquelle Donald Trump n\u2019avait pas d\u00e9cid\u00e9 de nouvelles sanctions contre la Russie, celui-ci a simplement d\u00e9clar\u00e9 ne pas vouloir \u00ab\u00a0risquer d\u2019empirer les choses\u00a0\u00bb. Pour le Washington Post, cela ne fait aucun doute : \u00ab\u00a0Poutine m\u00e8ne Trump par le bout du nez, et ce dernier ne s\u2019en rend pas compte\u00a0\u00bb. Une manipulation qui pourrait briser les espoirs du pr\u00e9sident am\u00e9ricain de s\u2019imposer en tant que n\u00e9gociateur, <a href=\"https:\/\/www.letemps.ch\/monde\/apres-son-coup-de-fil-avec-vladimir-poutine-donald-trump-laisse-l-ukraine-et-la-russie-negocier-directement\" target=\"_self\" rel=\"noopener\" title=\"https:\/\/www.letemps.ch\/monde\/apres-son-coup-de-fil-avec-vladimir-poutine-donald-trump-laisse-l-ukraine-et-la-russie-negocier-directement\">d\u2019apr\u00e8s Le Temps<\/a>. \u00ab\u00a0Ses efforts diplomatiques se sont av\u00e9r\u00e9s bien plus compliqu\u00e9s que pr\u00e9vu et son r\u00eave d\u2019un Prix Nobel pour avoir r\u00e9gl\u00e9 l\u2019un des conflits les plus chauds de la plan\u00e8te est compromis\u00a0\u00bb, affirme le quotidien suisse.<\/p>\n<p>Les Etats-Unis reculent, l\u2019Europe s\u2019affole<\/p>\n<p class=\"paragraph article-body-paragraph article__item   \">Au-del\u00e0 de mettre en \u00e9vidence les lacunes de Donald Trump en mati\u00e8re de n\u00e9gociation, l\u2019entretien t\u00e9l\u00e9phonique a confirm\u00e9 les craintes des Europ\u00e9ens : \u00ab\u00a0que le pr\u00e9sident am\u00e9ricain, s\u00e9duit par Poutine, soit pr\u00eat \u00e0 pivoter vers Moscou et \u00e0 vendre Kiev\u00a0\u00bb, se d\u00e9sole le Financial Times. Apr\u00e8s son appel avec Vladimir Poutine, le chef d\u2019Etat am\u00e9ricain s\u2019est entretenu avec le pr\u00e9sident ukrainien, fran\u00e7ais, finlandais ainsi que le chancelier allemand, la Premi\u00e8re ministre italienne et la pr\u00e9sidente de l\u2019Union europ\u00e9enne. Selon le compte rendu officiel de cet entretien, \u00ab\u00a0les participants ont annonc\u00e9 qu\u2019ils allaient accro\u00eetre la pression sur la partie russe par le biais de sanctions\u00a0\u00bb, semblant sugg\u00e9rer une divergence d\u2019approche avec Washington.<\/p>\n<p><strong class=\"article-body-link-list__item text-gray-800 article-body-link-list__item--one-item\">LIRE AUSSI : <a class=\"article-body-link-list__item-link\" href=\"https:\/\/www.lexpress.fr\/economie\/politique-economique\/prix-des-medicaments-pour-trump-les-patients-europeens-sont-les-passagers-clandestins-du-systeme-5QXK7IGLVBFWPF244BXVJ4SPIE\/\" target=\"_blank\" rel=\"noreferrer noopener\">Prix des m\u00e9dicaments : \u00ab\u00a0Pour Trump, les patients europ\u00e9ens sont les passagers clandestins du syst\u00e8me\u00a0\u00bb<\/a><\/strong><\/p>\n<p class=\"paragraph article-body-paragraph article__item    article__text__endpicto\">Mais CNN le rappelle : \u00ab\u00a0les \u00e9trangers ne savent (de cet appel, NDLR) que ce que le Kremlin et la Maison-Blanche veulent qu\u2019ils sachent sur la fa\u00e7on dont cela s\u2019est d\u00e9roul\u00e9\u00a0\u00bb. Quels que soient les mots prononc\u00e9s durant ces deux heures et cinq minutes, le r\u00e9sultat est celui-ci : Donald Trump a annonc\u00e9 que si rien n\u2019\u00e9voluait entre l\u2019Ukraine et la Russie, ce dernier se retirerait des n\u00e9gociations. Des propos que Die Zeit r\u00e9sume simplement : \u00ab\u00a0En clair, cela signifie que quel que soit le r\u00e9sultat de ces discussions, ce n\u2019est pas son probl\u00e8me\u00a0\u00bb.<\/p>\n","protected":false},"excerpt":{"rendered":"\u00ab\u00a0Trump a-t-il abandonn\u00e9 l\u2019Ukraine ?\u00a0\u00bb. C\u2019est la question que se pose le Financial Times. Au lendemain d\u2019un appel&hellip;\n","protected":false},"author":2,"featured_media":114610,"comment_status":"","ping_status":"","sticky":false,"template":"","format":"standard","meta":{"footnotes":""},"categories":[1591],"tags":[11,782,674,1887,74,12,1885,1886,132],"class_list":{"0":"post-114609","1":"post","2":"type-post","3":"status-publish","4":"format-standard","5":"has-post-thumbnail","7":"category-russie","8":"tag-actualites","9":"tag-ameriques","10":"tag-europe","11":"tag-federation-de-russie","12":"tag-monde","13":"tag-news","14":"tag-russia","15":"tag-russian-federation","16":"tag-russie"},"share_on_mastodon":{"url":"https:\/\/pubeurope.com\/@fr\/114540844410903612","error":""},"_links":{"self":[{"href":"https:\/\/www.europesays.com\/fr\/wp-json\/wp\/v2\/posts\/114609","targetHints":{"allow":["GET"]}}],"collection":[{"href":"https:\/\/www.europesays.com\/fr\/wp-json\/wp\/v2\/posts"}],"about":[{"href":"https:\/\/www.europesays.com\/fr\/wp-json\/wp\/v2\/types\/post"}],"author":[{"embeddable":true,"href":"https:\/\/www.europesays.com\/fr\/wp-json\/wp\/v2\/users\/2"}],"replies":[{"embeddable":true,"href":"https:\/\/www.europesays.com\/fr\/wp-json\/wp\/v2\/comments?post=114609"}],"version-history":[{"count":0,"href":"https:\/\/www.europesays.com\/fr\/wp-json\/wp\/v2\/posts\/114609\/revisions"}],"wp:featuredmedia":[{"embeddable":true,"href":"https:\/\/www.europesays.com\/fr\/wp-json\/wp\/v2\/media\/114610"}],"wp:attachment":[{"href":"https:\/\/www.europesays.com\/fr\/wp-json\/wp\/v2\/media?parent=114609"}],"wp:term":[{"taxonomy":"category","embeddable":true,"href":"https:\/\/www.europesays.com\/fr\/wp-json\/wp\/v2\/categories?post=114609"},{"taxonomy":"post_tag","embeddable":true,"href":"https:\/\/www.europesays.com\/fr\/wp-json\/wp\/v2\/tags?post=114609"}],"curies":[{"name":"wp","href":"https:\/\/api.w.org\/{rel}","templated":true}]}}