{"id":114613,"date":"2025-05-20T15:23:09","date_gmt":"2025-05-20T15:23:09","guid":{"rendered":"https:\/\/www.europesays.com\/fr\/114613\/"},"modified":"2025-05-20T15:23:09","modified_gmt":"2025-05-20T15:23:09","slug":"apres-leur-sortie-de-loms-les-etats-unis-exhortent-les-autres-pays-a-les-rejoindre","status":"publish","type":"post","link":"https:\/\/www.europesays.com\/fr\/114613\/","title":{"rendered":"Apr\u00e8s leur sortie de l&rsquo;OMS, les \u00c9tats-Unis exhortent les autres pays \u00ab\u00e0 les rejoindre\u00bb"},"content":{"rendered":"<p>Robert Kennedy Jr, qui est un critique de longue date de l\u2019OMS et un antivax militant, a qualifi\u00e9 l\u2019OMS de \u00abboursoufl\u00e9e et moribonde\u00bb, devant l\u2019Assembl\u00e9e mondiale de la sant\u00e9.<\/p>\n<p class=\"fig-paragraph\">Le ministre am\u00e9ricain de la Sant\u00e9\u00a0<a href=\"http:\/\/www.lefigaro.fr\/international\/robert-kennedy-jr-annonce-une-vague-de-licenciements-et-une-restructuration-massive-du-ministere-de-la-sante-americain-20250327\" target=\"_blank\" data-fig-type=\"NewsFlash\" rel=\"noopener\" data-gtm-custom-categorie=\"navigation\" data-gtm-custom-action=\"crossclick\" data-gtm-custom-label=\"Contextuel\" data-gtm-event=\"customEventSPE\" data-fig-domain=\"LEFIGARO\">Robert Kennedy Jr<\/a>\u00a0a appel\u00e9 ce mardi les pays membres de l&rsquo;Organisation mondiale de la sant\u00e9 \u00e0 \u00abenvisager de rejoindre\u00bb les \u00c9tats-Unis, qui ont entam\u00e9 le processus pour quitter l&rsquo;organisation. \u00abJ&rsquo;exhorte les ministres de la Sant\u00e9 du monde entier et l&rsquo;OMS \u00e0 consid\u00e9rer notre retrait de l&rsquo;organisation comme un signal d&rsquo;alarme\u00bb, a dit M. Kennedy dans un message vid\u00e9o, soulignant que \u00abnous avons d\u00e9j\u00e0 pris contact avec des pays partageant les m\u00eames id\u00e9es et nous encourageons les autres \u00e0 envisager de nous rejoindre\u00bb.<\/p>\n<p class=\"fig-paragraph\">M. Kennedy, qui est un critique de longue date de l&rsquo;OMS et un antivax militant, a qualifi\u00e9 l&rsquo;OMS de \u00abboursoufl\u00e9e et moribonde\u00bb, devant l&rsquo;Assembl\u00e9e mondiale de la sant\u00e9 l\u2019organe d\u00e9cisionnel de l&rsquo;organisation r\u00e9unie actuellement \u00e0\u00a0<a href=\"http:\/\/www.lefigaro.fr\/politique\/pour-hidalgo-la-tentation-de-geneve-les-indiscrets-du-figaro-20250516\" target=\"_blank\" data-fig-type=\"NewsFlash\" rel=\"noopener\" data-gtm-custom-categorie=\"navigation\" data-gtm-custom-action=\"crossclick\" data-gtm-custom-label=\"Contextuel\" data-gtm-event=\"customEventSPE\" data-fig-domain=\"LEFIGARO\">Gen\u00e8ve<\/a>. Il a aussi accus\u00e9 l&rsquo;OMS de subir l&rsquo;influence indue de la Chine, de l&rsquo;id\u00e9ologie du genre et de l&rsquo;industrie pharmaceutique. D\u00e8s son retour \u00e0 la Maison Blanche en janvier dernier, le pr\u00e9sident Donald Trump a initi\u00e9 le processus pour quitter l&rsquo;OMS, qui dure un an. Les \u00c9tats-Unis \u00e9taient le principal donateur de l&rsquo;organisation. Le d\u00e9part de<a href=\"http:\/\/www.lefigaro.fr\/international\/blocus-de-la-bande-de-gaza-des-ong-denoncent-un-plan-d-aide-propose-par-washington-20250515\" target=\"_blank\" data-fig-type=\"Article\" rel=\"noopener\" data-gtm-custom-categorie=\"navigation\" data-gtm-custom-action=\"crossclick\" data-gtm-custom-label=\"Contextuel\" data-gtm-event=\"customEventSPE\" data-fig-domain=\"LEFIGARO\">\u00a0Washington<\/a>\u00a0et son refus de payer ses cotisations pour 2024 et 2025 ont laiss\u00e9 l&rsquo;OMS en grande difficult\u00e9 financi\u00e8re.<\/p>\n<p class=\"fig-paragraph\">\u00abL&rsquo;OMS s&rsquo;est enlis\u00e9e dans une bureaucratie excessive, des paradigmes bien ancr\u00e9s, des conflits d&rsquo;int\u00e9r\u00eats et des jeux de pouvoir internationaux\u00bb, a accus\u00e9 M. Kennedy dans son message. Il souhaite lib\u00e9rer la coop\u00e9ration sanitaire internationale \u00abdu carcan de l&rsquo;ing\u00e9rence politique des influences corruptrices\u00bb. Selon le ministre de la Sant\u00e9, les priorit\u00e9s de l&rsquo;OMS \u00abrefl\u00e9taient de plus en plus les pr\u00e9jug\u00e9s et les int\u00e9r\u00eats\u00bb des entreprises m\u00e9dicales. \u00abTrop souvent, elle a laiss\u00e9 des pr\u00e9occupations politiques, comme la promotion d&rsquo;une id\u00e9ologie de genre n\u00e9faste, la d\u00e9tourner de sa mission principale\u00a0\u00bb, a-t-il ajout\u00e9.<\/p>\n<p class=\"fig-body-link\">\n            \u00c0 lire aussi<br \/>\n        <a class=\"fig-body-link__link fig-premium-mark\" href=\"http:\/\/sante.lefigaro.fr\/social\/sante-publique\/six-ans-apres-la-crise-du-covid-un-traite-mondial-sur-les-pandemies-vote-a-l-oms-20250519\" data-fig-type=\"Article\" data-gtm-custom-categorie=\"navigation\" data-gtm-custom-action=\"crossclick\" data-gtm-custom-label=\"Contextuel\" data-gtm-event=\"customEventSPE\" data-fig-domain=\"SANTE\" target=\"_blank\" rel=\"noopener\">Six ans apr\u00e8s la crise du Covid, un trait\u00e9 mondial sur les pand\u00e9mies vot\u00e9 \u00e0 l\u2019OMS<br \/>\n    <\/a>\n<\/p>\n<p>\u00abNous devons red\u00e9marrer tout le syst\u00e8me\u00bb<\/p>\n<p class=\"fig-paragraph\">M. Kennedy, comme l&rsquo;administration Trump, a pris \u00e0 son compte la th\u00e9orie selon laquelle la pand\u00e9mie de<a href=\"http:\/\/www.lefigaro.fr\/international\/vaccins-contre-le-covid-19-la-justice-europeenne-tranche-ce-mercredi-sur-les-textos-entre-von-der-leyen-et-la-patron-de-pfizer-20250514\" target=\"_blank\" data-fig-type=\"NewsFlash\" rel=\"noopener\" data-gtm-custom-categorie=\"navigation\" data-gtm-custom-action=\"crossclick\" data-gtm-custom-label=\"Contextuel\" data-gtm-event=\"customEventSPE\" data-fig-domain=\"LEFIGARO\">\u00a0Covid-19\u00a0<\/a>\u00e9tait due \u00e0 une fuite dans un laboratoire de la ville chinoise de\u00a0<a href=\"http:\/\/www.lefigaro.fr\/conso\/a-wuhan-l-essor-des-taxis-sans-chauffeur-suscite-quelques-emois-20240818\" target=\"_blank\" data-fig-type=\"Article\" rel=\"noopener\" data-gtm-custom-categorie=\"navigation\" data-gtm-custom-action=\"crossclick\" data-gtm-custom-label=\"Contextuel\" data-gtm-event=\"customEventSPE\" data-fig-domain=\"LEFIGARO\">Wuhan<\/a>, o\u00f9 la maladie a commenc\u00e9 \u00e0 se r\u00e9pandre en d\u00e9cembre 2019. Il accuse l&rsquo;OMS d&rsquo;avoir \u00e9touff\u00e9 des informations et d&rsquo;avoir \u00abcollabor\u00e9 avec la Chine pour promouvoir la fiction selon laquelle la Covid provenait de chauves-souris ou de pangolins plut\u00f4t que de recherches financ\u00e9es par le gouvernement chinois dans un laboratoire biologique de Wuhan\u00bb.<\/p>\n<p class=\"fig-paragraph\">Cette th\u00e9orie n&rsquo;est pas prouv\u00e9e et une partie importante de la communaut\u00e9 scientifique penche pour la transmission d&rsquo;un virus port\u00e9 par une chauve-souris \u00e0 l&rsquo;homme par le biais d&rsquo;un animal interm\u00e9diaire. Un rapport conjoint OMS-Chine de mars 2021 sur les origines de la Covid indiquait cette hypoth\u00e8se comme la plus probable. Depuis peu de progr\u00e8s ont \u00e9t\u00e9 faits. Le directeur g\u00e9n\u00e9ral de l&rsquo;OMS, Tedros Adhanom Ghebreyesus, affirme depuis longtemps que toutes les explications restent sur la table tant qu&rsquo;il n&rsquo;y a pas de preuve d\u00e9finitive. Dans son discours devant l&rsquo;Assembl\u00e9e ce mardi, il a soulign\u00e9 que \u00abla pand\u00e9mie est termin\u00e9e, mais nous ne savons toujours pas comment elle a commenc\u00e9\u00bb.<\/p>\n<p class=\"fig-paragraph\">Le vice-premier ministre chinois Liu Guozhong a pour sa part soulign\u00e9 devant l&rsquo;assembl\u00e9e que P\u00e9kin s&rsquo;\u00e9tait montr\u00e9 \u00abresponsable et constructif\u00bb et que \u00abtoute tentative de diffamation envers la Chine (&#8230;) s&rsquo;av\u00e9rerait vaine\u00bb. Pour M. Kennedy, l&rsquo;Accord de l&rsquo;OMS sur la pand\u00e9mie, adopt\u00e9 mardi par l&rsquo;Assembl\u00e9e, \u00abenglobera tous les dysfonctionnements de la r\u00e9ponse de l&rsquo;OMS \u00e0 la pand\u00e9mie. Nous n&rsquo;y participerons pas. Nous devons red\u00e9marrer tout le syst\u00e8me\u00bb.<\/p>\n","protected":false},"excerpt":{"rendered":"Robert Kennedy Jr, qui est un critique de longue date de l\u2019OMS et un antivax militant, a qualifi\u00e9&hellip;\n","protected":false},"author":2,"featured_media":114614,"comment_status":"","ping_status":"","sticky":false,"template":"","format":"standard","meta":{"footnotes":""},"categories":[1589],"tags":[8704,47,8699,11,8707,8706,73,1866,4988,8705,8700,5362,226,224,8701,225,12,8702,2570,298,71,8703,801,227,1864,1865,1863,308],"class_list":{"0":"post-114613","1":"post","2":"type-post","3":"status-publish","4":"format-standard","5":"has-post-thumbnail","7":"category-etats-unis","8":"tag-actu-sante","9":"tag-actualite","10":"tag-actualite-sante","11":"tag-actualites","12":"tag-conseil-medical","13":"tag-conseils-medicaux","14":"tag-etats-unis","15":"tag-etats-unis-damerique","16":"tag-forme","17":"tag-guide-des-medicaments","18":"tag-info-sante","19":"tag-magazine-sante","20":"tag-maladie","21":"tag-medecine","22":"tag-medical","23":"tag-medicament","24":"tag-news","25":"tag-nutrition-et-sante","26":"tag-oms","27":"tag-psychologie","28":"tag-sante","29":"tag-sexualite","30":"tag-social","31":"tag-traitement","32":"tag-united-states","33":"tag-united-states-of-america","34":"tag-us","35":"tag-usa"},"share_on_mastodon":{"url":"https:\/\/pubeurope.com\/@fr\/114540852222985413","error":""},"_links":{"self":[{"href":"https:\/\/www.europesays.com\/fr\/wp-json\/wp\/v2\/posts\/114613","targetHints":{"allow":["GET"]}}],"collection":[{"href":"https:\/\/www.europesays.com\/fr\/wp-json\/wp\/v2\/posts"}],"about":[{"href":"https:\/\/www.europesays.com\/fr\/wp-json\/wp\/v2\/types\/post"}],"author":[{"embeddable":true,"href":"https:\/\/www.europesays.com\/fr\/wp-json\/wp\/v2\/users\/2"}],"replies":[{"embeddable":true,"href":"https:\/\/www.europesays.com\/fr\/wp-json\/wp\/v2\/comments?post=114613"}],"version-history":[{"count":0,"href":"https:\/\/www.europesays.com\/fr\/wp-json\/wp\/v2\/posts\/114613\/revisions"}],"wp:featuredmedia":[{"embeddable":true,"href":"https:\/\/www.europesays.com\/fr\/wp-json\/wp\/v2\/media\/114614"}],"wp:attachment":[{"href":"https:\/\/www.europesays.com\/fr\/wp-json\/wp\/v2\/media?parent=114613"}],"wp:term":[{"taxonomy":"category","embeddable":true,"href":"https:\/\/www.europesays.com\/fr\/wp-json\/wp\/v2\/categories?post=114613"},{"taxonomy":"post_tag","embeddable":true,"href":"https:\/\/www.europesays.com\/fr\/wp-json\/wp\/v2\/tags?post=114613"}],"curies":[{"name":"wp","href":"https:\/\/api.w.org\/{rel}","templated":true}]}}