{"id":1146166,"date":"2026-08-24T14:51:17","date_gmt":"2026-08-24T14:51:17","guid":{"rendered":"https:\/\/www.europesays.com\/fr\/1146166\/"},"modified":"2026-08-24T14:51:17","modified_gmt":"2026-08-24T14:51:17","slug":"sept-picards-sacres-champions-du-monde-de-street-golf","status":"publish","type":"post","link":"https:\/\/www.europesays.com\/fr\/1146166\/","title":{"rendered":"Sept Picards sacr\u00e9s champions du monde de street golf"},"content":{"rendered":"\n<p>Les joueurs des M\u00e9dieballes de Laon ont brill\u00e9, samedi 22 ao\u00fbt, en Suisse. Sept d\u2019entre eux ont remport\u00e9 la Coupe du monde de street golf, rapporte<a href=\"https:\/\/www.lunion.fr\/id823782\/article\/2026-08-23\/sept-laonnois-sacres-champions-du-monde-de-streetgolf-avec-lequipe-de-france\" target=\"_blank\" rel=\"nofollow noopener\"> l\u2019Union.<\/a><\/p>\n<p>&#13;<br \/>\n&#13;<\/p>\n<p>&#13;<br \/>\n&#13;<\/p>\n<p>L\u2019\u00e9quipe de France de street golf \u00e9tait en d\u00e9placement \u00e0 Winterthur (Suisse) pour conserver son titre de championne du monde.<\/p>\n<p>&#13;<br \/>\n&#13;<\/p>\n<p>Les Bleus, au nombre de douze, ont finalement trouv\u00e9 la route de la victoire face \u00e0 une \u00e9quipe d\u2019Allemagne, qu\u2019ils ont devanc\u00e9 de deux petits points.<\/p>\n<p>&#13;<br \/>\n&#13;<\/p>\n<p>&#13;<br \/>\n&#13;<\/p>\n<p>&#13;<br \/>\n&#13;<\/p>\n<p>&#13;<br \/>\n&#13;<\/p>\n<p>\u00ab\u00a0C\u2019\u00e9tait un vrai m\u00e9lange d\u2019excitation et d\u2019inqui\u00e9tude\u00a0\u00bb, raconte Thomas Obarzanek, pr\u00e9sident du club de Laon.<\/p>\n<p>Huit heures et demie d\u2019opposition<\/p>\n<p>L\u2019opposition entre les deux \u00e9quipes aura dur\u00e9 huit heures et demie, avant que la France d\u00e9croche le titre avec 376 points inscrits.<\/p>\n<p>\u00ab\u00a0Quelques larmes ont \u00e9t\u00e9 vers\u00e9es pour une d\u00e9compression totale\u00a0\u00bb, avoue Thomas Obarzanek.<\/p>\n<p>Le d\u00e9roulement d\u2019une partie de street golf ressemble du golf classique\u00a0: un parcours de 14 trous avec les m\u00eames r\u00e8gles.<\/p>\n<p>Seul l\u2019environnement change, la belle pelouse d\u00e9gag\u00e9e laisse place aux espaces verts des parcs publics et aux hangars des zones industrielles.<\/p>\n","protected":false},"excerpt":{"rendered":"Les joueurs des M\u00e9dieballes de Laon ont brill\u00e9, samedi 22 ao\u00fbt, en Suisse. Sept d\u2019entre eux ont remport\u00e9&hellip;\n","protected":false},"author":2,"featured_media":1146167,"comment_status":"","ping_status":"","sticky":false,"template":"","format":"standard","meta":{"footnotes":"","_share_on_mastodon":"0"},"categories":[1418],"tags":[1011,27,1472,106134,812,60,3067],"class_list":["post-1146166","post","type-post","status-publish","format-standard","has-post-thumbnail","category-golf","tag-fr","tag-france","tag-golf","tag-laon-aisne","tag-picardie","tag-sports","tag-suisse"],"share_on_mastodon":{"url":"https:\/\/pubeurope.com\/@fr\/117151051691095800","error":""},"_links":{"self":[{"href":"https:\/\/www.europesays.com\/fr\/wp-json\/wp\/v2\/posts\/1146166","targetHints":{"allow":["GET"]}}],"collection":[{"href":"https:\/\/www.europesays.com\/fr\/wp-json\/wp\/v2\/posts"}],"about":[{"href":"https:\/\/www.europesays.com\/fr\/wp-json\/wp\/v2\/types\/post"}],"author":[{"embeddable":true,"href":"https:\/\/www.europesays.com\/fr\/wp-json\/wp\/v2\/users\/2"}],"replies":[{"embeddable":true,"href":"https:\/\/www.europesays.com\/fr\/wp-json\/wp\/v2\/comments?post=1146166"}],"version-history":[{"count":0,"href":"https:\/\/www.europesays.com\/fr\/wp-json\/wp\/v2\/posts\/1146166\/revisions"}],"wp:featuredmedia":[{"embeddable":true,"href":"https:\/\/www.europesays.com\/fr\/wp-json\/wp\/v2\/media\/1146167"}],"wp:attachment":[{"href":"https:\/\/www.europesays.com\/fr\/wp-json\/wp\/v2\/media?parent=1146166"}],"wp:term":[{"taxonomy":"category","embeddable":true,"href":"https:\/\/www.europesays.com\/fr\/wp-json\/wp\/v2\/categories?post=1146166"},{"taxonomy":"post_tag","embeddable":true,"href":"https:\/\/www.europesays.com\/fr\/wp-json\/wp\/v2\/tags?post=1146166"}],"curies":[{"name":"wp","href":"https:\/\/api.w.org\/{rel}","templated":true}]}}