{"id":114619,"date":"2025-05-20T15:26:09","date_gmt":"2025-05-20T15:26:09","guid":{"rendered":"https:\/\/www.europesays.com\/fr\/114619\/"},"modified":"2025-05-20T15:26:09","modified_gmt":"2025-05-20T15:26:09","slug":"chambray-a-trois-points-de-leurope-au-moment-de-recevoir-merignac","status":"publish","type":"post","link":"https:\/\/www.europesays.com\/fr\/114619\/","title":{"rendered":"Chambray \u00e0 trois points de l\u2019Europe au moment de recevoir M\u00e9rignac"},"content":{"rendered":"<p><strong>Chambray Touraine Handball\u00a0&#8211; M\u00e9rignac Handball<\/strong><\/p>\n<p>Le train n\u00b0\u00a02025-2026 \u00e0 destination de la Ligue europ\u00e9enne va entrer en gare. Et si les passagers se pressent sur le quai, ceux ayant le droit d\u2019y prendre place sont tri\u00e9s sur le volet. Le Chambray Touraine Handball fait partie de ceux qui peuvent y pr\u00e9tendre. Il a m\u00eame d\u00e9j\u00e0 son billet en main. Reste \u00e0 le composter. Et pour cela, il devra battre M\u00e9rignac, \u00e9quipe qui veut au contraire \u00e9viter d\u2019\u00eatre d\u00e9class\u00e9e en Division 2, ce mercredi 21\u00a0mai 2025.<\/p>\n<p>\u00ab\u00a0C\u2019est simple\u00a0: si on gagne contre M\u00e9rignac, on est s\u00fbr de finir au moins 4e\u00a0et donc d\u2019\u00eatre directement qualifi\u00e9 en coupe d\u2019Europe, sans passer par une wild-card, pose Mathieu Lanfranchi, l\u2019entra\u00eeneur chambraisien. Tout le monde le sait, les joueuses connaissent les implications sportives, comptables,\u00a0etc. Mais on n\u2019est pas focalis\u00e9 l\u00e0-dessus, on se concentre sur l\u2019aspect tactique du match.\u00a0\u00bb<\/p>\n<p>Le podium comme destination finale\u00a0?<\/p>\n<p>Hors de question, donc, de se rel\u00e2cher. Pour autant, \u00e0 quatre journ\u00e9es de la fin de saison, le d\u00e9raillement semble d\u00e9sormais fortement improbable. Chambray, confortablement install\u00e9 sur le podium (3e, 53\u00a0pt), devrait donc recommencer \u00e0 sillonner l\u2019Europe apr\u00e8s une saison \u00e0 se contenter des paysages hexagonaux. Mais puisqu\u2019il est sur la bonne voie, pourquoi ne pas finir la saison \u00e0 cette 3e\u00a0place qu\u2019il a faite sienne depuis cinq journ\u00e9es, derri\u00e8re les locomotives Metz et Brest\u00a0?<\/p>\n<p>Si cette destination n\u2019est pas celle annonc\u00e9e par le club \u2013 la qualification europ\u00e9enne a toujours \u00e9t\u00e9 l\u2019objectif vis\u00e9 \u2013, joueuses et supporteurs y croient dur comme fer. Et ils ont toutes les raisons pour cela\u00a0: \u00ab\u00a0Quoi qu\u2019il arrive, ce sera, historiquement, la saison avec le plus de points marqu\u00e9s par le club, souligne le technicien. Maintenant, on veut valider math\u00e9matiquement l\u2019objectif principal du club puis continuer d\u2019avancer, match apr\u00e8s match. C\u2019est pour cela qu\u2019on s\u2019est\u00a0concentr\u00e9 sur celui de M\u00e9rignac.\u00a0\u00bb<\/p>\n<p>M\u00e9rignac, \u00ab\u00a0une \u00e9quipe doublement dangereuse\u00a0\u00bb<\/p>\n<p>Or, dans le train LBE, le club girondin n\u2019a jamais quitt\u00e9 le wagon de queue. Il est m\u00eame \u00e0 deux doigts d\u2019embarquer dans celui qui descend en Division 2. \u00c0 un point, plus exactement, puisque M\u00e9rignac (13e, 33\u00a0pt) n\u2019a qu\u2019une longueur d\u2019avance sur Toulon, plac\u00e9 sur le si\u00e8ge \u00e9jectable de la 14e place. Ce qui rend cette formation d\u2019autant plus redoutable, pouss\u00e9e par l\u2019\u00e9nergie du d\u00e9sespoir. Dijon en a d\u2019ailleurs fait les frais d\u00e9but avril (38-36). \u00ab\u00a0C\u2019est une \u00e9quipe doublement dangereuse, par sa qualit\u00e9 et par le contexte, expose Mathieu Lanfranchi. Elle vient pour jouer sa survie et a beaucoup de jeunes joueuses (23\u00a0ans de moyenne d\u2019\u00e2ge) qui se donnent \u00e0 fond pendant une heure.\u00a0\u00bb<\/p>\n<p>Nous avons bloqu\u00e9 l&rsquo;affichage de ce contenu pour respecter vos choix en mati\u00e8re de cookies. En cliquant sur \u00ab\u00a0Accepter\u00a0\u00bb,\u00a0vous acceptez le d\u00e9p\u00f4t de cookies. Vous pouvez modifier vos choix \u00e0 tout moment en vous rendant sur <a class=\"blocSansConsentement_lien__m9THN\" href=\"https:\/\/www.lanouvellerepublique.fr\/politique-de-confidentialite\" rel=\"nofollow noopener\" target=\"_blank\">cette page<\/a>.<\/p>\n<p>Accepter<\/p>\n<p>Cette r\u00e9ception a donc tout du match pi\u00e8ge, alors que Chambray sera priv\u00e9 de Ya\u00eblle Morvan, sa cheffe de gare en d\u00e9fense. Pour autant, le CTHB est actuellement lanc\u00e9 \u00e0 grande vitesse (six matchs sans d\u00e9faite) et n\u2019a pas l\u2019intention de freiner avant d\u2019encha\u00eener avec un d\u00e9placement \u00e0 Saint-Amand (11e, 35\u00a0pt), dimanche. \u00ab\u00a0On a profit\u00e9 des jours ayant suivi la rencontre contre la Stella (<a target=\"_self\" href=\"https:\/\/www.lanouvellerepublique.fr\/indre-et-loire\/commune\/chambray-les-tours\/lbe-chambray-fidele-a-lui-meme-lors-de-sa-victoire-face-a-la-stella-1746916747\" rel=\"nofollow noopener\">29-22<\/a>) pour faire un peu de travail individuel et un rappel physique pour garder le rythme que l\u2019on impose depuis quelques semaines. Sur les quatre derniers matchs, il faudra que l\u2019on reste appliqu\u00e9 et impliqu\u00e9 pendant les soixante minutes de chaque rencontre pour valider nos progr\u00e8s de la saison.\u00a0\u00bb<\/p>\n<p>Car avant de <a target=\"_self\" href=\"https:\/\/www.lanouvellerepublique.fr\/indre-et-loire\/commune\/chambray-les-tours\/lbe-mathieu-lanfranchi-et-chambray-c-est-bientot-termine\" rel=\"nofollow noopener\">descendre du wagon chambraisien<\/a>, Mathieu Lanfranchi a bien l\u2019intention de l\u2019emmener \u00e0 destination\u2026 C\u2019est-\u00e0-dire aussi proche du sommet que possible.<\/p>\n<p>Mercredi 21\u00a0mai 2025 \u00e0 20\u00a0h, gymnase de la Fontaine Blanche.<\/p>\n<p>Les \u00e9quipes<\/p>\n<p><strong>&gt;\u00a0Chambray\u00a0:<\/strong> Szikora, Perche\u00a0; Mauny, Abdou, Str\u00f6mberg, Matthijs Holmberg, Modenel, Van der Heindjen, L.\u00a0Puleri, Sow, Sylla, Stoiljkovic, Grimaud, Deba. Entra\u00eeneur\u00a0: Mathieu Lanfranchi.<strong><br \/>&gt;\u00a0M\u00e9rignac\u00a0:<\/strong> Le Borgne, Bekrou Brega\u00a0; M\u00e9lique, Ligni\u00e8res, Kibuey, L.\u00a0Borg, Malharin, E.\u00a0Borg, Abdellahi, Abadie, Lacuey, Colinot, Texier, Samai. Entra\u00eeneur\u00a0: Christophe Chagnard.<\/p>\n<p class=\"alireaussi\"><b>&gt;\u00a0Rejoignez la communaut\u00e9 NR\u00a0&#8211; Les sports en Touraine sur Facebook.<\/b><\/p>\n<p>Nous avons bloqu\u00e9 l&rsquo;affichage de ce contenu pour respecter vos choix en mati\u00e8re de cookies. En cliquant sur \u00ab\u00a0Accepter\u00a0\u00bb,\u00a0vous acceptez le d\u00e9p\u00f4t de cookies. Vous pouvez modifier vos choix \u00e0 tout moment en vous rendant sur <a class=\"blocSansConsentement_lien__m9THN\" href=\"https:\/\/www.lanouvellerepublique.fr\/politique-de-confidentialite\" rel=\"nofollow noopener\" target=\"_blank\">cette page<\/a>.<\/p>\n<p>Accepter<\/p>\n<p>\u00a0<\/p>\n","protected":false},"excerpt":{"rendered":"Chambray Touraine Handball\u00a0&#8211; M\u00e9rignac Handball Le train n\u00b0\u00a02025-2026 \u00e0 destination de la Ligue europ\u00e9enne va entrer en gare.&hellip;\n","protected":false},"author":2,"featured_media":114620,"comment_status":"","ping_status":"","sticky":false,"template":"","format":"standard","meta":{"footnotes":""},"categories":[1586],"tags":[1392,11,12891,14662,2206,1777,674,1011,27,1792,1387,12,25,60],"class_list":{"0":"post-114619","1":"post","2":"type-post","3":"status-publish","4":"format-standard","5":"has-post-thumbnail","7":"category-europe","8":"tag-a-la-une-local","9":"tag-actualites","10":"tag-chambray-touraine-handball","11":"tag-chambray-les-tours","12":"tag-division-1","13":"tag-eu","14":"tag-europe","15":"tag-fr","16":"tag-france","17":"tag-handball","18":"tag-indre-et-loire","19":"tag-news","20":"tag-republique-francaise","21":"tag-sports"},"share_on_mastodon":{"url":"https:\/\/pubeurope.com\/@fr\/114540864097421072","error":""},"_links":{"self":[{"href":"https:\/\/www.europesays.com\/fr\/wp-json\/wp\/v2\/posts\/114619","targetHints":{"allow":["GET"]}}],"collection":[{"href":"https:\/\/www.europesays.com\/fr\/wp-json\/wp\/v2\/posts"}],"about":[{"href":"https:\/\/www.europesays.com\/fr\/wp-json\/wp\/v2\/types\/post"}],"author":[{"embeddable":true,"href":"https:\/\/www.europesays.com\/fr\/wp-json\/wp\/v2\/users\/2"}],"replies":[{"embeddable":true,"href":"https:\/\/www.europesays.com\/fr\/wp-json\/wp\/v2\/comments?post=114619"}],"version-history":[{"count":0,"href":"https:\/\/www.europesays.com\/fr\/wp-json\/wp\/v2\/posts\/114619\/revisions"}],"wp:featuredmedia":[{"embeddable":true,"href":"https:\/\/www.europesays.com\/fr\/wp-json\/wp\/v2\/media\/114620"}],"wp:attachment":[{"href":"https:\/\/www.europesays.com\/fr\/wp-json\/wp\/v2\/media?parent=114619"}],"wp:term":[{"taxonomy":"category","embeddable":true,"href":"https:\/\/www.europesays.com\/fr\/wp-json\/wp\/v2\/categories?post=114619"},{"taxonomy":"post_tag","embeddable":true,"href":"https:\/\/www.europesays.com\/fr\/wp-json\/wp\/v2\/tags?post=114619"}],"curies":[{"name":"wp","href":"https:\/\/api.w.org\/{rel}","templated":true}]}}