{"id":114625,"date":"2025-05-20T15:29:11","date_gmt":"2025-05-20T15:29:11","guid":{"rendered":"https:\/\/www.europesays.com\/fr\/114625\/"},"modified":"2025-05-20T15:29:11","modified_gmt":"2025-05-20T15:29:11","slug":"apres-le-coup-de-fil-trump-poutine-les-allies-europeens-adoptent-un-17e-paquet-de-sanctions-contre-la-russie-liberation","status":"publish","type":"post","link":"https:\/\/www.europesays.com\/fr\/114625\/","title":{"rendered":"apr\u00e8s le coup de fil Trump-Poutine, les alli\u00e9s europ\u00e9ens adoptent un 17e paquet de sanctions contre la Russie \u2013 Lib\u00e9ration"},"content":{"rendered":"<p class=\"sc-ksZaOG ehjQrN text-element\">Volodymyr Zelensky a accus\u00e9 ce mardi 20 mai la Russie \u00abd\u2019essayer de gagner du temps\u00bb en faisant tra\u00eener les discussions en vue d\u2019un cessez-le-feu. Selon Kyiv, au lendemain d\u2019un <a href=\"https:\/\/www.liberation.fr\/international\/europe\/guerre-en-ukraine-une-conversation-tres-utile-et-sincere-commente-vladimir-poutine-a-lissue-de-son-appel-avec-donald-trump-20250519_GU3TZNES7NGF5MIZUN6UJT6AFU\/\" target=\"_blank\" rel=\"noreferrer nofollow noopener\" title=\"https:\/\/www.liberation.fr\/international\/europe\/guerre-en-ukraine-une-conversation-tres-utile-et-sincere-commente-vladimir-poutine-a-lissue-de-son-appel-avec-donald-trump-20250519_GU3TZNES7NGF5MIZUN6UJT6AFU\/\">entretien t\u00e9l\u00e9phonique entre Vladimir Poutine et Donald Trump<\/a>, le seul but de Moscou est de \u00abpoursuivre\u00bb son invasion de l\u2019Ukraine. Dans le m\u00eame temps, la vice-pr\u00e9sidente de la Commission europ\u00e9enne, <a href=\"https:\/\/www.liberation.fr\/international\/europe\/kaja-kallas-premiere-ministre-de-lestonie-les-ukrainiens-se-battent-pour-lidee-europeenne-20240503_V4LBRIRJJZF6NGUAKSY2QLG7YQ\/\" target=\"_blank\" rel=\"noreferrer nofollow noopener\" title=\"https:\/\/www.liberation.fr\/international\/europe\/kaja-kallas-premiere-ministre-de-lestonie-les-ukrainiens-se-battent-pour-lidee-europeenne-20240503_V4LBRIRJJZF6NGUAKSY2QLG7YQ\/\">Kaja Kallas<\/a> a annonc\u00e9 l\u2019adoption formelle par l\u2019UE d\u2019un <a href=\"https:\/\/www.liberation.fr\/international\/europe\/guerre-en-ukraine-de-nouvelles-sanctions-une-proposition-du-pape-la-reponse-de-zelensky-quelles-reactions-apres-le-coup-de-fil-trump-poutine-20250519_W3UENVDCJNGP3A3WPII2NAPNDA\/?redirected=1\" target=\"_blank\" rel=\"noreferrer nofollow noopener\" title=\"https:\/\/www.liberation.fr\/international\/europe\/guerre-en-ukraine-de-nouvelles-sanctions-une-proposition-du-pape-la-reponse-de-zelensky-quelles-reactions-apres-le-coup-de-fil-trump-poutine-20250519_W3UENVDCJNGP3A3WPII2NAPNDA\/?redirected=1\">17e paquet de sanctions contre la Russie<\/a>.<\/p>\n<p class=\"sc-ksZaOG ehjQrN text-element\">Ce dernier cible de nouveaux <a href=\"https:\/\/www.liberation.fr\/international\/europe\/les-petroliers-fantomes-russes-une-flotte-qui-defie-loccident-20250209_NMLS6JEY2VAUVNJR6W7E45QORA\/\" target=\"_blank\" rel=\"noreferrer nofollow noopener\" title=\"https:\/\/www.liberation.fr\/international\/europe\/les-petroliers-fantomes-russes-une-flotte-qui-defie-loccident-20250209_NMLS6JEY2VAUVNJR6W7E45QORA\/\">navires p\u00e9troliers \u00abfant\u00f4mes\u00bb<\/a>, immatricul\u00e9s \u00e0 l\u2019\u00e9tranger et dont les propri\u00e9taires sont maquill\u00e9s derri\u00e8re des soci\u00e9t\u00e9s \u00e9crans, utilis\u00e9s pour contourner les sanctions d\u00e9j\u00e0 existantes contre les exportations de p\u00e9trole russe. \u00abL\u2019UE a approuv\u00e9 son 17e \u201cpaquet\u201d de sanctions contre la Russie, qui vise pr\u00e8s de 200 navires de sa flotte fant\u00f4me\u00bb, a \u00e9crit sur X la cheffe de la diplomatie europ\u00e9enne, en marge d\u2019une r\u00e9union des ministres de la D\u00e9fense de l\u2019UE \u00e0 Bruxelles. \u00abD\u2019autres sanctions \u00e0 l\u2019encontre de la Russie sont en pr\u00e9paration. Plus la Russie m\u00e8nera la guerre, plus notre r\u00e9ponse sera s\u00e9v\u00e8re\u00bb, a-t-elle ajout\u00e9<\/p>\n<p class=\"sc-ksZaOG ehjQrN text-element\">Le Royaume-Uni a \u00e9galement annonc\u00e9 ce mardi avoir d\u00e9cid\u00e9 d\u2019une nouvelle s\u00e9rie de sanctions contre la Russie, en visant notamment les secteurs de la d\u00e9fense, de l\u2019\u00e9nergie et de la finance, apr\u00e8s <a href=\"https:\/\/www.liberation.fr\/international\/europe\/guerre-en-ukraine-une-attaque-record-de-drones-russes-zelensky-recu-par-le-pape-ce-dimanche-20250518_XOD3NBT72JHCPJ4UYIT22NPUJI\/\" target=\"_blank\" rel=\"noreferrer nofollow noopener\" title=\"https:\/\/www.liberation.fr\/international\/europe\/guerre-en-ukraine-une-attaque-record-de-drones-russes-zelensky-recu-par-le-pape-ce-dimanche-20250518_XOD3NBT72JHCPJ4UYIT22NPUJI\/\">une attaque record de drones<\/a> lanc\u00e9e dans la nuit de samedi \u00e0 dimanche sur de nombreuses r\u00e9gions en Ukraine.<\/p>\n<p class=\"sc-ksZaOG ehjQrN text-element\">\u00abLes derni\u00e8res frappes de Poutine montrent une fois de plus son visage belliqueux, a comment\u00e9 le ministre britannique des Affaires \u00e9trang\u00e8res, David Lammy. Nous l\u2019exhortons \u00e0 accepter imm\u00e9diatement un cessez-le-feu total et inconditionnel, afin que des pourparlers puissent \u00eatre engag\u00e9s en vue d\u2019une paix juste et durable.\u00bb<\/p>\n<p class=\"sc-ksZaOG ehjQrN text-element\">Dans cette d\u00e9marche coordonn\u00e9e avec l\u2019UE, les 100 nouvelles sanctions britanniques visent notamment 18 navires de la \u00abflotte fant\u00f4me\u00bb utilis\u00e9e par la Russie. Elles ciblent aussi une s\u00e9rie d\u2019institutions financi\u00e8res, des individus accus\u00e9s de \u00abpropager la d\u00e9sinformation russe\u00bb ainsi que les \u00abcha\u00eenes d\u2019approvisionnement des syst\u00e8mes d\u2019armes l\u00e9tales russes, notamment les missiles Iskander\u00bb, a ajout\u00e9 le Foreign Office.<\/p>\n<p class=\"sc-ksZaOG ehjQrN text-element\">Londres pr\u00e9cise par ailleurs que \u00able Royaume-Uni et ses partenaires travaillent \u00e0 renforcer le plafond sur le prix du p\u00e9trole, afin de restreindre davantage les revenus [&#8230;] alimentant la machine de guerre\u00bb de Vladimir Poutine. Et assure que les sanctions occidentales \u00abont des graves cons\u00e9quences sur l\u2019\u00e9conomie russe\u00bb.<\/p>\n<p class=\"sc-ksZaOG ehjQrN text-element\">Vendredi, les d\u00e9l\u00e9gations russe et ukrainienne, r\u00e9unies sous m\u00e9diation turque <a href=\"https:\/\/www.liberation.fr\/international\/europe\/ukraine-a-istanbul-la-reunion-des-seconds-couteaux-20250515_5ZEIB6G7E5BZ3MZMM3AH2BIS6Q\/\" target=\"_blank\" rel=\"noreferrer nofollow noopener\" title=\"https:\/\/www.liberation.fr\/international\/europe\/ukraine-a-istanbul-la-reunion-des-seconds-couteaux-20250515_5ZEIB6G7E5BZ3MZMM3AH2BIS6Q\/\">\u00e0 Istanbul<\/a>, avaient indiqu\u00e9 que chaque partie allait \u00abpr\u00e9senter\u00bb prochainement leur \u00abvision\u00bb d\u2019une possible tr\u00eave, selon les termes du n\u00e9gociateur russe, Vladimir Medinski. Mais il est \u00e9vident que deux approches s\u2019opposent : Kyiv demande un cessez-le-feu \u00abinconditionnel\u00bb de trente jours pour permettre des discussions de paix, tandis que Moscou part du principe que les n\u00e9gociations doivent se faire \u00absimultan\u00e9ment\u00bb aux combats.<\/p>\n<p class=\"sc-ksZaOG ehjQrN text-element\"><b>Mise \u00e0 jour : <\/b>\u00e0 15 h 04, avec plus de contexte<\/p>\n","protected":false},"excerpt":{"rendered":"Volodymyr Zelensky a accus\u00e9 ce mardi 20 mai la Russie \u00abd\u2019essayer de gagner du temps\u00bb en faisant tra\u00eener&hellip;\n","protected":false},"author":2,"featured_media":114626,"comment_status":"","ping_status":"","sticky":false,"template":"","format":"standard","meta":{"footnotes":""},"categories":[2],"tags":[11,1011,27,12,25,473,132,220,297,364,135,134],"class_list":{"0":"post-114625","1":"post","2":"type-post","3":"status-publish","4":"format-standard","5":"has-post-thumbnail","7":"category-actualites","8":"tag-actualites","9":"tag-fr","10":"tag-france","11":"tag-news","12":"tag-republique-francaise","13":"tag-royaume-uni","14":"tag-russie","15":"tag-ukraine","16":"tag-ukraine-la-crise","17":"tag-union-europeenne","18":"tag-vladimir-poutine","19":"tag-volodymyr-zelensky"},"share_on_mastodon":{"url":"https:\/\/pubeurope.com\/@fr\/114540875871327886","error":""},"_links":{"self":[{"href":"https:\/\/www.europesays.com\/fr\/wp-json\/wp\/v2\/posts\/114625","targetHints":{"allow":["GET"]}}],"collection":[{"href":"https:\/\/www.europesays.com\/fr\/wp-json\/wp\/v2\/posts"}],"about":[{"href":"https:\/\/www.europesays.com\/fr\/wp-json\/wp\/v2\/types\/post"}],"author":[{"embeddable":true,"href":"https:\/\/www.europesays.com\/fr\/wp-json\/wp\/v2\/users\/2"}],"replies":[{"embeddable":true,"href":"https:\/\/www.europesays.com\/fr\/wp-json\/wp\/v2\/comments?post=114625"}],"version-history":[{"count":0,"href":"https:\/\/www.europesays.com\/fr\/wp-json\/wp\/v2\/posts\/114625\/revisions"}],"wp:featuredmedia":[{"embeddable":true,"href":"https:\/\/www.europesays.com\/fr\/wp-json\/wp\/v2\/media\/114626"}],"wp:attachment":[{"href":"https:\/\/www.europesays.com\/fr\/wp-json\/wp\/v2\/media?parent=114625"}],"wp:term":[{"taxonomy":"category","embeddable":true,"href":"https:\/\/www.europesays.com\/fr\/wp-json\/wp\/v2\/categories?post=114625"},{"taxonomy":"post_tag","embeddable":true,"href":"https:\/\/www.europesays.com\/fr\/wp-json\/wp\/v2\/tags?post=114625"}],"curies":[{"name":"wp","href":"https:\/\/api.w.org\/{rel}","templated":true}]}}