{"id":1146279,"date":"2026-08-24T16:04:26","date_gmt":"2026-08-24T16:04:26","guid":{"rendered":"https:\/\/www.europesays.com\/fr\/1146279\/"},"modified":"2026-08-24T16:04:26","modified_gmt":"2026-08-24T16:04:26","slug":"ligue-des-champions-le-barrage-retour-entre-lolympique-lyonnais-et-fenerbahce-classe-a-hauts-risques-par-la-division-nationale-de-lutte-contre-le-hooliganisme-lequipe","status":"publish","type":"post","link":"https:\/\/www.europesays.com\/fr\/1146279\/","title":{"rendered":"Ligue des champions : le barrage retour entre l&#039;Olympique Lyonnais et Fenerbah\u00e7e class\u00e9 \u00e0 hauts risques par la Division nationale de lutte contre le hooliganisme &#8211; L&#039;\u00c9quipe"},"content":{"rendered":"<ol>\n<li><a href=\"https:\/\/news.google.com\/rss\/articles\/CBMikAJBVV95cUxPdzBnVnN0bmlod1g1M2hNaW9wUzR0eUZkUV9KR1lPcGVESWk1OE9WN09mcHE3Tnd5X3lwMmVUV0tucFBOTHhhdDFBU0tjdjNzc2FlVkRRZG1PTzNrQThENGNHZzFxLVVOSUZWZUtvMVpXRkkybGN1bEdBc0p3ek90YmNKeFVXYU1LeTh2Y3k5UzJxZFpnT1FLb1Uxd3NfdTNrazdBMXc2OV94RTlOWTAwSmJ1ZFd3dUZHY0l5aEJneDNkQWpCeWVLSlF1ZkRLNTk2LWRYSUVFRi0tdExXaUpycXY4REsta3ZzTXFuY2VLVjZLZ3NaOUxQSFFGVGl3cjdmVF9VREFRODlsYjJLd1ktSQ?oc=5\" target=\"_blank\" rel=\"nofollow noopener\">Ligue des champions : le barrage retour entre l&rsquo;Olympique Lyonnais et Fenerbah\u00e7e class\u00e9 \u00e0 hauts risques par la Division nationale de lutte contre le hooliganisme<\/a>&nbsp;&nbsp;L&rsquo;\u00c9quipe<\/li>\n<li><a href=\"https:\/\/news.google.com\/rss\/articles\/CBMijwJBVV95cUxObXc1WVduR09rTXphY2ZpeXBjTDc5MV9pVzB6TDgyTFhrSFpKQTI3Z2ZpTkJnMkxOcFZCVGNXN1VSdThtYTBiU2tOMmxYdFd0b3NTZFJJb2lwalgyY1prRk9vd1R6SGU2SFNOR1hpdDRKTmFxQXJKUU1fbHdGQkZ0VDQ2ZVJQVDBLSnJlcjZfbWdUakVuWjF5QkctWFhpX1dIUkxLaGhpX2UzbFNpRzhXeE5YUkJ2NHVPNkdSY2xqdlFadm1LN1BtQ1NnTUl1NUVpY213Ykh1UVZxX2ZCc2FlQWM1SjRGMEl4MnIwLU9mRURVeDhDejlXYXhJTmFhNEl6amZMLTRnZEpfQWFMclFj?oc=5\" target=\"_blank\" rel=\"nofollow noopener\">Le premier match \u00e0 hauts risques de la saison en France: comment les autorit\u00e9s vont encadrer OL-Fenerbah\u00e7e<\/a>&nbsp;&nbsp;RMC Sport<\/li>\n<li><a href=\"https:\/\/news.google.com\/rss\/articles\/CBMi0AFBVV95cUxPXzBkZzZUX18zWE5BdzVHSzVVX19qaTFNNlUzVGhZdjJTV216dm9tM0lxTmpWRGpwR3dOLXYtU0N1eTUwWU5ycERGM0xfUlN2eHYyY0YtU0JYcUt6S3ktU1I2c0NILTlWaXA5elNRSXVFZ0dva24tSTFwTWxMVDVxRDMwTXVKRWkxODVoWEJjeWswU05fQ0lUZEkwT2o3ZWQwRUtZb3RWVkFfeFp4UHlaVkluSDd1bXNWRHVIZ0Y3Z2NGanVfRzdLMkc5aHN3YU1L0gHPAUFVX3lxTFBiYi1TUFZlbnFzUUJkUTFCVUVyZ1I4OVo4dDBUNGJVSXdnSGNpM2tBbG55SFdPNm50ak1CRU5IMUp0ckd0RkR2aWNpSW9DYXo4bVNDblNROVlXU05sVGRSU05FV1FqM1MzclJHUUFMQ0twUC1rYzE5ODNPck1nYWs5Z0d1Rm5FVnlYSHViaXRWZDhLSXRSUGxBTmZJZnpYeWpwdDUtTTB3V2hiU2s2V2V4NFh3V29pSEVYX1FmOE9pSTlkZ0EtSXRBbm01bHp6Yw?oc=5\" target=\"_blank\" rel=\"nofollow noopener\">Fenerbah\u00e7e : Akt\u00fcrko\u011flu et Asensio forfaits contre l&rsquo;OL : Sports &#8211; Orange<\/a>&nbsp;&nbsp;Sports &#8211; Orange<\/li>\n<li><a href=\"https:\/\/news.google.com\/rss\/articles\/CBMitgFBVV95cUxNMlpvQkh1bnd5andKdk5nWEtSTmhHcEprYmQtbjBrTGVWZDhJcktQRmU3WHI1QWMwNndBekY3WTNqM0hoaVZYbWprY3NOcktvd19YRzBBZnJFSmtaVGtEQlR5RUh3bEctT1VUbVBfaWNPbkN3ekpDZmtjYk1BT3JJVTcwUjlsY3ZGd3c0Ti10THZUajl1OGN2OEIwTVJUX2Y5TUZoQmJ3aEw3YnhpX1lCZ2FFNnZDUQ?oc=5\" target=\"_blank\" rel=\"nofollow noopener\">S\u00fcper Lig : Fenerbah\u00e7e d\u00e9roule gr\u00e2ce \u00e0 un grand Greenwood avant Lyon<\/a>&nbsp;&nbsp;Foot Mercato<\/li>\n<li><a href=\"https:\/\/news.google.com\/rss\/articles\/CBMipwFBVV95cUxPLVctRTlBbFdwQXdqSzRsQXBYU2pnNVNsRnhTWGlXazBreGZKN3N1SXRYSW14UWpsM3RKMXNEU2dOUERPQTBOV0k0WjFyeENXMkRqVzdUa3JieTk1TlAzRXY1Y0ZocmhTSng1Ym5ITUFkTlFSMFdicGFMc3VtcVhMN0ZneHNiczE1anZlbzFnZkkzd001UGVHcFlmUlhaZXZsRk9qV0lhNA?oc=5\" target=\"_blank\" rel=\"nofollow noopener\">OL &#8211; Fenerbah\u00e7e : la barre des 50 000 spectateurs atteinte<\/a>&nbsp;&nbsp;Olympique &amp; Lyonnais<\/li>\n<\/ol>\n","protected":false},"excerpt":{"rendered":"Ligue des champions : le barrage retour entre l&rsquo;Olympique Lyonnais et Fenerbah\u00e7e class\u00e9 \u00e0 hauts risques par la&hellip;\n","protected":false},"author":2,"featured_media":1146280,"comment_status":"","ping_status":"","sticky":false,"template":"","format":"standard","meta":{"footnotes":"","_share_on_mastodon":"0"},"categories":[2],"tags":[11,86760,115305,27990,63,1011,27,447,2428,87974,12,25,105443,656],"class_list":["post-1146279","post","type-post","status-publish","format-standard","has-post-thumbnail","category-actualites","tag-actualites","tag-actus-et-infos","tag-barrages-de-qualification-retour","tag-fenerbahce","tag-football","tag-fr","tag-france","tag-ligue-des-champions","tag-lyon","tag-matias-archambeau","tag-news","tag-republique-francaise","tag-saison-2026-2027","tag-securite"],"share_on_mastodon":{"url":"https:\/\/pubeurope.com\/@fr\/117151338794708234","error":""},"_links":{"self":[{"href":"https:\/\/www.europesays.com\/fr\/wp-json\/wp\/v2\/posts\/1146279","targetHints":{"allow":["GET"]}}],"collection":[{"href":"https:\/\/www.europesays.com\/fr\/wp-json\/wp\/v2\/posts"}],"about":[{"href":"https:\/\/www.europesays.com\/fr\/wp-json\/wp\/v2\/types\/post"}],"author":[{"embeddable":true,"href":"https:\/\/www.europesays.com\/fr\/wp-json\/wp\/v2\/users\/2"}],"replies":[{"embeddable":true,"href":"https:\/\/www.europesays.com\/fr\/wp-json\/wp\/v2\/comments?post=1146279"}],"version-history":[{"count":0,"href":"https:\/\/www.europesays.com\/fr\/wp-json\/wp\/v2\/posts\/1146279\/revisions"}],"wp:featuredmedia":[{"embeddable":true,"href":"https:\/\/www.europesays.com\/fr\/wp-json\/wp\/v2\/media\/1146280"}],"wp:attachment":[{"href":"https:\/\/www.europesays.com\/fr\/wp-json\/wp\/v2\/media?parent=1146279"}],"wp:term":[{"taxonomy":"category","embeddable":true,"href":"https:\/\/www.europesays.com\/fr\/wp-json\/wp\/v2\/categories?post=1146279"},{"taxonomy":"post_tag","embeddable":true,"href":"https:\/\/www.europesays.com\/fr\/wp-json\/wp\/v2\/tags?post=1146279"}],"curies":[{"name":"wp","href":"https:\/\/api.w.org\/{rel}","templated":true}]}}