{"id":1146295,"date":"2026-08-24T16:20:30","date_gmt":"2026-08-24T16:20:30","guid":{"rendered":"https:\/\/www.europesays.com\/fr\/1146295\/"},"modified":"2026-08-24T16:20:30","modified_gmt":"2026-08-24T16:20:30","slug":"decouvrez-le-nouvel-habillage-du-journal-de-13-heures-de-france-2-qui-a-ete-mis-a-lantenne-aujourdhui-pour-le-retour-de-julian-bugier-apres-ses-vacances-video","status":"publish","type":"post","link":"https:\/\/www.europesays.com\/fr\/1146295\/","title":{"rendered":"D\u00e9couvrez le nouvel habillage du journal de 13 heures de France 2, qui a \u00e9t\u00e9 mis \u00e0 l&rsquo;antenne aujourd\u2019hui pour le retour de Julian Bugier apr\u00e8s ses vacances &#8211; VIDEO"},"content":{"rendered":"<p>Aujourd&rsquo;hui, \u00e0 la mi-journ\u00e9e, les t\u00e9l\u00e9spectateurs de France 2 ont pu retrouver Julian Bugier aux commandes du journal de 13h. Et pour la rentr\u00e9e, la cha\u00eene a proc\u00e9d\u00e9 \u00e0 une modification de l&rsquo;habillage de l&rsquo;\u00e9dition.<\/p>\n<p>Dans ce nouvel habillage, le rouge historique de France 2 reste pr\u00e9sent. A l&rsquo;annonce des titres, ces derniers sont pr\u00e9sent\u00e9s dans de grands cartouches blancs aux angles arrondis ainsi qu&rsquo;avec un petit bandeau sombre. Des cartouches qui sont \u00e9galement utilis\u00e9s pendant les reportages.<\/p>\n<p>Ce soir, c&rsquo;est \u00e9galement la rentr\u00e9e pour le 20h de France 2. Les t\u00e9l\u00e9spectateurs ne retrouveront pas L\u00e9a Salam\u00e9 pour une 2e saison. Elle a annonc\u00e9, ce matin, quitter, d\u00e8s aujourd&rsquo;hui sa pr\u00e9sentation apr\u00e8s l&rsquo;annonce de la candidature de son compagnon, Rapha\u00ebl Glucksmann. Elle est remplac\u00e9e par Jean-Baptiste Marteau.<\/p>\n<p>.<\/p>\n<p><img decoding=\"async\" src=\"https:\/\/www.europesays.com\/fr\/wp-content\/uploads\/2026\/08\/capture_decran_2026-08-24_a_15.03.30.png\" border=\"0\" id=\"previewImg\"\/><\/p>\n<p>.<\/p>\n<p><img decoding=\"async\" src=\"https:\/\/www.europesays.com\/fr\/wp-content\/uploads\/2026\/08\/capture_decran_2026-08-24_a_15.11.29.png\" border=\"0\" style=\"display: block; margin-left: auto; margin-right: auto;\" id=\"previewImg\"\/><\/p>\n<p>\u00a0<\/p>\n<p>\u00a0<\/p>\n","protected":false},"excerpt":{"rendered":"Aujourd&rsquo;hui, \u00e0 la mi-journ\u00e9e, les t\u00e9l\u00e9spectateurs de France 2 ont pu retrouver Julian Bugier aux commandes du journal&hellip;\n","protected":false},"author":2,"featured_media":1146296,"comment_status":"","ping_status":"","sticky":false,"template":"","format":"standard","meta":{"footnotes":"","_share_on_mastodon":"0"},"categories":[1356],"tags":[58,59,1011,27,594,101380,4662,44488,252,1364],"class_list":["post-1146295","post","type-post","status-publish","format-standard","has-post-thumbnail","category-television","tag-divertissement","tag-entertainment","tag-fr","tag-france","tag-france-2","tag-habillage","tag-journal","tag-nouveautu00e9","tag-television","tag-tv"],"share_on_mastodon":{"url":"https:\/\/pubeurope.com\/@fr\/117151404407117988","error":""},"_links":{"self":[{"href":"https:\/\/www.europesays.com\/fr\/wp-json\/wp\/v2\/posts\/1146295","targetHints":{"allow":["GET"]}}],"collection":[{"href":"https:\/\/www.europesays.com\/fr\/wp-json\/wp\/v2\/posts"}],"about":[{"href":"https:\/\/www.europesays.com\/fr\/wp-json\/wp\/v2\/types\/post"}],"author":[{"embeddable":true,"href":"https:\/\/www.europesays.com\/fr\/wp-json\/wp\/v2\/users\/2"}],"replies":[{"embeddable":true,"href":"https:\/\/www.europesays.com\/fr\/wp-json\/wp\/v2\/comments?post=1146295"}],"version-history":[{"count":0,"href":"https:\/\/www.europesays.com\/fr\/wp-json\/wp\/v2\/posts\/1146295\/revisions"}],"wp:featuredmedia":[{"embeddable":true,"href":"https:\/\/www.europesays.com\/fr\/wp-json\/wp\/v2\/media\/1146296"}],"wp:attachment":[{"href":"https:\/\/www.europesays.com\/fr\/wp-json\/wp\/v2\/media?parent=1146295"}],"wp:term":[{"taxonomy":"category","embeddable":true,"href":"https:\/\/www.europesays.com\/fr\/wp-json\/wp\/v2\/categories?post=1146295"},{"taxonomy":"post_tag","embeddable":true,"href":"https:\/\/www.europesays.com\/fr\/wp-json\/wp\/v2\/tags?post=1146295"}],"curies":[{"name":"wp","href":"https:\/\/api.w.org\/{rel}","templated":true}]}}