{"id":114630,"date":"2025-05-20T15:33:08","date_gmt":"2025-05-20T15:33:08","guid":{"rendered":"https:\/\/www.europesays.com\/fr\/114630\/"},"modified":"2025-05-20T15:33:08","modified_gmt":"2025-05-20T15:33:08","slug":"florian-grill-entrouvre-la-porte-aux-joueurs-premium-pour-la-tournee-en-nouvelle-zelande","status":"publish","type":"post","link":"https:\/\/www.europesays.com\/fr\/114630\/","title":{"rendered":"Florian Grill entrouvre la porte aux joueurs premium pour la tourn\u00e9e en Nouvelle-Z\u00e9lande"},"content":{"rendered":"<p>Dans une interview accord\u00e9e au m\u00e9dia n\u00e9o-z\u00e9landais The Post, le pr\u00e9sident de la FFR a laiss\u00e9 entrevoir la possibilit\u00e9 de retenir quelques cadres pour la tourn\u00e9e des Bleus au pays des All Blacks cet \u00e9t\u00e9.<\/p>\n<p class=\"fig-paragraph\">La perspective fait r\u00e2ler la f\u00e9d\u00e9ration n\u00e9o-z\u00e9landaise. Comme chaque \u00e9t\u00e9, Fabien Galthi\u00e9 a pr\u00e9vu de se priver de ses joueurs dits premium pour la tourn\u00e9e. Un manque de consid\u00e9ration selon les dirigeants des All Blacks alors que le XV de France va disputer trois test-matchs en juillet (le 5 \u00e0 Dunedin, le 12 \u00e0 Wellington et le 19 \u00e0 Hamilton).<\/p>\n<p class=\"fig-paragraph\">Mais certains Bleus ont fait savoir qu\u2019ils \u00e9taient partants pour ce voyage unique dans une carri\u00e8re,\u00a0<a href=\"http:\/\/www.lefigaro.fr\/sports\/rugby\/xv-de-france\/xv-de-france-c-est-mon-reve-de-jouer-la-bas-plusieurs-bleus-souhaiteraient-faire-la-tournee-estivale-chez-les-all-blacks-20250316\" data-fig-type=\"NewsFlash\" data-gtm-custom-categorie=\"navigation\" data-gtm-custom-action=\"crossclick\" data-gtm-custom-label=\"Contextuel\" data-gtm-event=\"customEventSPE\" data-fig-domain=\"LEFIGARO\" target=\"_blank\" rel=\"noopener\">dont le Toulousain Romain Ntamack<\/a>\u00a0ou le Rochelais Gr\u00e9gory Alldritt.\u00a0<a href=\"http:\/\/www.lefigaro.fr\/sports\/rugby\/6-nations\/gagner-le-tournoi-est-un-grand-bonheur-et-un-soulagement-fabien-galthie-fixe-le-cap-pour-la-coupe-du-monde-en-australie-20250318\" data-fig-type=\"Article\" data-gtm-custom-categorie=\"navigation\" data-gtm-custom-action=\"crossclick\" data-gtm-custom-label=\"Contextuel\" data-gtm-event=\"customEventSPE\" data-fig-domain=\"LEFIGARO\" target=\"_blank\" rel=\"noopener\">Un souhait accueilli avec grande prudence par le s\u00e9lectionneur du XV de France.<\/a><\/p>\n<p class=\"fig-paragraph\">\u00abNous avons d\u00e9cid\u00e9 de ne pas prendre certains joueurs lors des tourn\u00e9es d\u2019\u00e9t\u00e9 pour sacraliser une p\u00e9riode de r\u00e9cup\u00e9ration, juillet-ao\u00fbt, durant laquelle les joueurs se r\u00e9g\u00e9n\u00e8rent. Si on les emm\u00e8ne en Nouvelle-Z\u00e9lande, \u00e7a les am\u00e8ne au 20 juillet. Est-ce que ces joueurs peuvent passer un accord avec leur club pour qu\u2019ils soient \u00e0 l\u2019arr\u00eat deux mois ensuite, c\u2019est-\u00e0-dire sans comp\u00e9tition jusqu\u2019\u00e0 fin septembre\u00a0? Si on trouve un am\u00e9nagement, on peut y r\u00e9fl\u00e9chir. Sinon, franchement, si c\u2019est pour se d\u00e9grader physiquement, nous mettre en danger jusqu\u2019\u00e0 2027, \u00e7a n\u2019a aucun int\u00e9r\u00eat. Si les joueurs viennent avec trop de minutes d\u00e9j\u00e0 jou\u00e9es et n\u2019ont pas de plage de r\u00e9cup\u00e9ration apr\u00e8s, je les ai perdus pour la Coupe du monde. Ils n\u2019auront pas le temps de se r\u00e9g\u00e9n\u00e9rer, ni pour la tourn\u00e9e de novembre prochain &#8211; o\u00f9 l\u2019on re\u00e7oit l\u2019Afrique du Sud, les Fidji et l\u2019Australie &#8211; ni pour le tournoi 2026. Et, apr\u00e8s, il y a une dette de r\u00e9g\u00e9n\u00e9ration qui les met en danger sur leur niveau\u00bb, avait r\u00e9cemment confi\u00e9 Fabien Galthi\u00e9 au Figaro.<\/p>\n<p class=\"fig-body-link\">\n            \u00c0 lire aussi<br \/>\n        <a class=\"fig-body-link__link\" href=\"http:\/\/www.lefigaro.fr\/sports\/rugby\/xv-de-france\/xv-de-france-c-est-mon-reve-de-jouer-la-bas-plusieurs-bleus-souhaiteraient-faire-la-tournee-estivale-chez-les-all-blacks-20250316\" data-fig-type=\"NewsFlash\" data-gtm-custom-categorie=\"navigation\" data-gtm-custom-action=\"crossclick\" data-gtm-custom-label=\"Contextuel\" data-gtm-event=\"customEventSPE\" data-fig-domain=\"LEFIGARO\" target=\"_blank\" rel=\"noopener\">XV de France\u00a0: \u00abC\u2019est mon r\u00eave de jouer l\u00e0-bas\u00bb, plusieurs Bleus souhaiteraient faire la tourn\u00e9e estivale chez les All Blacks<br \/>\n    <\/a>\n<\/p>\n<p class=\"fig-paragraph\">Des n\u00e9gociations sont en cours, au cas par cas, avec les clubs du Top 14, pour obtenir cette p\u00e9riode de r\u00e9cup\u00e9ration. En gros, s\u2019ils vont en Nouvelle-Z\u00e9lande, ils b\u00e9n\u00e9ficient ensuite d\u2019un mois de repos pour une reprise en Top 14 pas avant fin septembre. Un v\u00e9ritable sacrifice \u00e0 consentir par les employeurs de ces joueurs.<\/p>\n<p class=\"fig-paragraph\">Mais, \u00e0 en croire Florian Grill, des accords seraient en passe d\u2019\u00eatre trouv\u00e9s pour emmener quelques cadres, \u00e0 titre d\u2019exception, en tourn\u00e9e en Nouvelle-Z\u00e9lande. \u00abNous avons donc une responsabilit\u00e9 majeure\u00a0: pr\u00e9server leur sant\u00e9 physique et mentale et leur accorder des p\u00e9riodes de repos indispensables. La s\u00e9lection pour la tourn\u00e9e de juillet repose sur deux principes clairs. D\u2019abord, une analyse approfondie men\u00e9e par le staff des Bleus prend en compte l\u2019\u00e9tat physique des joueurs, leur niveau de fatigue et de performance pour construire un groupe comp\u00e9titif et \u00e9quilibr\u00e9. Ensuite, cette s\u00e9lection respecte un cadre r\u00e9glementaire d\u00e9fini conjointement avec la LNR, qui stipule notamment que les finalistes du Top 14 ne sont pas \u00e9ligibles pour la tourn\u00e9e. Mais des exceptions sont possibles, et elles font actuellement l\u2019objet de discussions avec la LNR\u00bb, a assur\u00e9 le pr\u00e9sident de la FFR.<\/p>\n","protected":false},"excerpt":{"rendered":"Dans une interview accord\u00e9e au m\u00e9dia n\u00e9o-z\u00e9landais The Post, le pr\u00e9sident de la FFR a laiss\u00e9 entrevoir la&hellip;\n","protected":false},"author":2,"featured_media":114631,"comment_status":"","ping_status":"","sticky":false,"template":"","format":"standard","meta":{"footnotes":""},"categories":[1416],"tags":[2306,47,2305,525,3984,451,64,515,1011,27,1922,9414,1980,7205,479,1468,2259,2307,60,513],"class_list":{"0":"post-114630","1":"post","2":"type-post","3":"status-publish","4":"format-standard","5":"has-post-thumbnail","7":"category-rugby","8":"tag-6-nations","9":"tag-actualite","10":"tag-all-blacks","11":"tag-calendrier","12":"tag-composition","13":"tag-coupe-du-monde","14":"tag-equipe-de-france","15":"tag-fabien-galthie","16":"tag-fr","17":"tag-france","18":"tag-info","19":"tag-marcoussis","20":"tag-resultats","21":"tag-romain-ntamack","22":"tag-rugby","23":"tag-rugby-football","24":"tag-score","25":"tag-six-nations","26":"tag-sports","27":"tag-xv-de-france"},"share_on_mastodon":{"url":"https:\/\/pubeurope.com\/@fr\/114540891573565713","error":""},"_links":{"self":[{"href":"https:\/\/www.europesays.com\/fr\/wp-json\/wp\/v2\/posts\/114630","targetHints":{"allow":["GET"]}}],"collection":[{"href":"https:\/\/www.europesays.com\/fr\/wp-json\/wp\/v2\/posts"}],"about":[{"href":"https:\/\/www.europesays.com\/fr\/wp-json\/wp\/v2\/types\/post"}],"author":[{"embeddable":true,"href":"https:\/\/www.europesays.com\/fr\/wp-json\/wp\/v2\/users\/2"}],"replies":[{"embeddable":true,"href":"https:\/\/www.europesays.com\/fr\/wp-json\/wp\/v2\/comments?post=114630"}],"version-history":[{"count":0,"href":"https:\/\/www.europesays.com\/fr\/wp-json\/wp\/v2\/posts\/114630\/revisions"}],"wp:featuredmedia":[{"embeddable":true,"href":"https:\/\/www.europesays.com\/fr\/wp-json\/wp\/v2\/media\/114631"}],"wp:attachment":[{"href":"https:\/\/www.europesays.com\/fr\/wp-json\/wp\/v2\/media?parent=114630"}],"wp:term":[{"taxonomy":"category","embeddable":true,"href":"https:\/\/www.europesays.com\/fr\/wp-json\/wp\/v2\/categories?post=114630"},{"taxonomy":"post_tag","embeddable":true,"href":"https:\/\/www.europesays.com\/fr\/wp-json\/wp\/v2\/tags?post=114630"}],"curies":[{"name":"wp","href":"https:\/\/api.w.org\/{rel}","templated":true}]}}