{"id":114637,"date":"2025-05-20T15:38:11","date_gmt":"2025-05-20T15:38:11","guid":{"rendered":"https:\/\/www.europesays.com\/fr\/114637\/"},"modified":"2025-05-20T15:38:11","modified_gmt":"2025-05-20T15:38:11","slug":"tour-de-france-2025-pourquoi-le-passage-a-montmartre-inquiete-des-favoris","status":"publish","type":"post","link":"https:\/\/www.europesays.com\/fr\/114637\/","title":{"rendered":"Tour de France 2025 : pourquoi le passage \u00e0 Montmartre inqui\u00e8te des favoris"},"content":{"rendered":"<p>Un an apr\u00e8s les Jeux de Paris, le Tour de France va arpenter \u00e0 son tour la colline de Montmartre, le 27 juillet prochain, lors de la 21\u1d49 et derni\u00e8re \u00e9tape.Si le public est impatient de raviver la magie olympique, ce passage par les pav\u00e9s parisiens n&#8217;emballe pas des t\u00eates d&rsquo;affiche de la Grande Boucle, Jonas Vingegaard et Remco Evenepoel.<\/p>\n<p data-module=\"article-paragraph\" class=\"jsx-362436225 Paragraph\">Des ruelles encombr\u00e9es, une ambiance survolt\u00e9e, des spectateurs galvanis\u00e9s&#8230; Comme les nostalgiques des Jeux olympiques l&rsquo;escomptaient, Paris va revivre <a href=\"https:\/\/www.tf1info.fr\/jeux-olympiques\/jo-2024-les-images-impressionnantes-de-la-course-cycliste-en-ligne-dans-paris-montmartre-trocadero-2313094.html\" target=\"_blank\" rel=\"noopener\">l&rsquo;une des pages enchant\u00e9es<\/a> de sa grand-messe estivale. Le 27 juillet prochain, le peloton du Tour de France 2025 gravira les pav\u00e9s de <a href=\"https:\/\/www.tf1info.fr\/sport\/cyclisme-tour-de-france-2025-la-derniere-etape-passera-par-montmartre-empruntera-les-paves-de-montmartre-rue-lepic-confirme-emmanuel-macron-2370675.html\" target=\"_blank\" rel=\"noopener\">la butte Montmartre<\/a>. Les m\u00eames pav\u00e9s que ceux emprunt\u00e9s l&rsquo;\u00e9t\u00e9 dernier sur la course en ligne des JO.<\/p>\n<p data-module=\"article-paragraph\" class=\"jsx-362436225 Paragraph Paragraph__End\">Si les fans de v\u00e9lo boivent du petit-lait, la refonte du trac\u00e9 de la 21\u1d49 et derni\u00e8re \u00e9tape, habituelle procession vers les Champs-\u00c9lys\u00e9es, d\u00e9pla\u00eet \u00e0 des stars de la Grande Boucle.\u00a0<\/p>\n<blockquote class=\"jsx-2786790838 Quote__Text\"><p>On sera 150 \u00e0 se battre (&#8230;) sur une mont\u00e9e tr\u00e8s \u00e9troite<\/p><\/blockquote>\n<p>Jonas Vingegaard, double vainqueur du Tour de France 2022 et 2023<\/p>\n<p data-module=\"article-paragraph\" class=\"jsx-362436225 Paragraph\">\u00ab\u00a0Pour \u00eatre honn\u00eate, je ne trouve pas que ce soit une bonne id\u00e9e\u00a0\u00bb, a d\u00e9clar\u00e9 <a href=\"https:\/\/www.tf1info.fr\/sport\/cyclisme-tour-de-france-2023-dopage-je-ne-prendrais-rien-que-je-ne-donnerais-pas-a-ma-fille-se-defend-jonas-vingegaard-2264258.html\" target=\"_blank\" rel=\"noopener\">Jonas Vingegaard<\/a>, double vainqueur du Tour en 2022 et 2023, lundi 19 mai, lors d&rsquo;une visioconf\u00e9rence depuis la Sierra Nevada, en Espagne, o\u00f9 il se pr\u00e9pare pour \u00ab\u00a0battre\u00a0\u00bb son rival <a href=\"https:\/\/www.tf1info.fr\/sport\/tdf-tour-de-france-2024-cinq-choses-a-savoir-qui-est-tadej-pogacar-palmares-vainqueur-de-la-grande-boucle-2309640.html\" target=\"_blank\" rel=\"noopener\">Tadej Pogacar<\/a>, qui l&rsquo;a d\u00e9tr\u00f4n\u00e9 l&rsquo;an dernier.<\/p>\n<p data-module=\"article-paragraph\" class=\"jsx-362436225 Paragraph Paragraph__End\">\u00ab\u00a0Montmartre, \u00e7a a \u00e9t\u00e9 tr\u00e8s sympa pendant les JO, il y avait plein de monde avec une bonne ambiance. Mais quand les coureurs y sont arriv\u00e9s, il ne restait alors plus que 50 coureurs dans le peloton. Sur le Tour de France, on sera 150 \u00e0 se battre pour se positionner sur une mont\u00e9e tr\u00e8s \u00e9troite\u00a0\u00bb, a expliqu\u00e9 le leader danois de l&rsquo;\u00e9quipe Visma-Lease a bike. \u00ab\u00a0\u00c7a va ajouter du stress, plus qu&rsquo;on ne le voudrait.\u00a0\u00bb\u00a0<\/p>\n<blockquote class=\"jsx-2786790838 Quote__Text\"><p>Un stress suppl\u00e9mentaire inutile \u00e0 mon sens<\/p><\/blockquote>\n<p>Remco Evenepoel, double champion olympique en titre<\/p>\n<p data-module=\"article-paragraph\" class=\"jsx-362436225 Paragraph\">Ce passage sinueux par Montmartre, o\u00f9 les favoris ne seraient pas \u00e0 l&rsquo;abri d&rsquo;une chute ou d&rsquo;une d\u00e9faillance m\u00e9canique, va insuffler une dose d&rsquo;incertitude jusqu&rsquo;au sprint final sur \u00ab\u00a0la plus belle avenue du monde\u00a0\u00bb.\u00a0<\/p>\n<p data-module=\"article-paragraph\" class=\"jsx-362436225 Paragraph Paragraph__End\">\u00ab\u00a0Ce n&rsquo;est pas la peine de compliquer les choses. On aura assez de moments pour livrer bataille, \u00e0 se battre pour garder notre position, sans avoir \u00e7a en plus le dernier jour\u00a0\u00bb, pestait fin avril le double champion olympique <a href=\"https:\/\/www.tf1info.fr\/jeux-olympiques\/jo-2024-paris-montmartre-deux-medailles-tricolores-valentin-madouas-argent-christophe-laporte-bronze-au-bout-de-la-course-en-ligne-en-cyclisme-2313093.html\" target=\"_blank\" rel=\"noopener\">Remco Evenepoel<\/a>. \u00ab\u00a0\u00c7a ne me pla\u00eet pas. C&rsquo;est mieux sans Montmartre qu&rsquo;avec\u00a0\u00bb, lan\u00e7ait m\u00eame le Belge de la Soudal Quick-Step, qui a pourtant triomph\u00e9 des pav\u00e9s parisiens pour se parer d&rsquo;or. \u00ab\u00a0C&rsquo;est un stress suppl\u00e9mentaire qui est inutile \u00e0 mon sens. Au vu de ce qui pr\u00e9c\u00e8de, on sera suffisamment fatigu\u00e9s.\u00a0\u00bb<\/p>\n<ul class=\"jsx-3657663356 ReadMoreArticle__List flex flex-column\">\n<li class=\"jsx-3657663356\"><a href=\"https:\/\/www.tf1info.fr\/sport\/direct-tour-de-france-2025-les-etapes-devoilees-ce-mardi-decouvrez-l-annonce-du-parcours-avec-nous-2331052.html\" rel=\"noopener\" class=\"jsx-4233824444 Link flex\" target=\"_blank\"><img decoding=\"async\" src=\"https:\/\/www.europesays.com\/fr\/wp-content\/uploads\/2025\/04\/tour-de-france-2025-7c94e1-0@1x.jpeg\" alt=\"Lire aussi\" loading=\"lazy\" importance=\"low\" fetchpriority=\"low\" class=\"\"\/>\n<p class=\"jsx-3657663356 ReadMoreArticle__Title\">Lire aussi<\/p>\n<p class=\"jsx-3657663356\">Un Tour de France 100% fran\u00e7ais&#8230; D\u00e9couvrez le parcours de la Grande Boucle 2025<\/p>\n<p><\/a><\/li>\n<\/ul>\n<p data-module=\"article-paragraph\" class=\"jsx-362436225 Paragraph Paragraph__End\">Les d\u00e9tails du trac\u00e9 seront connus, mercredi 21 mai, lors d&rsquo;une conf\u00e9rence de presse \u00e0 la mairie de Paris. \u00c0 cette occasion, sera r\u00e9v\u00e9l\u00e9 le positionnement de l&rsquo;ascension de Montmartre. Pas s\u00fbr que cela apaise leurs griefs.<\/p>\n<p>Yohan ROBLIN<\/p>\n","protected":false},"excerpt":{"rendered":"Un an apr\u00e8s les Jeux de Paris, le Tour de France va arpenter \u00e0 son tour la colline&hellip;\n","protected":false},"author":2,"featured_media":114638,"comment_status":"","ping_status":"","sticky":false,"template":"","format":"standard","meta":{"footnotes":""},"categories":[1411],"tags":[1111,11,1921,1154,207,1011,27,1922,626,60,210,133,4712],"class_list":{"0":"post-114637","1":"post","2":"type-post","3":"status-publish","4":"format-standard","5":"has-post-thumbnail","7":"category-cyclisme","8":"tag-actu","9":"tag-actualites","10":"tag-article-video","11":"tag-cycling","12":"tag-cyclisme","13":"tag-fr","14":"tag-france","15":"tag-info","16":"tag-paris","17":"tag-sports","18":"tag-tour-de-france","19":"tag-video","20":"tag-video-sports"},"share_on_mastodon":{"url":"https:\/\/pubeurope.com\/@fr\/114540911483588523","error":""},"_links":{"self":[{"href":"https:\/\/www.europesays.com\/fr\/wp-json\/wp\/v2\/posts\/114637","targetHints":{"allow":["GET"]}}],"collection":[{"href":"https:\/\/www.europesays.com\/fr\/wp-json\/wp\/v2\/posts"}],"about":[{"href":"https:\/\/www.europesays.com\/fr\/wp-json\/wp\/v2\/types\/post"}],"author":[{"embeddable":true,"href":"https:\/\/www.europesays.com\/fr\/wp-json\/wp\/v2\/users\/2"}],"replies":[{"embeddable":true,"href":"https:\/\/www.europesays.com\/fr\/wp-json\/wp\/v2\/comments?post=114637"}],"version-history":[{"count":0,"href":"https:\/\/www.europesays.com\/fr\/wp-json\/wp\/v2\/posts\/114637\/revisions"}],"wp:featuredmedia":[{"embeddable":true,"href":"https:\/\/www.europesays.com\/fr\/wp-json\/wp\/v2\/media\/114638"}],"wp:attachment":[{"href":"https:\/\/www.europesays.com\/fr\/wp-json\/wp\/v2\/media?parent=114637"}],"wp:term":[{"taxonomy":"category","embeddable":true,"href":"https:\/\/www.europesays.com\/fr\/wp-json\/wp\/v2\/categories?post=114637"},{"taxonomy":"post_tag","embeddable":true,"href":"https:\/\/www.europesays.com\/fr\/wp-json\/wp\/v2\/tags?post=114637"}],"curies":[{"name":"wp","href":"https:\/\/api.w.org\/{rel}","templated":true}]}}