{"id":1146436,"date":"2026-08-24T17:51:13","date_gmt":"2026-08-24T17:51:13","guid":{"rendered":"https:\/\/www.europesays.com\/fr\/1146436\/"},"modified":"2026-08-24T17:51:13","modified_gmt":"2026-08-24T17:51:13","slug":"bally-bagayoko-maire-lfi-de-saint-denis-vise-par-une-enquete-pour-detournement-de-fonds-publics","status":"publish","type":"post","link":"https:\/\/www.europesays.com\/fr\/1146436\/","title":{"rendered":"Bally Bagayoko, maire LFI de Saint-Denis, vis\u00e9 par une enqu\u00eate pour d\u00e9tournement de fonds publics"},"content":{"rendered":"<p>\n    Cette enqu\u00eate pr\u00e9liminaire vise \u00e0 \u00abproc\u00e9der aux v\u00e9rifications utiles concernant les conditions d\u2019emploi\u00bb de Bally Bagayoko \u00e0 la RATP, indique le Parquet national financier dans un communiqu\u00e9.<\/p>\n<p class=\"fig-paragraph\">Le\u00a0<a href=\"https:\/\/www.lefigaro.fr\/tag\/parquet-national-financier\" data-fig-type=\"Keyword\" data-gtm-custom-categorie=\"navigation\" data-gtm-custom-action=\"crossclick\" data-gtm-custom-label=\"Contextuel\" data-gtm-event=\"customEventSPE\" data-fig-domain=\"LEFIGARO\" rel=\"nofollow noopener\" target=\"_blank\">parquet national financier<\/a>\u00a0(PNF) a annonc\u00e9 lundi 24 ao\u00fbt avoir ouvert une enqu\u00eate, notamment pour d\u00e9tournement de fonds publics, concernant la fa\u00e7on dont le maire LFI de Saint-Denis\u00a0<a href=\"https:\/\/www.lefigaro.fr\/tag\/bally-bagayoko\" data-fig-type=\"Keyword\" data-gtm-custom-categorie=\"navigation\" data-gtm-custom-action=\"crossclick\" data-gtm-custom-label=\"Contextuel\" data-gtm-event=\"customEventSPE\" data-fig-domain=\"LEFIGARO\" rel=\"nofollow noopener\" target=\"_blank\">Bally Bagayoko<\/a>\u00a0a \u00e9t\u00e9 employ\u00e9 \u00e0 la RATP.\u00a0Cette enqu\u00eate pr\u00e9liminaire vise \u00e0 \u00abproc\u00e9der aux v\u00e9rifications utiles concernant les conditions d\u2019emploi\u00bb de M. Bagayoko \u00e0 la r\u00e9gie des transports parisiens, a pr\u00e9cis\u00e9 le PNF dans un communiqu\u00e9. Sollicit\u00e9 par l\u2019AFP, M. Bagayoko, qui avait pr\u00e9c\u00e9demment d\u00e9nonc\u00e9 des \u00abaccusations absurdes\u00bb, s\u2019est dit \u00abserein sur l\u2019issue\u00bb lundi, par la voix de son entourage. \u00abJe souhaite que cette affaire soit trait\u00e9e le plus rapidement possible et me tiens \u00e0 disposition de la justice\u00bb, a-t-il pr\u00e9cis\u00e9, selon la m\u00eame source.<\/p>\n<p class=\"fig-paragraph\">L\u2019enqu\u00eate a \u00e9t\u00e9 ouverte le 19 ao\u00fbt, pour \u00abd\u00e9tournement de fonds publics, recel et concussion\u00bb, apr\u00e8s des articles de presse, parus notamment dans Le Canard encha\u00een\u00e9, puis la r\u00e9ception de plaintes de l\u2019association AC!! Anti-corruption. L\u2019association anti-corruption, dont l\u2019ancien juge \u00c9ric Halphen est pr\u00e9sident d\u2019honneur, a d\u00e9pos\u00e9 deux plaintes\u00a0: la premi\u00e8re, s\u2019appuyant sur un article de l\u2019hebdomadaire satirique, visait notamment l\u2019Insoumis Bally Bagayoko.<\/p>\n<p>                                            <a class=\"fig-a11y-skip\" href=\"#fig-a11y-skip-main-inarticle\" is=\"fig-a11y-skip\" data-trigger-mode=\"visible-once\"><br \/>\n    Passer la publicit\u00e9<br \/>\n<\/a>            <\/p>\n<p class=\"fig-paragraph\">Le Canard encha\u00een\u00e9 \u00e9voquait le fait qu\u2019\u00abavant de conqu\u00e9rir la mairie de Saint-Denis, Bally Bagayoko (avait) longtemps cumul\u00e9 mandat local et poste de cadre \u00e0 la RATP\u00bb. Il \u00e9voquait un recrutement en 2000, et un cumul avec des fonctions d\u2019adjoint au maire, auxquelles s\u2019est ajout\u00e9 un temps celle de vice-pr\u00e9sident du conseil d\u00e9partemental.<\/p>\n<p class=\"fig-paragraph\">Cette plainte \u00e9tait suivie d\u2019une deuxi\u00e8me, mi-ao\u00fbt, s\u2019appuyant \u00e9galement sur des articles de Mediapart et de Marianne, et d\u00e9non\u00e7ant l\u2019existence pr\u00e9sum\u00e9e \u00abd\u2019un syst\u00e8me organis\u00e9 et structur\u00e9 d\u2019emplois fictifs et non d\u2019actes isol\u00e9s\u00bb pour des \u00ab\u00e9lus parisiens et franciliens \u00e0 la RATP, de tout bord politique\u00bb. Ces \u00e9lus auraient ainsi \u00ab\u00e9t\u00e9 r\u00e9mun\u00e9r\u00e9s par la RATP pour des postes sans activit\u00e9 r\u00e9elle, parfois sans pr\u00e9sence, parfois sans fiche de poste identifiable\u00bb, selon la plainte.<\/p>\n<p>                                            La RATP promet de \u00abcoop\u00e9rer\u00bb<\/p>\n<p class=\"fig-paragraph\">Sollicit\u00e9 par l\u2019AFP pour savoir quel service \u00e9tait charg\u00e9 de l\u2019enqu\u00eate ou si d\u2019autres \u00e9lus \u00e9taient vis\u00e9s, le PNF n\u2019a pas souhait\u00e9 communiquer davantage d\u2019informations.<\/p>\n<p class=\"fig-paragraph\">La RATP, qui avait pr\u00e9c\u00e9demment d\u00e9menti \u00ables all\u00e9gations d\u2019emploi de complaisance au sein de l\u2019entreprise\u00bb, a dit accueillir \u00abfavorablement\u00bb l\u2019annonce de l\u2019ouverture de l\u2019enqu\u00eate, \u00abqui permettra aux investigations de se mener dans un cadre judiciaire garantissant l\u2019ind\u00e9pendance et la s\u00e9r\u00e9nit\u00e9 n\u00e9cessaires \u00e0 l\u2019\u00e9tablissement des faits\u00bb. \u00abD\u00e8s la prise de connaissance de la plainte, la RATP a r\u00e9uni les \u00e9l\u00e9ments \u00e0 sa disposition, lesquels sont transmis \u00e0 l\u2019autorit\u00e9 judiciaire, avec laquelle elle coop\u00e8re pleinement\u00bb, a ajout\u00e9 l\u2019entreprise.<\/p>\n<p class=\"fig-paragraph\">Elle avait plus t\u00f4t assur\u00e9 observer \u00ables r\u00e8gles de droit commun, dont la loi du 22 d\u00e9cembre 2025, qui permettent et facilitent la conciliation de l\u2019exercice d\u2019un mandat d\u2019\u00e9lu local avec la vie professionnelle et personnelle des salari\u00e9s\u00bb.<\/p>\n<p>                                            <a class=\"fig-a11y-skip\" href=\"#fig-a11y-skip-main-inarticle_mtf\" is=\"fig-a11y-skip\" data-trigger-mode=\"visible-once\"><br \/>\n    Passer la publicit\u00e9<br \/>\n<\/a>            <\/p>\n<p class=\"fig-paragraph\">Dans les colonnes du Canard encha\u00een\u00e9, l\u2019ancien directeur g\u00e9n\u00e9ral de la r\u00e9gie charg\u00e9 du d\u00e9veloppement, Jacques Marsaud, avait confirm\u00e9 le recrutement de M. Bagayoko, sur sa \u00abproposition\u00bb. \u00abLa RATP a toujours eu une politique de bonne intelligence avec les \u00e9lus (&#8230;) En contrepartie (d\u2019horaires \u00e9lastiques), ils \u00e9taient de remarquables agents commerciaux de la RATP\u00bb, avait-il confi\u00e9.<\/p>\n<p class=\"fig-paragraph\">\u00abContinuer de travailler m\u2019a permis de garder les pieds sur terre\u00bb, avait expliqu\u00e9 de son c\u00f4t\u00e9 Bally Bagayoko, 53 ans, au Canard encha\u00een\u00e9. Apr\u00e8s la parution de ces articles, M. Bagayoko, sur ses r\u00e9seaux sociaux, avait d\u00e9nonc\u00e9 une \u00abvolont\u00e9 de (le) discr\u00e9diter politiquement\u00bb et des \u00abaccusations absurdes\u00bb. De nombreux cadres de LFI ont pris sa d\u00e9fense, le leader du mouvement Jean-Luc M\u00e9lenchon d\u00e9non\u00e7ant des \u00abcalomnies contre Bally Bagayoko, d\u00e9menties par la RATP\u00bb et une \u00abcampagne\u00bb contre des \u00e9lus noirs du mouvement.<\/p>\n<p class=\"fig-paragraph\">\u00abNous sommes tr\u00e8s satisfaits que le PNF ouvre une enqu\u00eate suite \u00e0 nos plaintes, car il y avait mati\u00e8re\u00bb, a r\u00e9agi de son c\u00f4t\u00e9 le pr\u00e9sident d\u2019AC!! Anti-corruption, Marcel Claude. \u00abLa seule chose qui anime AC!! Anticorruption, c\u2019est l\u2019argent public, et rien d\u2019autre\u00bb, a-t-il ajout\u00e9, affirmant que son association \u00aba toute confiance dans les enqu\u00eateurs et la justice de notre pays\u00bb.<\/p>\n","protected":false},"excerpt":{"rendered":"Cette enqu\u00eate pr\u00e9liminaire vise \u00e0 \u00abproc\u00e9der aux v\u00e9rifications utiles concernant les conditions d\u2019emploi\u00bb de Bally Bagayoko \u00e0 la&hellip;\n","protected":false},"author":2,"featured_media":1146437,"comment_status":"","ping_status":"","sticky":false,"template":"","format":"standard","meta":{"footnotes":"","_share_on_mastodon":"0"},"categories":[4],"tags":[11,1011,27,780,12,25],"class_list":["post-1146436","post","type-post","status-publish","format-standard","has-post-thumbnail","category-france","tag-actualites","tag-fr","tag-france","tag-lfi","tag-news","tag-republique-francaise"],"share_on_mastodon":{"url":"https:\/\/pubeurope.com\/@fr\/117151759617264276","error":""},"_links":{"self":[{"href":"https:\/\/www.europesays.com\/fr\/wp-json\/wp\/v2\/posts\/1146436","targetHints":{"allow":["GET"]}}],"collection":[{"href":"https:\/\/www.europesays.com\/fr\/wp-json\/wp\/v2\/posts"}],"about":[{"href":"https:\/\/www.europesays.com\/fr\/wp-json\/wp\/v2\/types\/post"}],"author":[{"embeddable":true,"href":"https:\/\/www.europesays.com\/fr\/wp-json\/wp\/v2\/users\/2"}],"replies":[{"embeddable":true,"href":"https:\/\/www.europesays.com\/fr\/wp-json\/wp\/v2\/comments?post=1146436"}],"version-history":[{"count":0,"href":"https:\/\/www.europesays.com\/fr\/wp-json\/wp\/v2\/posts\/1146436\/revisions"}],"wp:featuredmedia":[{"embeddable":true,"href":"https:\/\/www.europesays.com\/fr\/wp-json\/wp\/v2\/media\/1146437"}],"wp:attachment":[{"href":"https:\/\/www.europesays.com\/fr\/wp-json\/wp\/v2\/media?parent=1146436"}],"wp:term":[{"taxonomy":"category","embeddable":true,"href":"https:\/\/www.europesays.com\/fr\/wp-json\/wp\/v2\/categories?post=1146436"},{"taxonomy":"post_tag","embeddable":true,"href":"https:\/\/www.europesays.com\/fr\/wp-json\/wp\/v2\/tags?post=1146436"}],"curies":[{"name":"wp","href":"https:\/\/api.w.org\/{rel}","templated":true}]}}