{"id":114647,"date":"2025-05-20T15:43:12","date_gmt":"2025-05-20T15:43:12","guid":{"rendered":"https:\/\/www.europesays.com\/fr\/114647\/"},"modified":"2025-05-20T15:43:12","modified_gmt":"2025-05-20T15:43:12","slug":"la-tumultueuse-carriere-dadrien-laurent-dans-la-telerealite","status":"publish","type":"post","link":"https:\/\/www.europesays.com\/fr\/114647\/","title":{"rendered":"la tumultueuse carri\u00e8re d\u2019Adrien Laurent dans la t\u00e9l\u00e9r\u00e9alit\u00e9"},"content":{"rendered":"<p><strong>VID\u00c9OS<\/strong> &#8211; Avant d\u2019\u00eatre accus\u00e9 de viol et la suspension de son compte TikTok, l\u2019acteur pornographique AD Laurent avait d\u00e9j\u00e0 sur le petit \u00e9cran un comportement \u00e0 l\u2019\u00e9gard des femmes qui en disait long.<\/p>\n<p class=\"fig-paragraph\">\u00abJ\u2019ai un probl\u00e8me avec mon zizi\u00bb. D\u00e8s sa premi\u00e8re apparition \u00e0 la t\u00e9l\u00e9vision,\u00a0<a href=\"http:\/\/www.lefigaro.fr\/secteur\/high-tech\/adrien-laurent-l-influenceur-qui-fait-de-l-hypersexualisation-des-femmes-son-fonds-de-commerce-20250515\" target=\"_blank\" data-fig-type=\"Article\" rel=\"noopener\" data-gtm-custom-categorie=\"navigation\" data-gtm-custom-action=\"crossclick\" data-gtm-custom-label=\"Contextuel\" data-gtm-event=\"customEventSPE\" data-fig-domain=\"LEFIGARO\"><strong>Adrien Laurent<\/strong><\/a> \u00a0avait d\u00e9j\u00e0 annonc\u00e9 la couleur. Dans \u00abGarde \u00e0 vous\u00bb sur M6, le jeune homme plaisantait sur la taille de son entrejambe face aux instructeurs. Un d\u00e9tail qui quelques ann\u00e9es plus tard r\u00e9sonne autrement puisque son compte\u00a0<a href=\"http:\/\/www.lefigaro.fr\/secteur\/high-tech\/l-ue-accuse-tiktok-de-violer-les-regles-en-matiere-de-publicite-en-ligne-20250515\" target=\"_blank\" data-fig-type=\"NewsFlash\" rel=\"noopener\" data-gtm-custom-categorie=\"navigation\" data-gtm-custom-action=\"crossclick\" data-gtm-custom-label=\"Contextuel\" data-gtm-event=\"customEventSPE\" data-fig-domain=\"LEFIGARO\">TikTok<\/a>, cumulant 1,8 million d\u2019abonn\u00e9s, vient d\u2019\u00eatre suspendu apr\u00e8s une mise en demeure d\u2019<a href=\"http:\/\/www.lefigaro.fr\/faits-divers\/aurore-berge-alerte-tiktok-sur-les-contenus-preoccupants-de-l-influenceur-ad-laurent-20250514\" target=\"_blank\" data-fig-type=\"NewsFlash\" rel=\"noopener\" data-gtm-custom-categorie=\"navigation\" data-gtm-custom-action=\"crossclick\" data-gtm-custom-label=\"Contextuel\" data-gtm-event=\"customEventSPE\" data-fig-domain=\"LEFIGARO\">Aurore Berg\u00e9<\/a>, la ministre d\u00e9l\u00e9gu\u00e9e \u00e0 l\u2019\u00c9galit\u00e9 femmes-hommes.\u00a0<a href=\"http:\/\/www.lefigaro.fr\/secteur\/high-tech\/adrien-laurent-l-influenceur-qui-fait-de-l-hypersexualisation-des-femmes-son-fonds-de-commerce-20250515\" target=\"_blank\" data-fig-type=\"Article\" rel=\"noopener\" data-gtm-custom-categorie=\"navigation\" data-gtm-custom-action=\"crossclick\" data-gtm-custom-label=\"Contextuel\" data-gtm-event=\"customEventSPE\" data-fig-domain=\"LEFIGARO\">Qualifi\u00e9 d\u2019influenceur \u00abprobl\u00e9matique\u00bb, il sera auditionn\u00e9 prochainement \u00e0 l\u2019Assembl\u00e9e nationale<\/a>. Mais bien avant ses d\u00e9boires actuels, les rapports du candidat de t\u00e9l\u00e9r\u00e9alit\u00e9 avec la gent f\u00e9minine suscitaient d\u00e9j\u00e0 quelques interrogations.<\/p>\n<p class=\"fig-paragraph\">Avec son regard malicieux et sa plastique d\u2019ancien sportif, Adrien Laurent n\u2019a pas tard\u00e9 \u00e0 se faire une place sur les antennes. En 2016, lors de ses premiers pas dans \u00abGarde \u00e0 vous\u00bb, il se fait un peu malmener par ses sup\u00e9rieurs mais peu importe, le public remarque d\u00e9j\u00e0 ce petit effront\u00e9 au sourire ang\u00e9lique. Bien plus \u00e0 son aise dans les romances du jour et de la nuit, il rejoint, la m\u00eame ann\u00e9e, le casting des\u00a0<a href=\"https:\/\/tvmag.lefigaro.fr\/programme-tv\/un-ex-candidat-des-princes-et-princesses-de-l-amour-mis-en-examen-pour-escroquerie-et-blanchiment_7f9835e4-e973-11ec-8e06-4484065ba5e7\" target=\"_blank\" data-fig-type=\"Article\" rel=\"noopener\" data-gtm-custom-categorie=\"navigation\" data-gtm-custom-action=\"crossclick\" data-gtm-custom-label=\"Contextuel\" data-gtm-event=\"customEventSPE\" data-fig-domain=\"TVMAG\">\u00abPrinces de l\u2019amour\u00bb<\/a>\u00a0sur W9. Sa route croise celle de la douce Elsa Dasc et ainsi d\u00e9marre leur idylle cathodique. Un conte de f\u00e9es rapidement enterr\u00e9 au fur et \u00e0 mesure des goujateries du prince charmeur.<\/p>\n<p class=\"fig-body-link\">\n            \u00c0 lire aussi<br \/>\n        <a class=\"fig-body-link__link\" href=\"https:\/\/tvmag.lefigaro.fr\/programme-tv\/un-ex-candidat-des-princes-et-princesses-de-l-amour-mis-en-examen-pour-escroquerie-et-blanchiment_7f9835e4-e973-11ec-8e06-4484065ba5e7\" target=\"_blank\" data-fig-type=\"Article\" rel=\"noopener\" data-gtm-custom-categorie=\"navigation\" data-gtm-custom-action=\"crossclick\" data-gtm-custom-label=\"Contextuel\" data-gtm-event=\"customEventSPE\" data-fig-domain=\"TVMAG\">Un ex-candidat des \u00abPrinces et princesses de l\u2019amour\u00bb mis en examen pour escroquerie et blanchiment<br \/>\n    <\/a>\n<\/p>\n<p>\u00abTu me d\u00e9go\u00fbtes\u00bb<\/p>\n<p class=\"fig-paragraph\">Dans un \u00e9pisode de cette quatri\u00e8me saison programme, la jeune femme rend une visite surprise \u00e0 son \u00abJules\u00bb en pleine escapade romaine avec l\u2019une de ses pr\u00e9tendantes. Bien qu\u2019avant son d\u00e9part pour l\u2019Italie, Adrien Laurent l\u2019ait rassur\u00e9 \u00e0 cet \u00e9gard, Elsa d\u00e9couvre un pr\u00e9servatif usag\u00e9 en p\u00e9n\u00e9trant dans la chambre des deux candidats. Devant le fait accompli et la peine d\u2019Elsa, le fautif ne semble aucunement regretter ses actes. \u00abTu es un gros gamin, tu es l\u00e0 juste pour t\u2019amuser\u00bb, \u00abTu me d\u00e9go\u00fbtes\u00bb, lui adresse-t-elle lors de leur confrontation.<\/p>\n<p class=\"fig-paragraph\">Deux ans plus tard, il participe \u00e0\u00a0<a href=\"https:\/\/tvmag.lefigaro.fr\/programme-tv\/amelie-neten-friends-trip-est-une-competition-saine-_3aaa58ca-f465-11e7-adbe-e5630109b1d6\" target=\"_blank\" data-fig-type=\"Article\" rel=\"noopener\" data-gtm-custom-categorie=\"navigation\" data-gtm-custom-action=\"crossclick\" data-gtm-custom-label=\"Contextuel\" data-gtm-event=\"customEventSPE\" data-fig-domain=\"TVMAG\">\u00abFriends Trip\u00bb<\/a>\u00a0\u00e0 Bali. Une \u00e9mission de t\u00e9l\u00e9r\u00e9alit\u00e9 m\u00ealant voyage et mise \u00e0 l\u2019\u00e9preuve diffus\u00e9e sur la cha\u00eene NRJ 12. Et encore une fois, son comportement avec Elsa, dont il est s\u00e9par\u00e9 \u00e0 ce moment-l\u00e0, va encore poser question. \u00abTais-toi, tais-toi\u00bb, lui ass\u00e8ne-t-il durant un \u00e9pisode lorsqu\u2019elle essaie de s\u2019exprimer devant les autres aventuriers.<\/p>\n<p>Le cancre de \u00abLa Villa des c\u0153urs bris\u00e9s\u00bb<\/p>\n<p class=\"fig-paragraph\">C\u2019est enfin dans une d\u00e9marche \u00absinc\u00e8re\u00bb qu\u2019Adrien Laurent devait se pr\u00e9senter en 2019 devant\u00a0<a href=\"http:\/\/tvmag.lefigaro.fr\/programme-tv\/tele-realite\/lucie-mariotti-annonce-son-depart-de-la-villa-des-coeurs-brises-20230706\" target=\"_blank\" data-fig-type=\"Article\" rel=\"noopener\" data-gtm-custom-categorie=\"navigation\" data-gtm-custom-action=\"crossclick\" data-gtm-custom-label=\"Contextuel\" data-gtm-event=\"customEventSPE\" data-fig-domain=\"TVMAG\">Lucie Mariotti<\/a>, la coach en relations sentimentales de\u00a0<a href=\"http:\/\/tvmag.lefigaro.fr\/programme-tv\/tele-realite\/pourquoi-la-villa-des-coeurs-brises-est-une-emission-plus-utile-qu-il-n-y-parait-20240830\" target=\"_blank\" data-fig-type=\"Article\" rel=\"noopener\" data-gtm-custom-categorie=\"navigation\" data-gtm-custom-action=\"crossclick\" data-gtm-custom-label=\"Contextuel\" data-gtm-event=\"customEventSPE\" data-fig-domain=\"TVMAG\">\u00abLa Villa des c\u0153urs bris\u00e9s\u00bb<\/a>. Rat\u00e9. Le s\u00e9ducteur s\u2019est br\u00fbl\u00e9 les ailes sous le soleil de Playa del Carmen. En flirtant avec Cassandre Mahe, la pr\u00e9tendante d\u2019un autre candidat, tout en soufflant le chaud et le froid avec une certaine Lola, une autre participante de cette cinqui\u00e8me saison de l\u2019\u00e9mission, le jeune homme s\u2019est fait remarquer.<\/p>\n<\/p>\n<p class=\"fig-paragraph\">Convoqu\u00e9 par la coach Lucie, il a \u00e9t\u00e9 \u00e9cart\u00e9 du programme. \u00abTu n\u2019as pas l\u2019\u00e9tat d\u2019esprit qu\u2019il faut pour \u00eatre ici aujourd\u2019hui. On sent \u00e0 la fois que tu as envie d\u2019\u00eatre coach\u00e9, que tu as envie d\u2019avancer mais on dirait qu\u2019il y a des choses qui te retiennent dans une esp\u00e8ce de l\u00e9g\u00e8ret\u00e9 avec les femmes et dans tes propos qui me montrent que tu es jeune, que tu as envie de t\u2019amuser\u00bb, lui avait-elle expliqu\u00e9. Effectivement, Adrien avait donn\u00e9 du rythme \u00e0 l\u2019aventure cependant il ne semblait aucunement d\u00e9sireux de s\u2019investir dans les exercices propos\u00e9s par Lucie Mariotti.<\/p>\n<p class=\"fig-paragraph\"><strong>\u00c0 VOIR AUSSI<\/strong> &#8211; \u00abC\u2019est la meilleure t\u00e9l\u00e9r\u00e9alit\u00e9 que j\u2019aurai pu produire\u00bb\u00a0: Alexia Laroche-Joubert \u00e9voque le sc\u00e9nario des \u00e9lections l\u00e9gislatives<\/p>\n<p>\u00a0\u00bb<br \/>\n        data-script=\u00a0\u00bbhttps:\/\/static.lefigaro.fr\/widget-video\/short-ttl\/video\/index.js\u00a0\u00bb<br \/>\n    &gt;<\/p>\n","protected":false},"excerpt":{"rendered":"VID\u00c9OS &#8211; Avant d\u2019\u00eatre accus\u00e9 de viol et la suspension de son compte TikTok, l\u2019acteur pornographique AD Laurent&hellip;\n","protected":false},"author":2,"featured_media":114648,"comment_status":"","ping_status":"","sticky":false,"template":"","format":"standard","meta":{"footnotes":""},"categories":[1356],"tags":[497,496,499,58,59,1011,27,500,504,505,495,503,502,501,2587,252,1364,498],"class_list":{"0":"post-114647","1":"post","2":"type-post","3":"status-publish","4":"format-standard","5":"has-post-thumbnail","7":"category-television","8":"tag-actu-tv","9":"tag-actualite-tv","10":"tag-buzz-tv","11":"tag-divertissement","12":"tag-entertainment","13":"tag-fr","14":"tag-france","15":"tag-medias","16":"tag-news-tele","17":"tag-news-television","18":"tag-news-tv","19":"tag-programme-tele","20":"tag-programme-tv","21":"tag-quiz-tv","22":"tag-telerealite","23":"tag-television","24":"tag-tv","25":"tag-tv-actu"},"share_on_mastodon":{"url":"https:\/\/pubeurope.com\/@fr\/114540930879774979","error":""},"_links":{"self":[{"href":"https:\/\/www.europesays.com\/fr\/wp-json\/wp\/v2\/posts\/114647","targetHints":{"allow":["GET"]}}],"collection":[{"href":"https:\/\/www.europesays.com\/fr\/wp-json\/wp\/v2\/posts"}],"about":[{"href":"https:\/\/www.europesays.com\/fr\/wp-json\/wp\/v2\/types\/post"}],"author":[{"embeddable":true,"href":"https:\/\/www.europesays.com\/fr\/wp-json\/wp\/v2\/users\/2"}],"replies":[{"embeddable":true,"href":"https:\/\/www.europesays.com\/fr\/wp-json\/wp\/v2\/comments?post=114647"}],"version-history":[{"count":0,"href":"https:\/\/www.europesays.com\/fr\/wp-json\/wp\/v2\/posts\/114647\/revisions"}],"wp:featuredmedia":[{"embeddable":true,"href":"https:\/\/www.europesays.com\/fr\/wp-json\/wp\/v2\/media\/114648"}],"wp:attachment":[{"href":"https:\/\/www.europesays.com\/fr\/wp-json\/wp\/v2\/media?parent=114647"}],"wp:term":[{"taxonomy":"category","embeddable":true,"href":"https:\/\/www.europesays.com\/fr\/wp-json\/wp\/v2\/categories?post=114647"},{"taxonomy":"post_tag","embeddable":true,"href":"https:\/\/www.europesays.com\/fr\/wp-json\/wp\/v2\/tags?post=114647"}],"curies":[{"name":"wp","href":"https:\/\/api.w.org\/{rel}","templated":true}]}}