{"id":114651,"date":"2025-05-20T15:45:09","date_gmt":"2025-05-20T15:45:09","guid":{"rendered":"https:\/\/www.europesays.com\/fr\/114651\/"},"modified":"2025-05-20T15:45:09","modified_gmt":"2025-05-20T15:45:09","slug":"larrivee-de-charlotte-gainsbourg-en-bus-la-fille-de-kate-winslet-le-fils-de-schwarzy-sensationnelle-montee-des-marches-pour-le-film-de-wes-anderson","status":"publish","type":"post","link":"https:\/\/www.europesays.com\/fr\/114651\/","title":{"rendered":"L\u2019arriv\u00e9e de Charlotte Gainsbourg en bus, la fille de Kate Winslet, le fils de \u00abSchwarzy\u00bb&#8230; Sensationnelle mont\u00e9e des marches pour le film de Wes Anderson"},"content":{"rendered":"<p>                             Par L\u00e9a Mabilon<\/p>\n<p>                Il y a 1 minute<\/p>\n<p>\u00a0\u00bb<br \/>\n        data-script=\u00a0\u00bbhttps:\/\/static.lefigaro.fr\/widget-video\/short-ttl\/video\/index.js\u00a0\u00bb<br \/>\n    &gt;<\/p>\n<p><strong>MONT\u00c9E DES MARCHES. JOUR 6. <\/strong>Au programme\u00a0de ce nouveau red carpet d\u00e9di\u00e9 au dernier Wes Anderson, des stars plan\u00e9taires ont pris place dans le Grand Auditorium Louis Lumi\u00e8re du Palais des festivals.<\/p>\n<p class=\"fig-paragraph\">On parle d\u00e9j\u00e0 d\u2019\u00abeffet andersonien\u00bb, tant le tapis rouge de ce cinqui\u00e8me jour a vu d\u00e9filer des stars de haute vol\u00e9e. Ce dimanche, les festivaliers attendaient avec ferveur la projection de The Phoenician Scheme, nouveau film de Wes Anderson, port\u00e9 par\u00a0<a href=\"http:\/\/madame.lefigaro.fr\/celebrites\/cinema\/toutes-ces-fois-ou-scarlett-johansson-a-monte-avec-glamour-les-marches-du-festival-de-cannes-20250518\" data-fig-type=\"Article\" data-gtm-custom-categorie=\"navigation\" data-gtm-custom-action=\"crossclick\" data-gtm-custom-label=\"Contextuel\" data-gtm-event=\"customEventSPE\" data-fig-domain=\"MADAME\" target=\"_blank\" rel=\"noopener\">Scarlett Johansson<\/a>, Tom Hanks, Benicio del Toro, Bill Murray, Benedict Cumberbatch, Willem Dafoe, ou encore Mia Threapleton, fille de\u00a0<a href=\"http:\/\/madame.lefigaro.fr\/celebrites\/actu-people\/l-arrivee-de-charlotte-gainsbourg-en-bus-la-fille-de-kate-winslet-le-fils-de-schwarzy-sensationnelle-montee-des-marches-pour-le-film-de-wes-anderson-20250518\" data-fig-type=\"Article\" data-gtm-custom-categorie=\"navigation\" data-gtm-custom-action=\"crossclick\" data-gtm-custom-label=\"Contextuel\" data-gtm-event=\"customEventSPE\" data-fig-domain=\"MADAME\" target=\"_blank\" rel=\"noopener\">Kate Winslet<\/a>\u00a0\u00e2g\u00e9e de 24 ans. Si Johansson et Hanks \u00e9taient absents, le reste du casting a honor\u00e9 l\u2019\u00e9v\u00e9nement, acclam\u00e9 sous l\u2019euphorie de la Croisette.<\/p>\n<p>    <a href=\"https:\/\/photo-madame.lefigaro.fr\/celebrites\/actu-people\/le-defile-de-stars-pour-la-projection-de-the-phoenician-scheme-de-wes-anderson-avec-scarlett-johnasson-20250518\" target=\"_blank\" rel=\"noopener\"><\/p>\n<p class=\"fig-slideshow__title\">\n                    Le tapis rouge de The Phoenician Scheme, de Wes Anderson, enfin du glamour sur les marches de Cannes\n                <\/p>\n<p>    <\/a><\/p>\n<p class=\"fig-paragraph\"><a href=\"http:\/\/madame.lefigaro.fr\/beaute\/en-video-charlotte-gainsbourg-sans-filtres-sur-son-physique-je-n-ai-jamais-reussi-a-faire-la-paix-avec-mon-visage-20250406\" data-fig-type=\"Article\" data-gtm-custom-categorie=\"navigation\" data-gtm-custom-action=\"crossclick\" data-gtm-custom-label=\"Contextuel\" data-gtm-event=\"customEventSPE\" data-fig-domain=\"MADAME\" target=\"_blank\" rel=\"noopener\">Charlotte Gainsbourg<\/a>, \u00e9galement \u00e0 l\u2019affiche et en comp\u00e9tition pour la Palme d\u2019or, \u00e9tait v\u00eatue d\u2019une minirobe Saint Laurent et accompagn\u00e9e de son \u00e9poux, le r\u00e9alisateur Yvan Attal. D\u2019autres visages familiers se sont m\u00eal\u00e9s \u00e0 la foule\u00a0: Edward Norton, fid\u00e8le collaborateur d\u2019Anderson, Eva Longoria, Julianne Moore en robe Bottega Veneta, Carla Bruni en robe Roberto Cavalli, ou encore Shia LaBeouf, venu d\u00e9fendre le documentaire Slauson Rec.<\/p>\n<p>Co\u00e9crit avec Roman Coppola<\/p>\n<p class=\"fig-paragraph\">Wes Anderson, habitu\u00e9 du Festival de Cannes o\u00f9 il a pr\u00e9sent\u00e9 Moonrise Kingdom, The French Dispatch ou Asteroid City, n\u2019y a pourtant jamais remport\u00e9 de prix. Avec The Phoenician Scheme, co\u00e9crit avec Roman Coppola, il m\u00eale une fois encore com\u00e9die, espionnage et drame familial dans son univers si singulier. L\u2019histoire suit un magnat de l\u2019armement (Benicio del Toro) qui, menac\u00e9 de mort, rappelle sa fille devenue nonne (Mia Threapleton) pour lui succ\u00e9der. Reste \u00e0 savoir si ce nouveau film lui offrira enfin la Palme qu\u2019il m\u00e9rite.<\/p>\n","protected":false},"excerpt":{"rendered":"Par L\u00e9a Mabilon Il y a 1 minute \u00a0\u00bb data-script=\u00a0\u00bbhttps:\/\/static.lefigaro.fr\/widget-video\/short-ttl\/video\/index.js\u00a0\u00bb &gt; MONT\u00c9E DES MARCHES. JOUR 6. Au programme\u00a0de&hellip;\n","protected":false},"author":2,"featured_media":114652,"comment_status":"","ping_status":"","sticky":false,"template":"","format":"standard","meta":{"footnotes":""},"categories":[1354],"tags":[976,7306,972,58,59,5634,638,1346,1011,27,977,1360,973,975,974,8135],"class_list":{"0":"post-114651","1":"post","2":"type-post","3":"status-publish","4":"format-standard","5":"has-post-thumbnail","7":"category-films","8":"tag-actu-people","9":"tag-cannes","10":"tag-celebrite","11":"tag-divertissement","12":"tag-entertainment","13":"tag-festival-de-cannes","14":"tag-figaro","15":"tag-films","16":"tag-fr","17":"tag-france","18":"tag-madame","19":"tag-movies","20":"tag-people","21":"tag-potain-de-stars","22":"tag-star","23":"tag-wes-anderson"},"share_on_mastodon":{"url":"https:\/\/pubeurope.com\/@fr\/114540938792747035","error":""},"_links":{"self":[{"href":"https:\/\/www.europesays.com\/fr\/wp-json\/wp\/v2\/posts\/114651","targetHints":{"allow":["GET"]}}],"collection":[{"href":"https:\/\/www.europesays.com\/fr\/wp-json\/wp\/v2\/posts"}],"about":[{"href":"https:\/\/www.europesays.com\/fr\/wp-json\/wp\/v2\/types\/post"}],"author":[{"embeddable":true,"href":"https:\/\/www.europesays.com\/fr\/wp-json\/wp\/v2\/users\/2"}],"replies":[{"embeddable":true,"href":"https:\/\/www.europesays.com\/fr\/wp-json\/wp\/v2\/comments?post=114651"}],"version-history":[{"count":0,"href":"https:\/\/www.europesays.com\/fr\/wp-json\/wp\/v2\/posts\/114651\/revisions"}],"wp:featuredmedia":[{"embeddable":true,"href":"https:\/\/www.europesays.com\/fr\/wp-json\/wp\/v2\/media\/114652"}],"wp:attachment":[{"href":"https:\/\/www.europesays.com\/fr\/wp-json\/wp\/v2\/media?parent=114651"}],"wp:term":[{"taxonomy":"category","embeddable":true,"href":"https:\/\/www.europesays.com\/fr\/wp-json\/wp\/v2\/categories?post=114651"},{"taxonomy":"post_tag","embeddable":true,"href":"https:\/\/www.europesays.com\/fr\/wp-json\/wp\/v2\/tags?post=114651"}],"curies":[{"name":"wp","href":"https:\/\/api.w.org\/{rel}","templated":true}]}}