{"id":1146528,"date":"2026-08-24T18:52:17","date_gmt":"2026-08-24T18:52:17","guid":{"rendered":"https:\/\/www.europesays.com\/fr\/1146528\/"},"modified":"2026-08-24T18:52:17","modified_gmt":"2026-08-24T18:52:17","slug":"thomas-pujol-va-t-il-quitter-lalterna-stade-poitevin","status":"publish","type":"post","link":"https:\/\/www.europesays.com\/fr\/1146528\/","title":{"rendered":"Thomas Pujol va-t-il quitter l\u2019Alterna Stade Poitevin ?"},"content":{"rendered":"<p>Reverra-t-on Thomas Pujol sous le maillot de l\u2019Alterna Stade Poitevin\u00a0? La question se pose aujourd\u2019hui et la tendance est \u00e0 une r\u00e9ponse n\u00e9gative. Car alors qu\u2019il avait pourtant prolong\u00e9 son contrat avec le club stadiste jusqu\u2019en 2028 en juin dernier, le r\u00e9ceptionneur-attaquant de 21\u00a0ans devrait prendre la direction de l\u2019\u00e9tranger, et plus pr\u00e9cis\u00e9ment de la Pologne, dans les prochains jours&#8230;. <\/p>\n<p>    Cet article a \u00e9t\u00e9 tronqu\u00e9. Abonnez-vous pour lire l&rsquo;article complet sur notre site.<\/p>\n<p style=\"margin: 0 !important; padding: 0 !important; font-size: 12px !important;\">Cet article a \u00e9t\u00e9 tronqu\u00e9. Abonnez-vous pour lire l&rsquo;article complet.<\/p>\n<p>    <a href=\"https:\/\/www.lanouvellerepublique.fr\/abonnements\" style=\"display: inline-block; margin-top: 5px !important; padding: 6px 12px !important; background: #cb1c27; color: white; text-decoration: none; border-radius: 4px; font-size: 12px !important;\" rel=\"nofollow noopener\" target=\"_blank\"><br \/>\n      S&rsquo;abonner<br \/>\n    <\/a><\/p>\n","protected":false},"excerpt":{"rendered":"Reverra-t-on Thomas Pujol sous le maillot de l\u2019Alterna Stade Poitevin\u00a0? La question se pose aujourd\u2019hui et la tendance&hellip;\n","protected":false},"author":2,"featured_media":1146529,"comment_status":"","ping_status":"","sticky":false,"template":"","format":"standard","meta":{"footnotes":"","_share_on_mastodon":"0"},"categories":[1417],"tags":[1392,1654,1011,27,1655,1653,60,1584,1470,1469],"class_list":["post-1146528","post","type-post","status-publish","format-standard","has-post-thumbnail","category-volley","tag-a-la-une-local","tag-alterna-stade-poitevin-volley-ball","tag-fr","tag-france","tag-ligue-a","tag-poitiers","tag-sports","tag-vienne","tag-volley","tag-volleyball"],"share_on_mastodon":{"url":"https:\/\/pubeurope.com\/@fr\/117151999284951628","error":""},"_links":{"self":[{"href":"https:\/\/www.europesays.com\/fr\/wp-json\/wp\/v2\/posts\/1146528","targetHints":{"allow":["GET"]}}],"collection":[{"href":"https:\/\/www.europesays.com\/fr\/wp-json\/wp\/v2\/posts"}],"about":[{"href":"https:\/\/www.europesays.com\/fr\/wp-json\/wp\/v2\/types\/post"}],"author":[{"embeddable":true,"href":"https:\/\/www.europesays.com\/fr\/wp-json\/wp\/v2\/users\/2"}],"replies":[{"embeddable":true,"href":"https:\/\/www.europesays.com\/fr\/wp-json\/wp\/v2\/comments?post=1146528"}],"version-history":[{"count":0,"href":"https:\/\/www.europesays.com\/fr\/wp-json\/wp\/v2\/posts\/1146528\/revisions"}],"wp:featuredmedia":[{"embeddable":true,"href":"https:\/\/www.europesays.com\/fr\/wp-json\/wp\/v2\/media\/1146529"}],"wp:attachment":[{"href":"https:\/\/www.europesays.com\/fr\/wp-json\/wp\/v2\/media?parent=1146528"}],"wp:term":[{"taxonomy":"category","embeddable":true,"href":"https:\/\/www.europesays.com\/fr\/wp-json\/wp\/v2\/categories?post=1146528"},{"taxonomy":"post_tag","embeddable":true,"href":"https:\/\/www.europesays.com\/fr\/wp-json\/wp\/v2\/tags?post=1146528"}],"curies":[{"name":"wp","href":"https:\/\/api.w.org\/{rel}","templated":true}]}}