{"id":114657,"date":"2025-05-20T15:48:07","date_gmt":"2025-05-20T15:48:07","guid":{"rendered":"https:\/\/www.europesays.com\/fr\/114657\/"},"modified":"2025-05-20T15:48:07","modified_gmt":"2025-05-20T15:48:07","slug":"je-vais-mourir-nabilla-benattia-avant-son-arrivee-au-festival-de-cannes-drame-et-triste-annonce","status":"publish","type":"post","link":"https:\/\/www.europesays.com\/fr\/114657\/","title":{"rendered":"\u00ab\u00a0Je vais mourir\u2026\u00a0\u00bb, Nabilla Benattia, avant son arriv\u00e9e au Festival de Cannes, drame et triste annonce"},"content":{"rendered":"<p>Elle est devenue depuis quelques ann\u00e9es <a href=\"https:\/\/vsd.fr\/26809-nabilla-devoile-ses-enormes-revenus-dans-complement-denquete\/\" target=\"_blank\" rel=\"noopener\">une abonn\u00e9e du Festival de Cannes<\/a>. Comme pour les fashion week parisiennes, <strong>Nabilla fait le d\u00e9placement en France, <\/strong>depuis Duba\u00ef, pour assister \u00e0 l&rsquo;\u00e9v\u00e8nement. <\/p>\n<p>Et cette ann\u00e9e, son transfert s&rsquo;est mal pass\u00e9 depuis les \u00c9mirats. En effet, la femme de Thomas Vergara a annonc\u00e9 sur son compte Instagram qu&rsquo;elle accusait <strong>une bien mauvaise nouvelle<\/strong>. Et ce, \u00e0 peine arriv\u00e9e \u00e0 l&rsquo;a\u00e9roport de Nice. <\/p>\n<p>Elle a \u00e9crit : \u00ab\u00a0<strong>POV: tu perds ta valise avec ta robe pour le festival de Cannes. Je vais dead<\/strong>\u00ab\u00a0. Et c&rsquo;est un v\u00e9ritable drame, \u00e0 deux jours du Gala de l&rsquo;Amfar, o\u00f9 Nabilla devrait faire une apparition. <\/p>\n<p>Cauchemar pour Nabilla \u00e0 Cannes<\/p>\n<p>Il se tiendra ce jeudi 22 mai 2025, \u00e0 l&rsquo;h\u00f4tel du Cap-Eden-Rock. Doivent y chanter cette ann\u00e9e Ciara et Adam Lambert. Et c&rsquo;est Taraji P. Henson qui se chargera d&rsquo;animer la soir\u00e9e caritative. <\/p>\n<p><strong>Organis\u00e9 chaque ann\u00e9e par Carine Roitfeld<\/strong>, au profit de la recherche contre le VIH, l&rsquo;Amfar accueillera une fois encore une foule de stars cette semaine.<\/p>\n<p>Impossible pour Nabilla Benattia de manquer cette soir\u00e9e. D&rsquo;autant que cette ann\u00e9e, Pedro Almod\u00f3var, Halle Berry, Adrien Brody, Marion Cotillard, ont r\u00e9pondu pr\u00e9sents. Il y aura aussi Tom Cruise, Paris Jackson, Milla Jovovich, Heidi Klum ainsi que Spike Lee.<\/p>\n<p>L&rsquo;an dernier, pour rappel, la bombe s&rsquo;\u00e9tait rendue au d\u00eener, habill\u00e9e en Tony Ward. <strong>Sa robe de sir\u00e8ne provenait de la collection Printemps-\u00c9t\u00e9 2024. <\/strong><\/p>\n<p>Orn\u00e9e d&rsquo;un imprim\u00e9 cristallin tridimensionnel soigneusement cousu sur le buste et associ\u00e9e \u00e0 une jupe ajust\u00e9e en cr\u00eape d&rsquo;un gris argent\u00e9 plus clair, <strong>Nabilla avait fait tourner des t\u00eates.<\/strong><\/p>\n<p>Jean-Paul Gaultier \u00e0 la rescousse ?<\/p>\n<p>Cette ann\u00e9e, on ne sait pas encore quel cr\u00e9ateur Nabilla Benattia a choisi pour l&rsquo;habiller pendant ses quelques jours \u00e0 Cannes. Une chose est s\u00fbre, <a href=\"https:\/\/www.public.fr\/diaporamas\/bon-anniversaire-jean-paul-gaultier-sylvie-vartan-nabilla-benattia-carla-bruni-elles-sont-toutes-les-femmes-de-sa-vie\" target=\"_blank\" rel=\"noopener\">Jean-Paul Gaultier, qui l&rsquo;a lanc\u00e9e dans la mode<\/a>, a toujours une tenue sous le coude pour elle. <\/p>\n<p>Pour rappel, c&rsquo;est le cr\u00e9ateur \u00e0 la marini\u00e8re qui a mis \u00e0 sa disposition une robe d&rsquo;archive en 2022, lorsque Nabilla \u00e9tait <a href=\"https:\/\/www.public.fr\/nabilla-benattia-enceinte-pour-son-arrivee-a-cannes-la-future-maman-mise-sur-une-robe-tres-transparente\" target=\"_blank\" rel=\"noopener\">enceinte de son deuxi\u00e8me fils, Leyann<\/a>. Elle avait d\u00e9barqu\u00e9 au photo call avec un bidon bien rond, que l&rsquo;on voyait bien au centre de la robe ajour\u00e9e.<\/p>\n<p>      Mentionn\u00e9s dans cet article<\/p>\n<p>\u00c0 lire aussi<\/p>\n","protected":false},"excerpt":{"rendered":"Elle est devenue depuis quelques ann\u00e9es une abonn\u00e9e du Festival de Cannes. Comme pour les fashion week parisiennes,&hellip;\n","protected":false},"author":2,"featured_media":114658,"comment_status":"","ping_status":"","sticky":false,"template":"","format":"standard","meta":{"footnotes":""},"categories":[8],"tags":[58,59,5634,1011,27,23482],"class_list":{"0":"post-114657","1":"post","2":"type-post","3":"status-publish","4":"format-standard","5":"has-post-thumbnail","7":"category-divertissement","8":"tag-divertissement","9":"tag-entertainment","10":"tag-festival-de-cannes","11":"tag-fr","12":"tag-france","13":"tag-nabilla-benattia"},"share_on_mastodon":{"url":"https:\/\/pubeurope.com\/@fr\/114540950706397982","error":""},"_links":{"self":[{"href":"https:\/\/www.europesays.com\/fr\/wp-json\/wp\/v2\/posts\/114657","targetHints":{"allow":["GET"]}}],"collection":[{"href":"https:\/\/www.europesays.com\/fr\/wp-json\/wp\/v2\/posts"}],"about":[{"href":"https:\/\/www.europesays.com\/fr\/wp-json\/wp\/v2\/types\/post"}],"author":[{"embeddable":true,"href":"https:\/\/www.europesays.com\/fr\/wp-json\/wp\/v2\/users\/2"}],"replies":[{"embeddable":true,"href":"https:\/\/www.europesays.com\/fr\/wp-json\/wp\/v2\/comments?post=114657"}],"version-history":[{"count":0,"href":"https:\/\/www.europesays.com\/fr\/wp-json\/wp\/v2\/posts\/114657\/revisions"}],"wp:featuredmedia":[{"embeddable":true,"href":"https:\/\/www.europesays.com\/fr\/wp-json\/wp\/v2\/media\/114658"}],"wp:attachment":[{"href":"https:\/\/www.europesays.com\/fr\/wp-json\/wp\/v2\/media?parent=114657"}],"wp:term":[{"taxonomy":"category","embeddable":true,"href":"https:\/\/www.europesays.com\/fr\/wp-json\/wp\/v2\/categories?post=114657"},{"taxonomy":"post_tag","embeddable":true,"href":"https:\/\/www.europesays.com\/fr\/wp-json\/wp\/v2\/tags?post=114657"}],"curies":[{"name":"wp","href":"https:\/\/api.w.org\/{rel}","templated":true}]}}