{"id":11466,"date":"2025-04-09T00:45:17","date_gmt":"2025-04-09T00:45:17","guid":{"rendered":"https:\/\/www.europesays.com\/fr\/11466\/"},"modified":"2025-04-09T00:45:17","modified_gmt":"2025-04-09T00:45:17","slug":"spectaculaire-incendie-en-cours-dans-le-nord-de-la-capitale","status":"publish","type":"post","link":"https:\/\/www.europesays.com\/fr\/11466\/","title":{"rendered":"Spectaculaire incendie en cours dans le nord de la capitale"},"content":{"rendered":"<p><strong>C\u2019EST CHAUD\u00a0 &#8211; Un violent incendie s\u2019est d\u00e9clar\u00e9 ce lundi soir pr\u00e8s du centre de tri de la Syctom dans le XVIIe\u00a0arrondissement de Paris. L\u2019origine du sinistre reste encore inconnue<\/strong><\/p>\n<p>Un important <a href=\"https:\/\/www.20minutes.fr\/dossier\/incendie\" rel=\"nofollow noopener\" target=\"_blank\" data-ylk=\"slk:incendie;elm:context_link;itc:0;sec:content-canvas\" class=\"link \">incendie<\/a> s\u2019est d\u00e9clar\u00e9 ce lundi 7\u00a0avril vers 19h30 dans le XVIIe arrondissement de <a href=\"https:\/\/www.20minutes.fr\/faits_divers\/faits-divers-paris\/\" rel=\"nofollow noopener\" target=\"_blank\" data-ylk=\"slk:Paris;elm:context_link;itc:0;sec:content-canvas\" class=\"link \">Paris<\/a>, \u00e0 proximit\u00e9 du centre de tri de collecte s\u00e9lective de la Syctom, situ\u00e9 boulevard de Douaumont, au c\u0153ur de la ZAC Clichy-Batignolles, rapportent les Pompiers de Paris. Une douzaine de casernes ont \u00e9t\u00e9 mobilis\u00e9es.<\/p>\n<p>L\u2019\u00e9pais nuage noir, visible depuis plusieurs points de la capitale et m\u00eame en banlieue, a suscit\u00e9 l\u2019inqui\u00e9tude et l\u2019\u00e9tonnement des passants. Le b\u00e2timent du centre de tri de la Syctom est situ\u00e9 juste \u00e0 c\u00f4t\u00e9 du tribunal judiciaire de Paris, porte de Clichy, et de la ville de <a href=\"https:\/\/www.20minutes.fr\/dossier\/clichy_la_garenne\" rel=\"nofollow noopener\" target=\"_blank\" data-ylk=\"slk:Clichy;elm:context_link;itc:0;sec:content-canvas\" class=\"link \">Clichy<\/a>.<\/p>\n<blockquote placeholder=\"\" data-theme=\"light\" class=\"twitter-tweet\">\n<p>L&rsquo;incendie de la d\u00e9ch\u00e8terie du 17\u00e8me arrondissement \u00e0 Paris, c&rsquo;est l&rsquo;\u00e9quivalent de combien d&rsquo;ann\u00e9es de pollution avec les chemin\u00e9es ?<\/p>\n<p>Pens\u00e9e pour les poumons des riverains. Force aux pompiers. <a href=\"https:\/\/t.co\/z7izSB6HmX\" rel=\"nofollow noopener\" target=\"_blank\" data-ylk=\"slk:pic.twitter.com\/z7izSB6HmX;elm:context_link;itc:0;sec:content-canvas\" class=\"link \">pic.twitter.com\/z7izSB6HmX<\/a><\/p>\n<p>\u2014 Duval Philippe (@p_duval) <a href=\"https:\/\/twitter.com\/p_duval\/status\/1909311356916187635?ref_src=twsrc%5Etfw\" rel=\"nofollow noopener\" target=\"_blank\" data-ylk=\"slk:April 7, 2025;elm:context_link;itc:0;sec:content-canvas\" class=\"link \">April 7, 2025<\/a><\/p>\n<\/blockquote>\n<p>L\u2019origine du feu encore inconnue<\/p>\n<p>La <a href=\"https:\/\/www.syctom-paris.fr\/accueil.html\" rel=\"nofollow noopener\" target=\"_blank\" data-ylk=\"slk:Syccom;elm:context_link;itc:0;sec:content-canvas\" class=\"link \">Syccom<\/a> est l&rsquo;agence m\u00e9tropolitaine de traitement des d\u00e9chets m\u00e9nagers de la capitale et de plus de 80 communes d&rsquo;Ile-de-France. De nombreuses vid\u00e9os et photographies partag\u00e9es sur les r\u00e9seaux sociaux t\u00e9moignent de l\u2019ampleur du sinistre, dont la fum\u00e9e grise puis noire s\u2019\u00e9l\u00e8ve haut dans le ciel.<\/p>\n<p>Sur X, les Pompiers de Paris demandent aussi d\u2019\u00e9viter la zone. \u00ab Un important incendie est en cours Boulevard de Douaumont \u00e0 #Paris17. Evitez le secteur pour laisser les secours travailler \u00bb, ont-ils indiqu\u00e9 dans un post sur le r\u00e9seau social. De son c\u00f4t\u00e9, la marie de Clichy a indiqu\u00e9, \u00e9galement sur X, que \u00ab la circulation n\u2019est pas impact\u00e9e \u00bb, notamment sur le p\u00e9riph\u00e9rique situ\u00e9 \u00e0 proximit\u00e9.<\/p>\n<p><img decoding=\"async\" class=\"caas-img caas-lazy has-preview\" alt=\"[object Object]\" src=\"https:\/\/www.europesays.com\/fr\/wp-content\/uploads\/2025\/04\/80c0d64353905eb39e3096f0d2801cd8.jpeg\"\/><\/p>\n<p>[object Object]<\/p>\n<p>La Sytcom est l\u2019agence m\u00e9tropolitaine de gestion des d\u00e9chets m\u00e9nagers de la capitale et de plus de 80 communes d\u2019Ile-de-France. De nombreuses vid\u00e9os et photographies partag\u00e9(&#8230;)<\/p>\n<p><a href=\"https:\/\/www.20minutes.fr\/faits_divers\/4147479-20250407-paris-spectaculaire-incendie-cours-nord-capitale&quot;\" rel=\"nofollow noopener\" target=\"_blank\" data-ylk=\"slk:Lire la suite sur 20minutes;elm:context_link;itc:0;sec:content-canvas\" class=\"link \">Lire la suite sur 20minutes<\/a><\/p>\n<p>\u00c0 lire aussi :<br \/><a href=\"https:\/\/www.20minutes.fr\/paris\/4135631-20250127-paris-mairie-12e-arrondissement-touchee-important-incendie-campanile-flammes\" rel=\"nofollow noopener\" target=\"_blank\" data-ylk=\"slk:Paris\u00a0: La mairie du 12e\u00a0arrondissement touch\u00e9e par un violent incendie, le campanile en flammes;elm:context_link;itc:0;sec:content-canvas\" class=\"link \">Paris\u00a0: La mairie du 12e\u00a0arrondissement touch\u00e9e par un violent incendie, le campanile en flammes<\/a><br \/><a href=\"https:\/\/www.20minutes.fr\/faits_divers\/faits-divers-paris\/4144459-20250320-paris-homme-filme-train-mettre-feu-devanture-hypercacher-porte-vincennes\" rel=\"nofollow noopener\" target=\"_blank\" data-ylk=\"slk:Paris\u00a0: Un homme film\u00e9 en train de mettre le feu \u00e0 la devanture de l\u2019Hypercacher, porte de Vincennes;elm:context_link;itc:0;sec:content-canvas\" class=\"link \">Paris\u00a0: Un homme film\u00e9 en train de mettre le feu \u00e0 la devanture de l\u2019Hypercacher, porte de Vincennes<\/a><\/p>\n<p><script async src=\"https:\/\/platform.twitter.com\/widgets.js\" charset=\"utf-8\"><\/script><\/p>\n","protected":false},"excerpt":{"rendered":"C\u2019EST CHAUD\u00a0 &#8211; Un violent incendie s\u2019est d\u00e9clar\u00e9 ce lundi soir pr\u00e8s du centre de tri de la&hellip;\n","protected":false},"author":2,"featured_media":11467,"comment_status":"","ping_status":"","sticky":false,"template":"","format":"standard","meta":{"footnotes":""},"categories":[1888],"tags":[1111,1928,11,1927,5450,5120,1777,674,1011,27,1310,5453,12,1926,626,1925,4700,25,5452,5451],"class_list":{"0":"post-11466","1":"post","2":"type-post","3":"status-publish","4":"format-standard","5":"has-post-thumbnail","7":"category-paris","8":"tag-actu","9":"tag-actu-paris","10":"tag-actualites","11":"tag-actualites-paris","12":"tag-boulevard-de-douaumont","13":"tag-centre-de-tri","14":"tag-eu","15":"tag-europe","16":"tag-fr","17":"tag-france","18":"tag-incendie","19":"tag-mairie-du-12e-arrondissement","20":"tag-news","21":"tag-news-paris","22":"tag-paris","23":"tag-paris-news","24":"tag-pompiers-de-paris","25":"tag-republique-francaise","26":"tag-syctom","27":"tag-xviie-arrondissement-de-paris"},"share_on_mastodon":{"url":"https:\/\/pubeurope.com\/@fr\/114305245028953376","error":""},"_links":{"self":[{"href":"https:\/\/www.europesays.com\/fr\/wp-json\/wp\/v2\/posts\/11466","targetHints":{"allow":["GET"]}}],"collection":[{"href":"https:\/\/www.europesays.com\/fr\/wp-json\/wp\/v2\/posts"}],"about":[{"href":"https:\/\/www.europesays.com\/fr\/wp-json\/wp\/v2\/types\/post"}],"author":[{"embeddable":true,"href":"https:\/\/www.europesays.com\/fr\/wp-json\/wp\/v2\/users\/2"}],"replies":[{"embeddable":true,"href":"https:\/\/www.europesays.com\/fr\/wp-json\/wp\/v2\/comments?post=11466"}],"version-history":[{"count":0,"href":"https:\/\/www.europesays.com\/fr\/wp-json\/wp\/v2\/posts\/11466\/revisions"}],"wp:featuredmedia":[{"embeddable":true,"href":"https:\/\/www.europesays.com\/fr\/wp-json\/wp\/v2\/media\/11467"}],"wp:attachment":[{"href":"https:\/\/www.europesays.com\/fr\/wp-json\/wp\/v2\/media?parent=11466"}],"wp:term":[{"taxonomy":"category","embeddable":true,"href":"https:\/\/www.europesays.com\/fr\/wp-json\/wp\/v2\/categories?post=11466"},{"taxonomy":"post_tag","embeddable":true,"href":"https:\/\/www.europesays.com\/fr\/wp-json\/wp\/v2\/tags?post=11466"}],"curies":[{"name":"wp","href":"https:\/\/api.w.org\/{rel}","templated":true}]}}