{"id":1146607,"date":"2026-08-24T19:49:15","date_gmt":"2026-08-24T19:49:15","guid":{"rendered":"https:\/\/www.europesays.com\/fr\/1146607\/"},"modified":"2026-08-24T19:49:15","modified_gmt":"2026-08-24T19:49:15","slug":"soiree-theatre-avec-deux-seances-gratuite-de-la-salle-partenaires-pleinement-investis-au-nord-de-toulouse-mobilisation-totale-en-soutien-de-la-jeune-margaux-atteinte-dun-cancer-pediatri","status":"publish","type":"post","link":"https:\/\/www.europesays.com\/fr\/1146607\/","title":{"rendered":"Soir\u00e9e th\u00e9\u00e2tre avec deux s\u00e9ances, gratuit\u00e9 de la salle, partenaires pleinement investis : au nord de Toulouse, mobilisation totale en soutien de la jeune Margaux, atteinte d\u2019un cancer p\u00e9diatrique"},"content":{"rendered":"<p>\n                                                                    l&rsquo;essentiel<br \/>\n                                                                La commune de Montastruc-la-Conseill\u00e8re, au nord-est de Toulouse, se mobilise avec l\u2019association Rock Ton Bled, qui organise des \u00e9v\u00e9nements culturels pour soutenir le combat de Margaux, atteinte d\u2019un cancer p\u00e9diatrique. La famille de cette jeune fille de cinq ans a cr\u00e9\u00e9 l&rsquo;association \u00ab\u00a0Demain plus loin avec Margaux\u00a0\u00bb, qui verra tous les b\u00e9n\u00e9fices d&rsquo;une soir\u00e9e th\u00e9\u00e2tre, organis\u00e9e \u00e0 la salle Jacques-Brel le 19 septembre, lui revenir.\n                            <\/p>\n<p>Du c\u00f4t\u00e9 de Montastruc-la-Conseill\u00e8re, au nord-est de Toulouse, l&rsquo;association organisatrice d\u2019\u00e9v\u00e9nements culturels solidaires Rock Ton Bled remplacera cette ann\u00e9e les rythmes des batteries par celui des battements de c\u0153urs. Elle invitera le public \u00e0 deux repr\u00e9sentations th\u00e9\u00e2trales de la pi\u00e8ce \u00ab\u00a0La zizanie au village\u00a0\u00bb pr\u00e9sent\u00e9e par la troupe des \u00ab\u00a0Pourquoi pas\u00a0\u00bb de Frouzins. Ce sera le samedi 19 septembre \u00e0 la salle Jacques Brel, \u00e0 16 h\u200530 et 21 heures.<\/p>\n<p>\u00ab\u00a0J\u2019ai d\u00e9couvert dans un article de La D\u00e9p\u00eache du Midi l\u2019association \u00ab\u00a0Demain plus loin avec Margaux\u00a0\u00bb, confie St\u00e9phane, de Rock Ton Bled. Le combat de cette famille contre la maladie de cette jeune Paulhacoise de 5 ans atteinte d\u2019un GITC (Gliome Infiltrant du Tronc C\u00e9r\u00e9bral, cancer p\u00e9diatrique rare et tr\u00e8s agressif) m\u2019a interpell\u00e9. Nous avons contact\u00e9 la famille qui a accueilli notre proposition d\u2019aide avec enthousiasme.\u00a0\u00bb<\/p>\n<p>Plusieurs partenaires mobilis\u00e9s pour l&rsquo;op\u00e9ration<\/p>\n<p>St\u00e9phane fait alors appel \u00e0 un ami de longue date habitant G\u00e9mil, Arnaud Delhon, auteur de la pi\u00e8ce \u00ab\u00a0La zizanie au village\u00a0\u00bb et membre de la troupe des \u00ab\u00a0Pourquoi pas\u00a0\u00bb. L\u2019adh\u00e9sion au projet est imm\u00e9diate et sans condition.<br \/>La municipalit\u00e9 de Montastruc s\u2019engage, elle aussi, en offrant la gratuit\u00e9 de la salle Jacques Brel et en mobilisant tous ses moyens de communication.<\/p>\n<p class=\"std-elt__inline\">\n        <strong>\u00c0 lire aussi :<\/strong><br \/>\n        <a href=\"https:\/\/www.ladepeche.fr\/2026\/08\/20\/un-beau-concert-en-solidarite-avec-lou-jeune-lectouroise-atteinte-dune-maladie-rare-aux-yeux-13515451.php\" rel=\"nofollow noopener\" target=\"_blank\">Un beau concert en solidarit\u00e9 avec Lou, jeune Lectouroise atteinte d\u2019une maladie rare aux yeux<\/a>\n    <\/p>\n<p>\u00ab\u00a0D\u2019autres partenaires nous ont rapidement rejoints, ajoute St\u00e9phane. Le traiteur \u00ab\u00a0La Brigade\u00a0\u00bb r\u00e9galera le public et Mokastruc ouvrira son bar. Dans les deux cas, tous les b\u00e9n\u00e9fices seront revers\u00e9s \u00e0 \u00ab\u00a0Demain plus loin avec Margaux\u00a0\u00bb. \u00ab\u00a0Perles d\u2019artistes\u00a0\u00bb nous promet de son c\u00f4t\u00e9 une chaude ambiance avec sa batucada ! La liste n\u2019est pas exhaustive et toutes les associations d\u00e9sireuses de participer \u00e0 l\u2019\u00e9v\u00e9nement seront naturellement les bienvenues.\u00a0\u00bb<\/p>\n<p>Aider Margaux \u00e0 r\u00e9aliser ses r\u00eaves<\/p>\n<p>La pr\u00e9sence d\u2019un nombreux public sera d\u00e9terminante pour aider \u00ab\u00a0Demain plus loin avec Margaux\u00a0\u00bb. Ses objectifs : am\u00e9liorer son quotidien, l\u2019aider \u00e0 r\u00e9aliser ses r\u00eaves, soutenir d\u2019autres enfants confront\u00e9s \u00e0 la maladie et contribuer au financement de la recherche m\u00e9dicale.<\/p>\n<p class=\"std-elt__inline\">\n        <strong>\u00c0 lire aussi :<\/strong><br \/>\n        <a href=\"https:\/\/www.ladepeche.fr\/2026\/08\/11\/danse-et-theatre-la-culture-avec-un-petit-truc-en-plus-13504219.php\" rel=\"nofollow noopener\" target=\"_blank\">Danse et th\u00e9\u00e2tre: la culture, avec un petit truc en plus&#8230;<\/a>\n    <\/p>\n<p>Un geste qui offrira de surcro\u00eet aux participants un agr\u00e9able moment de th\u00e9\u00e2tre : \u00ab\u00a0La Zizanie au village\u00a0\u00bb est une com\u00e9die tout public pleine de secrets, de quiproquos et de situations hilarantes.<\/p>\n<p>La r\u00e9servation en ligne est ouverte. https:\/\/www.helloasso.com\/associations\/demain-plus-loin-avec-margaux\/evenements\/billet-theatre<\/p>\n","protected":false},"excerpt":{"rendered":"l&rsquo;essentiel La commune de Montastruc-la-Conseill\u00e8re, au nord-est de Toulouse, se mobilise avec l\u2019association Rock Ton Bled, qui organise&hellip;\n","protected":false},"author":2,"featured_media":1146608,"comment_status":"","ping_status":"","sticky":false,"template":"","format":"standard","meta":{"footnotes":"","_share_on_mastodon":"0"},"categories":[2816],"tags":[1111,11,1777,674,1011,27,2722,105026,12,2680,25,104,3400,2312],"class_list":["post-1146607","post","type-post","status-publish","format-standard","has-post-thumbnail","category-toulouse","tag-actu","tag-actualites","tag-eu","tag-europe","tag-fr","tag-france","tag-haute-garonne","tag-montastruclaconseillere","tag-news","tag-occitanie","tag-republique-francaise","tag-societe","tag-solidarite","tag-toulouse"],"share_on_mastodon":{"url":"https:\/\/pubeurope.com\/@fr\/117152223365916674","error":""},"_links":{"self":[{"href":"https:\/\/www.europesays.com\/fr\/wp-json\/wp\/v2\/posts\/1146607","targetHints":{"allow":["GET"]}}],"collection":[{"href":"https:\/\/www.europesays.com\/fr\/wp-json\/wp\/v2\/posts"}],"about":[{"href":"https:\/\/www.europesays.com\/fr\/wp-json\/wp\/v2\/types\/post"}],"author":[{"embeddable":true,"href":"https:\/\/www.europesays.com\/fr\/wp-json\/wp\/v2\/users\/2"}],"replies":[{"embeddable":true,"href":"https:\/\/www.europesays.com\/fr\/wp-json\/wp\/v2\/comments?post=1146607"}],"version-history":[{"count":0,"href":"https:\/\/www.europesays.com\/fr\/wp-json\/wp\/v2\/posts\/1146607\/revisions"}],"wp:featuredmedia":[{"embeddable":true,"href":"https:\/\/www.europesays.com\/fr\/wp-json\/wp\/v2\/media\/1146608"}],"wp:attachment":[{"href":"https:\/\/www.europesays.com\/fr\/wp-json\/wp\/v2\/media?parent=1146607"}],"wp:term":[{"taxonomy":"category","embeddable":true,"href":"https:\/\/www.europesays.com\/fr\/wp-json\/wp\/v2\/categories?post=1146607"},{"taxonomy":"post_tag","embeddable":true,"href":"https:\/\/www.europesays.com\/fr\/wp-json\/wp\/v2\/tags?post=1146607"}],"curies":[{"name":"wp","href":"https:\/\/api.w.org\/{rel}","templated":true}]}}