{"id":114661,"date":"2025-05-20T15:50:08","date_gmt":"2025-05-20T15:50:08","guid":{"rendered":"https:\/\/www.europesays.com\/fr\/114661\/"},"modified":"2025-05-20T15:50:08","modified_gmt":"2025-05-20T15:50:08","slug":"apres-un-ralentissement-des-ventes-la-situation-chez-tesla-a-deja-ete-retablie-clame-elon-musk","status":"publish","type":"post","link":"https:\/\/www.europesays.com\/fr\/114661\/","title":{"rendered":"Apr\u00e8s un ralentissement des ventes, la situation chez Tesla a \u00abd\u00e9j\u00e0 \u00e9t\u00e9 r\u00e9tablie\u00bb, clame Elon Musk"},"content":{"rendered":"<p>\u00abLes ventes sont bonnes en ce moment\u00bb, a affirm\u00e9 le dirigeant du constructeur de v\u00e9hicules \u00e9lectriques, et \u00able march\u00e9 (financier) le reconna\u00eet car nous sommes repass\u00e9s au-dessus des mille milliards de capitalisation\u00bb.<\/p>\n<p class=\"fig-paragraph\">La situation commerciale de\u00a0<a href=\"http:\/\/www.lefigaro.fr\/conjoncture\/conduite-autonome-robotique-ia-les-chantiers-qui-attendent-elon-musk-de-retour-chez-tesla-20250502\" target=\"_blank\" data-fig-type=\"Article\" rel=\"noopener\" data-gtm-custom-categorie=\"navigation\" data-gtm-custom-action=\"crossclick\" data-gtm-custom-label=\"Contextuel\" data-gtm-event=\"customEventSPE\" data-fig-domain=\"LEFIGARO\">Tesla<\/a>\u00a0a \u00abd\u00e9j\u00e0 \u00e9t\u00e9 r\u00e9tablie\u00bb apr\u00e8s une s\u00e9quence de ralentissement des ventes du constructeur automobile, a assur\u00e9 ce mardi son patron, Elon Musk, en marge du Forum \u00e9conomique du Qatar, retransmis par l&rsquo;agence Bloomberg. \u00abLes ventes sont bonnes en ce moment\u00bb, a affirm\u00e9 le dirigeant, et \u00able march\u00e9 (financier) le reconna\u00eet car nous sommes repass\u00e9s au-dessus des mille milliards de capitalisation. Donc la situation est d\u00e9j\u00e0 r\u00e9tablie.\u00bb<\/p>\n<p class=\"fig-paragraph\">L\u2019homme le plus riche du monde avait d\u00e9j\u00e0 annonc\u00e9, \u00e0 plusieurs reprises, son intention de prendre du recul avec la mission que lui a confi\u00e9e Donald Trump, avec l\u2019accord du pr\u00e9sident am\u00e9ricain. Elon Musk a indiqu\u00e9 mardi ne plus consacrer qu\u2019un jour ou deux par semaine \u00e0 la commission pour l\u2019efficacit\u00e9 gouvernementale (Doge), le reste de son temps \u00e9tant d\u00e9di\u00e9 \u00e0 la gestion de ses soci\u00e9t\u00e9s, en premier lieu Tesla. Les ventes du groupe ont chut\u00e9 de 13% sur un an au premier trimestre, avec un fl\u00e9chissement particuli\u00e8rement marqu\u00e9 en Union europ\u00e9enne, o\u00f9 les immatriculations se sont contract\u00e9es de 45% par rapport \u00e0 la m\u00eame p\u00e9riode de l\u2019an dernier.<\/p>\n<p>\u00a0\u00bb<br \/>\n        data-script=\u00a0\u00bbhttps:\/\/static.lefigaro.fr\/widget-video\/short-ttl\/video\/index.js\u00a0\u00bb<br \/>\n    &gt;<\/p>\n<p>Mont\u00e9e en puissance de la concurrence<\/p>\n<p class=\"fig-paragraph\">\u00abL\u2019Europe est le march\u00e9 o\u00f9 nous sommes les moins bien positionn\u00e9s\u00bb, a reconnu Elon Musk lors d\u2019un entretien par vid\u00e9oconf\u00e9rence, retransmis en public lors de l\u2019\u00e9v\u00e9nement de Doha. \u00abC\u2019est le cas pour tous les constructeurs, sans exception\u00bb, a n\u00e9anmoins soutenu l\u2019entrepreneur d\u2019origine sud-africaine au sujet de la morosit\u00e9 du march\u00e9 automobile en Europe. Les ventes de Tesla ont souffert d\u2019une mont\u00e9e en puissance de la concurrence, chinoise en particulier, mais aussi d\u2019un mouvement de protestation cons\u00e9cutif au rapprochement d\u2019Elon Musk avec Donald Trump.<\/p>\n<p class=\"fig-paragraph\">Plusieurs concessionnaires et v\u00e9hicules de la marque ont m\u00eame \u00e9t\u00e9 vandalis\u00e9s en Am\u00e9rique du Nord et en Europe. Lors de la conf\u00e9rence t\u00e9l\u00e9phonique de pr\u00e9sentation des r\u00e9sultats du premier trimestre, le directeur financier, Vaibhav Taneja, avait indiqu\u00e9 que le \u00abvandalisme et l\u2019hostilit\u00e9 injustifi\u00e9 envers notre maque et nos employ\u00e9s (avaient) eu un impact sur certains march\u00e9s\u00bb. En Allemagne, les immatriculations de Tesla ont continu\u00e9 leur d\u00e9rapage en avril, accusant un d\u00e9crochage de 46% sur un an.<\/p>\n<p class=\"fig-paragraph\">Interrog\u00e9 quant aux effets n\u00e9gatifs de son engagement politique sur le groupe Tesla, Elon Musk a estim\u00e9 que \u00abnous avons peut-\u00eatre perdu des ventes \u00e0 gauche (chez les sympathisants de cette aile politique) mais nous en avons gagn\u00e9 \u00e0 droite\u00bb. \u00abActuellement, les chiffres de ventes sont solides\u00bb, a-t-il martel\u00e9. \u00abL\u2019action ne coterait pas \u00e0 des niveaux proches de son sommet historique si les choses n\u2019allaient pas bien. Ne vous inqui\u00e9tez pas.\u00bb M\u00eame s\u2019il s\u2019est sensiblement redress\u00e9 ces derni\u00e8res semaines (+26% en deux semaines), le cours du constructeur de v\u00e9hicules \u00e9lectriques reste inf\u00e9rieur de 29% \u00e0 son sommet enregistr\u00e9 fin d\u00e9cembre.<\/p>\n","protected":false},"excerpt":{"rendered":"\u00abLes ventes sont bonnes en ce moment\u00bb, a affirm\u00e9 le dirigeant du constructeur de v\u00e9hicules \u00e9lectriques, et \u00able&hellip;\n","protected":false},"author":2,"featured_media":114662,"comment_status":"","ping_status":"","sticky":false,"template":"","format":"standard","meta":{"footnotes":""},"categories":[6],"tags":[631,627,630,340,398,35,343,634,405,629,636,33,34,46,632,638,1011,27,637,399,639,635,401,628,320,6180,633,407],"class_list":{"0":"post-114661","1":"post","2":"type-post","3":"status-publish","4":"format-standard","5":"has-post-thumbnail","7":"category-economie","8":"tag-action","9":"tag-actions-francaise","10":"tag-actualite-bourse","11":"tag-bourse","12":"tag-bourse-de-paris","13":"tag-business","14":"tag-cac-40","15":"tag-cotation","16":"tag-cotations","17":"tag-cours-des-societes-francaises","18":"tag-devises","19":"tag-economie","20":"tag-economy","21":"tag-elon-musk","22":"tag-fcp","23":"tag-figaro","24":"tag-fr","25":"tag-france","26":"tag-indices","27":"tag-investissement","28":"tag-le-figaro","29":"tag-marches","30":"tag-sicav","31":"tag-societes-etrangeres","32":"tag-tesla","33":"tag-ventes","34":"tag-warrant","35":"tag-warrants"},"share_on_mastodon":{"url":"https:\/\/pubeurope.com\/@fr\/114540958391017361","error":""},"_links":{"self":[{"href":"https:\/\/www.europesays.com\/fr\/wp-json\/wp\/v2\/posts\/114661","targetHints":{"allow":["GET"]}}],"collection":[{"href":"https:\/\/www.europesays.com\/fr\/wp-json\/wp\/v2\/posts"}],"about":[{"href":"https:\/\/www.europesays.com\/fr\/wp-json\/wp\/v2\/types\/post"}],"author":[{"embeddable":true,"href":"https:\/\/www.europesays.com\/fr\/wp-json\/wp\/v2\/users\/2"}],"replies":[{"embeddable":true,"href":"https:\/\/www.europesays.com\/fr\/wp-json\/wp\/v2\/comments?post=114661"}],"version-history":[{"count":0,"href":"https:\/\/www.europesays.com\/fr\/wp-json\/wp\/v2\/posts\/114661\/revisions"}],"wp:featuredmedia":[{"embeddable":true,"href":"https:\/\/www.europesays.com\/fr\/wp-json\/wp\/v2\/media\/114662"}],"wp:attachment":[{"href":"https:\/\/www.europesays.com\/fr\/wp-json\/wp\/v2\/media?parent=114661"}],"wp:term":[{"taxonomy":"category","embeddable":true,"href":"https:\/\/www.europesays.com\/fr\/wp-json\/wp\/v2\/categories?post=114661"},{"taxonomy":"post_tag","embeddable":true,"href":"https:\/\/www.europesays.com\/fr\/wp-json\/wp\/v2\/tags?post=114661"}],"curies":[{"name":"wp","href":"https:\/\/api.w.org\/{rel}","templated":true}]}}