{"id":114663,"date":"2025-05-20T15:51:09","date_gmt":"2025-05-20T15:51:09","guid":{"rendered":"https:\/\/www.europesays.com\/fr\/114663\/"},"modified":"2025-05-20T15:51:09","modified_gmt":"2025-05-20T15:51:09","slug":"marco-rubio-affirme-que-la-syrie-pourrait-etre-a-quelques-semaines-dune-guerre-civile-a-grande-echelle","status":"publish","type":"post","link":"https:\/\/www.europesays.com\/fr\/114663\/","title":{"rendered":"Marco Rubio affirme que la Syrie pourrait \u00eatre \u00e0 quelques semaines d&rsquo;une \u00abguerre civile \u00e0 grande \u00e9chelle\u00bb"},"content":{"rendered":"<p>Le secr\u00e9taire d\u2019\u00c9tat am\u00e9ricain a fait cette d\u00e9claration devant la commission des Affaires \u00e9trang\u00e8res du S\u00e9nat quelques jours apr\u00e8s avoir rencontr\u00e9 les autorit\u00e9s de transition.<\/p>\n<p class=\"fig-paragraph\">Le secr\u00e9taire d&rsquo;\u00c9tat am\u00e9ricain\u00a0<a href=\"http:\/\/www.lefigaro.fr\/international\/marco-rubio-secretaire-de-tout-et-couteau-suisse-de-donald-trump-20250505\" data-fig-type=\"Article\" data-gtm-custom-categorie=\"navigation\" data-gtm-custom-action=\"crossclick\" data-gtm-custom-label=\"Contextuel\" data-gtm-event=\"customEventSPE\" data-fig-domain=\"LEFIGARO\" rel=\"nofollow noopener\" target=\"_blank\">Marco Rubio<\/a>\u00a0a mis en garde mardi que la\u00a0<a href=\"http:\/\/www.lefigaro.fr\/international\/en-syrie-la-societe-civile-et-les-cheikhs-locaux-se-substituent-aux-tribunaux-pour-eviter-un-nouveau-cycle-de-violences-20250517\" data-fig-type=\"Article\" data-gtm-custom-categorie=\"navigation\" data-gtm-custom-action=\"crossclick\" data-gtm-custom-label=\"Contextuel\" data-gtm-event=\"customEventSPE\" data-fig-domain=\"LEFIGARO\" rel=\"nofollow noopener\" target=\"_blank\">Syrie\u00a0<\/a>pourrait \u00eatre \u00e0 quelques semaines d&rsquo;une \u00abguerre civile \u00e0 grande \u00e9chelle\u00bb, quelques jours apr\u00e8s avoir rencontr\u00e9 les autorit\u00e9s de transition.<\/p>\n<p>\u00a0\u00bb<br \/>\n        data-script=\u00a0\u00bbhttps:\/\/static.lefigaro.fr\/widget-video\/short-ttl\/video\/index.js\u00a0\u00bb<br \/>\n    &gt;<\/p>\n<p class=\"fig-paragraph\">\u00abEn fait, nous estimons que, franchement, l&rsquo;autorit\u00e9 de transition, compte tenu des d\u00e9fis auxquels elle est confront\u00e9e, est \u00e0 quelques semaines, voire \u00e0 quelques mois, d&rsquo;un effondrement potentiel et d&rsquo;une guerre civile \u00e0 grande \u00e9chelle, c&rsquo;est-\u00e0-dire d&rsquo;un \u00e9clatement du pays\u00bb, a-t-il affirm\u00e9 devant la commission des Affaires \u00e9trang\u00e8res du S\u00e9nat.<\/p>\n<p class=\"fig-paragraph\">Plus d\u2019informations \u00e0 suivre&#8230;<\/p>\n","protected":false},"excerpt":{"rendered":"Le secr\u00e9taire d\u2019\u00c9tat am\u00e9ricain a fait cette d\u00e9claration devant la commission des Affaires \u00e9trang\u00e8res du S\u00e9nat quelques jours&hellip;\n","protected":false},"author":2,"featured_media":114664,"comment_status":"","ping_status":"","sticky":false,"template":"","format":"standard","meta":{"footnotes":""},"categories":[5],"tags":[259,11,260,73,1011,27,23483,14,261,12,262,32,28],"class_list":{"0":"post-114663","1":"post","2":"type-post","3":"status-publish","4":"format-standard","5":"has-post-thumbnail","7":"category-international","8":"tag-actualite-internationale","9":"tag-actualites","10":"tag-affaires-etrangeres","11":"tag-etats-unis","12":"tag-fr","13":"tag-france","14":"tag-guerre-civile","15":"tag-international","16":"tag-ministere-des-affaires-etrangeres","17":"tag-news","18":"tag-politique-etrangere","19":"tag-syrie","20":"tag-world"},"share_on_mastodon":{"url":"https:\/\/pubeurope.com\/@fr\/114540962389147719","error":""},"_links":{"self":[{"href":"https:\/\/www.europesays.com\/fr\/wp-json\/wp\/v2\/posts\/114663","targetHints":{"allow":["GET"]}}],"collection":[{"href":"https:\/\/www.europesays.com\/fr\/wp-json\/wp\/v2\/posts"}],"about":[{"href":"https:\/\/www.europesays.com\/fr\/wp-json\/wp\/v2\/types\/post"}],"author":[{"embeddable":true,"href":"https:\/\/www.europesays.com\/fr\/wp-json\/wp\/v2\/users\/2"}],"replies":[{"embeddable":true,"href":"https:\/\/www.europesays.com\/fr\/wp-json\/wp\/v2\/comments?post=114663"}],"version-history":[{"count":0,"href":"https:\/\/www.europesays.com\/fr\/wp-json\/wp\/v2\/posts\/114663\/revisions"}],"wp:featuredmedia":[{"embeddable":true,"href":"https:\/\/www.europesays.com\/fr\/wp-json\/wp\/v2\/media\/114664"}],"wp:attachment":[{"href":"https:\/\/www.europesays.com\/fr\/wp-json\/wp\/v2\/media?parent=114663"}],"wp:term":[{"taxonomy":"category","embeddable":true,"href":"https:\/\/www.europesays.com\/fr\/wp-json\/wp\/v2\/categories?post=114663"},{"taxonomy":"post_tag","embeddable":true,"href":"https:\/\/www.europesays.com\/fr\/wp-json\/wp\/v2\/tags?post=114663"}],"curies":[{"name":"wp","href":"https:\/\/api.w.org\/{rel}","templated":true}]}}