{"id":1146703,"date":"2026-08-24T20:52:37","date_gmt":"2026-08-24T20:52:37","guid":{"rendered":"https:\/\/www.europesays.com\/fr\/1146703\/"},"modified":"2026-08-24T20:52:37","modified_gmt":"2026-08-24T20:52:37","slug":"echirolles-feter-la-fin-de-lete-avec-le-festival-rocam-fest","status":"publish","type":"post","link":"https:\/\/www.europesays.com\/fr\/1146703\/","title":{"rendered":"\u00c9chirolles. F\u00eater la fin de l\u2019\u00e9t\u00e9 avec le festival Rocam-fest"},"content":{"rendered":"<p>Le festival d\u2019art de rue et de concert Rocam-fest, de l\u2019association Rocamburlesque, revient \u00e0 \u00c9chirolles pour la troisi\u00e8me ann\u00e9e cons\u00e9cutive. \u00ab\u00a0Avec un m\u00eame mot d\u2019ordre que ses deux premi\u00e8res, un rassemblement festif, culturel et populaire\u00a0!\u00a0\u00bb annoncent les organisateurs en pr\u00e9cisant cependant qu\u2019ils ont d\u00e9cid\u00e9 de voir encore plus grand, toujours plus fou\u00a0!<\/p>\n<p>Le rendez-vous est donn\u00e9 les vendredi\u00a028 et samedi 29\u00a0ao\u00fbt sur le parvis de l\u2019\u00e9cole de cirque Aux Agr\u00e8s du vent, au 2 bis rue Pablo-Picasso. Au programme, cirque, danse, th\u00e9\u00e2tre, musique, arts plastiques ou encore photographie. \u00ab\u00a0Nous essayons d\u2019ouvrir notre festival au plus d\u2019arts possibles d\u2019ann\u00e9e en ann\u00e9e.\u00a0\u00bb Ils indiquent \u00e9galement leur volont\u00e9 de mettre en lumi\u00e8re tous les artistes, amateurs ou professionnels. Aux nombreuses propositions artistiques s\u2019ajouteront des expositions de photographies, peintures, et autres arts plastiques mais aussi un march\u00e9 de cr\u00e9ateurs et des ateliers de maquillage. Ce sera \u00e9galement l\u2019occasion de trouver des renseignements concernant les animations propos\u00e9es par les associations du quartier et de la Ville. \u00ab\u00a0Nous voulons, en effet, que les acteurs locaux soient davantage pr\u00e9sents pendant cet \u00e9v\u00e9nement festif.\u00a0\u00bb Par ailleurs, un snack et une buvette install\u00e9s sur le site permettront de se restaurer et\/ou de se d\u00e9salt\u00e9rer. \u00ab\u00a0Nous proposons des produits bio, locaux et faits maison\u00a0\u00bb, pr\u00e9cisent les membres de l\u2019association. Dans un autre registre, un espace zen est \u00e9galement pr\u00e9vu pour un temps calme loin de l\u2019agitation du festival.<\/p>\n<p>Enfin et non des moindres, l\u2019association insiste sur un point important de sa d\u00e9marche\u00a0: \u00ab\u00a0Il nous tient \u00e0 c\u0153ur, \u00e0 travers ce projet, de rendre la culture, en particulier les arts du spectacle, accessible \u00e0 tous. Nous ne voulons pas que l\u2019argent soit un frein pour acc\u00e9der \u00e0 des \u00e9v\u00e9nements culturels. C\u2019est pourquoi nous proposons l\u2019entr\u00e9e libre au festival. Seuls les produits vendus \u00e0 la buvette et au snack seront \u00e0 des prix fixes, les plus bas possibles. Pour l\u2019association, ce rendez-vous commence d\u00e9j\u00e0 \u00e0 s\u2019ancrer comme une f\u00eate de fin d\u2019\u00e9t\u00e9 avant la rentr\u00e9e\u00a0pour les habitants, les adh\u00e9rents d Aux Agr\u00e8s du Vent, mais aussi des groupes de jeunes de l\u2019agglom\u00e9ration. Nous voulons continuer \u00e0 faire perp\u00e9tuer ces espaces libres et festifs pour nous rassembler une derni\u00e8re fois avant la reprise pour beaucoup.\u00a0\u00bb<\/p>\n","protected":false},"excerpt":{"rendered":"Le festival d\u2019art de rue et de concert Rocam-fest, de l\u2019association Rocamburlesque, revient \u00e0 \u00c9chirolles pour la troisi\u00e8me&hellip;\n","protected":false},"author":2,"featured_media":1146704,"comment_status":"","ping_status":"","sticky":false,"template":"","format":"standard","meta":{"footnotes":"","_share_on_mastodon":"0"},"categories":[9566],"tags":[1111,11,2430,1687,9852,9853,112,1777,674,1011,27,2731,12,25,3140],"class_list":["post-1146703","post","type-post","status-publish","format-standard","has-post-thumbnail","category-grenoble","tag-actu","tag-actualites","tag-auvergne-rhone-alpes","tag-culture-loisirs","tag-echirolles","tag-echirolles-bassin","tag-edition-grenoble-agglomeration","tag-eu","tag-europe","tag-fr","tag-france","tag-grenoble","tag-news","tag-republique-francaise","tag-spectacle"],"share_on_mastodon":{"url":"https:\/\/pubeurope.com\/@fr\/117152471814613896","error":""},"_links":{"self":[{"href":"https:\/\/www.europesays.com\/fr\/wp-json\/wp\/v2\/posts\/1146703","targetHints":{"allow":["GET"]}}],"collection":[{"href":"https:\/\/www.europesays.com\/fr\/wp-json\/wp\/v2\/posts"}],"about":[{"href":"https:\/\/www.europesays.com\/fr\/wp-json\/wp\/v2\/types\/post"}],"author":[{"embeddable":true,"href":"https:\/\/www.europesays.com\/fr\/wp-json\/wp\/v2\/users\/2"}],"replies":[{"embeddable":true,"href":"https:\/\/www.europesays.com\/fr\/wp-json\/wp\/v2\/comments?post=1146703"}],"version-history":[{"count":0,"href":"https:\/\/www.europesays.com\/fr\/wp-json\/wp\/v2\/posts\/1146703\/revisions"}],"wp:featuredmedia":[{"embeddable":true,"href":"https:\/\/www.europesays.com\/fr\/wp-json\/wp\/v2\/media\/1146704"}],"wp:attachment":[{"href":"https:\/\/www.europesays.com\/fr\/wp-json\/wp\/v2\/media?parent=1146703"}],"wp:term":[{"taxonomy":"category","embeddable":true,"href":"https:\/\/www.europesays.com\/fr\/wp-json\/wp\/v2\/categories?post=1146703"},{"taxonomy":"post_tag","embeddable":true,"href":"https:\/\/www.europesays.com\/fr\/wp-json\/wp\/v2\/tags?post=1146703"}],"curies":[{"name":"wp","href":"https:\/\/api.w.org\/{rel}","templated":true}]}}