{"id":114671,"date":"2025-05-20T15:55:08","date_gmt":"2025-05-20T15:55:08","guid":{"rendered":"https:\/\/www.europesays.com\/fr\/114671\/"},"modified":"2025-05-20T15:55:08","modified_gmt":"2025-05-20T15:55:08","slug":"la-mere-de-ce-petit-supporter-vit-une-mesaventure-au-match-avant-un-miracle-inattendu","status":"publish","type":"post","link":"https:\/\/www.europesays.com\/fr\/114671\/","title":{"rendered":"la m\u00e8re de ce petit supporter vit une m\u00e9saventure au match, avant un \u00ab\u00a0miracle\u00a0\u00bb inattendu"},"content":{"rendered":"<p>            Par<br \/>\n        <strong><br \/>\n            <a href=\"https:\/\/actu.fr\/auteur\/julien-sournies\" title=\"Consulter tous les articles de Julien Sournies\" target=\"_blank\" rel=\"noopener\">Julien Sournies<\/a><br \/>\n        <\/strong><\/p>\n<p>        Publi\u00e9 le<\/p>\n<p>            20 mai 2025 \u00e0 17h23        <\/p>\n<p>La pr\u00e9occupation \u00e9tait ailleurs pour Katia. Si l\u2019<a href=\"https:\/\/actu.fr\/tag\/association-sportive-saint-etienne-asse\" target=\"_blank\" rel=\"noopener\">ASSE<\/a> n\u2019a pas r\u00e9ussi \u00e0 se maintenir en Ligue\u00a01 \u00e0 la suite de son <a href=\"https:\/\/actu.fr\/occitanie\/toulouse_31555\/ligue-1-clap-de-fin-toulouse-relegue-saint-etienne-au-terme-d-un-match-accroche_62651642.html\" target=\"_blank\" rel=\"noopener\">ultime revers face \u00e0 Toulouse (2-3)<\/a> samedi 17\u00a0mai 2025, cette fid\u00e8le supportrice du club st\u00e9phanois avait en effet la t\u00eate \u00e0 autre chose au coup de sifflet final.<br \/>Alors qu\u2019elle \u00e9tait install\u00e9e en bas du kop sud du stade Geoffroy-Guichard, l\u2019Ard\u00e9choise s\u2019est fait<strong> d\u00e9rober un sac<\/strong> contenant de nombreux articles \u00e0 l\u2019effigie de l\u2019ASSE, fra\u00eechement achet\u00e9s \u00e0 la boutique du club. Bien qu\u2019il ne contenait pas ses cl\u00e9s, son t\u00e9l\u00e9phone portable ou, pire, son portefeuille, ce fameux sac avait toutefois une grande valeur sentimentale pour Katia.<br \/>Elle fait part de sa m\u00e9saventure aupr\u00e8s d\u2019<a href=\"https:\/\/actu.fr\/saint-etienne\/\" target=\"_blank\" rel=\"noopener\">actu Saint-\u00c9tienne<\/a>.<\/p>\n<p class=\" wall-content\">\u00ab\u2009Je voulais aller au stade avec mon fils de 9 ans pour son anniversaire (le 26 mai, NDLR), mais malheureusement il n\u2019y avait plus de place alors qu\u2019il est pourtant membre de l\u2019ASSE Kids\u2019Club\u2009\u00bb, regrette d\u2019abord la m\u00e8re de famille. Pour ne pas laisser l\u2019amertume et la tristesse s\u2019emparer du petit Camille, elle lui a alors promis de lui ramener un maillot et une tasse des Verts.<\/p>\n<p>\u00ab\u2009Il m\u2019a fallu au moins 10\u00a0minutes pour r\u00e9aliser ce qu\u2019il s\u2019\u00e9tait pass\u00e9\u2009\u00bb<\/p>\n<p class=\" wall-content\">Mais Katia a <strong>vite d\u00e9chant\u00e9<\/strong>, m\u00eame si elle avait d\u00e9j\u00e0 entraper\u00e7u le danger en amont. \u00ab\u2009Avant le coup d\u2019envoi, j\u2019ai vu une bande de jeunes descendre des balcons, ce qui est parfaitement interdit. Ils avaient l\u2019air tr\u00e8s louches, ils jetaient des regards un peu partout et ne regardaient pas le match. En plus, ils \u00e9taient install\u00e9s juste derri\u00e8re nous, donc je me suis souvent retourn\u00e9 pour voir ce qu\u2019ils mijotaient\u2009\u00bb, raconte-t-elle.<\/p>\n<p class=\" wall-content\">S\u2019il n\u2019y a pas eu de r\u00e9els probl\u00e8mes jusqu\u2019aux ultimes moments de la rencontre, un mouvement de foule s\u2019est produit en direction des grilles, semant la pagaille g\u00e9n\u00e9rale. Compl\u00e8tement d\u00e9sorient\u00e9e, Katia, qui pr\u00e9sente par ailleurs un handicap \u00e0 une jambe, a pr\u00e9f\u00e9r\u00e9 jouer la carte de la prudence en restant cantonn\u00e9e \u00e0 son si\u00e8ge. En vain.<\/p>\n<blockquote class=\"ac-article-quote wall-content\">\n<p>Il m&rsquo;a fallu au moins 10 minutes pour r\u00e9aliser ce qu&rsquo;il s&rsquo;\u00e9tait pass\u00e9. C&rsquo;est en voulant quitter les tribunes que je me suis rendu compte que le sac n&rsquo;\u00e9tait plus \u00e0 mes pieds.<\/p>\n<p>    <strong>Katia<\/strong><br \/>\n        Supportrice de l&rsquo;ASSE    <\/p><\/blockquote>\n<p>\u00ab\u2009C\u2019\u00e9tait la derni\u00e8re solution pour que mon fils ne soit pas d\u00e9\u00e7u\u2009\u00bb<\/p>\n<p class=\" wall-content\">D\u00e9sempar\u00e9e et ne sachant pas o\u00f9 se r\u00e9f\u00e9rer, la m\u00e8re de famille a choisi de s\u2019adresser \u00e0 plusieurs stadiers sans qu\u2019ils puissent malheureusement lui apporter de vraies solutions. \u00ab\u2009Apr\u00e8s m\u2019\u00eatre rendue aux quatre coins du stade, on m\u2019a finalement dit d\u2019aller porter plainte au commissariat de Saint-\u00c9tienne, mais moi \u00e7a ne m\u2019arrangeait pas car je devais rentrer chez moi en Ard\u00e8che\u2009\u00bb, se rem\u00e9more Katia.<\/p>\n<p class=\" wall-content\">Apr\u00e8s s\u2019\u00eatre r\u00e9sign\u00e9e \u00e0 d\u00e9poser une plainte, Katia a toutefois d\u00e9cid\u00e9 de ne pas en rester l\u00e0. Le lendemain, dimanche 18 mai, la supportrice du club st\u00e9phanois a publi\u00e9 un <strong>long message sur les r\u00e9seaux sociaux<\/strong> pour faire part de son d\u00e9sarroi. \u00ab\u2009Honn\u00eatement, je ne m\u2019attendais pas \u00e0 grand-chose. Mais c\u2019\u00e9tait la derni\u00e8re solution pour que mon fils ne soit pas d\u00e9\u00e7u\u2009\u00bb, avoue-t-elle.<\/p>\n<p class=\" wall-content\">Malgr\u00e9 les craintes, le \u00ab\u2009miracle a bien eu lieu\u2009\u00bb. \u00ab\u2009Un autre supporter qui a vu la publication lundi matin m\u2019a contact\u00e9 en disant qu\u2019il l\u2019avait en sa possession. Il m\u2019a dit qu\u2019il l\u2019avait trouv\u00e9 dans les escaliers apr\u00e8s le match\u2009\u00bb, confie-t-elle.<\/p>\n<p>\u00ab\u2009On en a marre de tous ces abrutis qui viennent pourrir nos matchs\u2009\u00bb<\/p>\n<p class=\" wall-content\">Si elle ne peut pas certifier que la bande de jeunes en question est \u00e0 l\u2019origine du vol, des <strong>soup\u00e7ons<\/strong> p\u00e8sent sur eux. \u00ab\u2009J\u2019ai entendu dire qu\u2019une bande de jeunes se sont battus dans les couloirs. Celui qui avait le sac, si c\u2019est le cas, l\u2019aurait pos\u00e9 au sol pour pouvoir utiliser ses deux bras, j\u2019imagine\u2009\u00bb, suspecte Katia.<\/p>\n<p class=\" wall-content\">Mais tout est bien qui finit bien. Le supporter en possession des effets personnels de Katia les a transmis au club, lequel va l\u2019envoyer sous forme de colis \u00e0 l\u2019adresse de la m\u00e8re de famille. Malgr\u00e9 tout, elle esp\u00e8re de tout c\u0153ur que de tels m\u00e9faits ne vont plus se reproduire car \u00ab\u2009on en a marre de tous ces abrutis qui viennent pourrir nos matchs, mais surtout \u00e7a permettra au club d\u2019\u00eatre plus vigilant sur ce genre de choses\u2009\u00bb.<\/p>\n<p class=\" wall-content\">Suivez toute l\u2019actualit\u00e9 de vos villes et m\u00e9dias favoris en vous inscrivant \u00e0 <a href=\"https:\/\/moncompte.actu.fr\" title=\"D\u00e9couvez Mon Actu\" rel=\"nofollow noopener\" data-trk=\"{&quot;cta&quot;:{&quot;action&quot;:&quot;https:\\\/\\\/moncompte.actu.fr&quot;,&quot;category&quot;:&quot;mon compte&quot;,&quot;from&quot;:&quot;article footer&quot;,&quot;name&quot;:&quot;Mon actu&quot;,&quot;type&quot;:&quot;cta&quot;}}\" target=\"_blank\">Mon Actu<\/a>.<\/p>\n<ul class=\"ac-article-tag wall-content\">\n<li><a href=\"https:\/\/actu.fr\/tag\/association-sportive-saint-etienne-asse\" data-trk=\"{&quot;cta&quot;:{&quot;action&quot;:&quot;Association Sportive Saint Etienne (ASSE)&quot;,&quot;category&quot;:&quot;tag&quot;,&quot;from&quot;:&quot;article footer&quot;,&quot;name&quot;:&quot;Association Sportive Saint Etienne (ASSE)&quot;,&quot;type&quot;:&quot;cta&quot;}}\" target=\"_blank\" rel=\"noopener\">#Association Sportive Saint Etienne (ASSE)<\/a><\/li>\n<\/ul>\n","protected":false},"excerpt":{"rendered":"Par Julien Sournies Publi\u00e9 le 20 mai 2025 \u00e0 17h23 La pr\u00e9occupation \u00e9tait ailleurs pour Katia. Si l\u2019ASSE&hellip;\n","protected":false},"author":2,"featured_media":114672,"comment_status":"","ping_status":"","sticky":false,"template":"","format":"standard","meta":{"footnotes":""},"categories":[9653],"tags":[1111,11,8019,2430,1777,674,1011,27,12,25,4001,104],"class_list":{"0":"post-114671","1":"post","2":"type-post","3":"status-publish","4":"format-standard","5":"has-post-thumbnail","7":"category-saint-etienne","8":"tag-actu","9":"tag-actualites","10":"tag-association-sportive-saint-etienne-asse","11":"tag-auvergne-rhone-alpes","12":"tag-eu","13":"tag-europe","14":"tag-fr","15":"tag-france","16":"tag-news","17":"tag-republique-francaise","18":"tag-saint-etienne","19":"tag-societe"},"share_on_mastodon":{"url":"https:\/\/pubeurope.com\/@fr\/114540978118386136","error":""},"_links":{"self":[{"href":"https:\/\/www.europesays.com\/fr\/wp-json\/wp\/v2\/posts\/114671","targetHints":{"allow":["GET"]}}],"collection":[{"href":"https:\/\/www.europesays.com\/fr\/wp-json\/wp\/v2\/posts"}],"about":[{"href":"https:\/\/www.europesays.com\/fr\/wp-json\/wp\/v2\/types\/post"}],"author":[{"embeddable":true,"href":"https:\/\/www.europesays.com\/fr\/wp-json\/wp\/v2\/users\/2"}],"replies":[{"embeddable":true,"href":"https:\/\/www.europesays.com\/fr\/wp-json\/wp\/v2\/comments?post=114671"}],"version-history":[{"count":0,"href":"https:\/\/www.europesays.com\/fr\/wp-json\/wp\/v2\/posts\/114671\/revisions"}],"wp:featuredmedia":[{"embeddable":true,"href":"https:\/\/www.europesays.com\/fr\/wp-json\/wp\/v2\/media\/114672"}],"wp:attachment":[{"href":"https:\/\/www.europesays.com\/fr\/wp-json\/wp\/v2\/media?parent=114671"}],"wp:term":[{"taxonomy":"category","embeddable":true,"href":"https:\/\/www.europesays.com\/fr\/wp-json\/wp\/v2\/categories?post=114671"},{"taxonomy":"post_tag","embeddable":true,"href":"https:\/\/www.europesays.com\/fr\/wp-json\/wp\/v2\/tags?post=114671"}],"curies":[{"name":"wp","href":"https:\/\/api.w.org\/{rel}","templated":true}]}}