{"id":114675,"date":"2025-05-20T15:57:16","date_gmt":"2025-05-20T15:57:16","guid":{"rendered":"https:\/\/www.europesays.com\/fr\/114675\/"},"modified":"2025-05-20T15:57:16","modified_gmt":"2025-05-20T15:57:16","slug":"nancy-un-cambrioleur-interpelle-par-un-voisin-au-centre-ville-2","status":"publish","type":"post","link":"https:\/\/www.europesays.com\/fr\/114675\/","title":{"rendered":"Nancy. Un cambrioleur interpell\u00e9 par un voisin au centre-ville"},"content":{"rendered":"<p>Lundi, au petit matin, un habitant de la rue de la Primatiale, \u00e0 Nancy, entend des bruits anormaux non loin de chez lui. En l\u2019occurrence chez son voisin, au-dessus du bar Le Parallel. Il va jeter un \u0153il et tombe nez \u00e0 nez avec un cambrioleur. \u00c0 4\u00a0h\u00a045, il compose le 17. Et annonce la couleur. \u00ab\u00a0Venez le chercher, il vous attend\u00a0!\u00a0\u00bb<\/p>\n<p>Ce contenu est bloqu\u00e9 car vous n&rsquo;avez pas accept\u00e9 les cookies et autres traceurs.<\/p>\n<p>En cliquant sur \u00ab J\u2019accepte \u00bb, les cookies et autres traceurs seront d\u00e9pos\u00e9s et vous pourrez visualiser les contenus  (<a href=\"\" class=\"consentModule_policy\" target=\"_blank\" title=\"Consulter la politique de protection des donn\u00e9es du fournisseur\">plus d&rsquo;informations<\/a>).<\/p>\n<p>En cliquant sur \u00ab J\u2019accepte tous les cookies \u00bb, vous autorisez des d\u00e9p\u00f4ts de cookies et autres traceurs pour le stockage de vos donn\u00e9es sur nos sites et applications \u00e0 des fins de personnalisation et de ciblage publicitaire.<\/p>\n<p class=\"consentModule_secondaryText\">Vous gardez la possibilit\u00e9 de retirer votre consentement \u00e0 tout moment en consultant notre <a href=\"https:\/\/www.estrepublicain.fr\/protection-des-donnees\" target=\"_blank\" title=\"Consulter notre politique de protection des donn\u00e9es\" rel=\"noopener\">politique de protection des donn\u00e9es<\/a>. <br \/>&#13;<br \/>\n            <a href=\"https:\/\/www.estrepublicain.fr\/faits-divers-justice\/2025\/05\/20\/javascript:Didomi.notice.show()\" class=\"consentModule_cmp\" target=\"_blank\" rel=\"noopener\">G\u00e9rer mes choix<\/a>&#13;\n        <\/p>\n<p>&#13;<br \/>\n                        J&rsquo;accepte&#13;<br \/>\n            J&rsquo;accepte tous les cookies&#13;\n        <\/p>\n<p>\u00c0 son arriv\u00e9e, l\u2019unit\u00e9 de police secours prend alors en charge l\u2019homme immobilis\u00e9. La porte des lieux a \u00e9t\u00e9 effectivement fractur\u00e9e, une pince est retrouv\u00e9e sur lui ainsi que des bouteilles d\u00e9rob\u00e9es.<\/p>\n<p>\u00c2g\u00e9 de 29 ans, le voleur est sans domicile fixe. Un poil moins connu des services de police que d\u2019autres de ses coll\u00e8gues, il est plac\u00e9 en garde \u00e0 vue. Il reste muet sauf lorsqu\u2019il nie les faits. Faits dont il devra r\u00e9pondre ce mercredi, lors d\u2019une comparution imm\u00e9diate devant le tribunal correctionnel de Nancy.<\/p>\n","protected":false},"excerpt":{"rendered":"Lundi, au petit matin, un habitant de la rue de la Primatiale, \u00e0 Nancy, entend des bruits anormaux&hellip;\n","protected":false},"author":2,"featured_media":114547,"comment_status":"","ping_status":"","sticky":false,"template":"","format":"standard","meta":{"footnotes":""},"categories":[9635],"tags":[1111,11,271,272,1704,1777,674,274,1011,27,775,3457,1702,1703,12,25],"class_list":{"0":"post-114675","1":"post","2":"type-post","3":"status-publish","4":"format-standard","5":"has-post-thumbnail","7":"category-nancy","8":"tag-actu","9":"tag-actualites","10":"tag-crime","11":"tag-delit-et-contravention","12":"tag-edition-nancy-et-agglomeration","13":"tag-eu","14":"tag-europe","15":"tag-faits-divers-justice","16":"tag-fr","17":"tag-france","18":"tag-grand-est","19":"tag-meurthe-et-moselle","20":"tag-nancy","21":"tag-nancy-ville-54b","22":"tag-news","23":"tag-republique-francaise"},"share_on_mastodon":{"url":"https:\/\/pubeurope.com\/@fr\/114540985948579598","error":""},"_links":{"self":[{"href":"https:\/\/www.europesays.com\/fr\/wp-json\/wp\/v2\/posts\/114675","targetHints":{"allow":["GET"]}}],"collection":[{"href":"https:\/\/www.europesays.com\/fr\/wp-json\/wp\/v2\/posts"}],"about":[{"href":"https:\/\/www.europesays.com\/fr\/wp-json\/wp\/v2\/types\/post"}],"author":[{"embeddable":true,"href":"https:\/\/www.europesays.com\/fr\/wp-json\/wp\/v2\/users\/2"}],"replies":[{"embeddable":true,"href":"https:\/\/www.europesays.com\/fr\/wp-json\/wp\/v2\/comments?post=114675"}],"version-history":[{"count":0,"href":"https:\/\/www.europesays.com\/fr\/wp-json\/wp\/v2\/posts\/114675\/revisions"}],"wp:featuredmedia":[{"embeddable":true,"href":"https:\/\/www.europesays.com\/fr\/wp-json\/wp\/v2\/media\/114547"}],"wp:attachment":[{"href":"https:\/\/www.europesays.com\/fr\/wp-json\/wp\/v2\/media?parent=114675"}],"wp:term":[{"taxonomy":"category","embeddable":true,"href":"https:\/\/www.europesays.com\/fr\/wp-json\/wp\/v2\/categories?post=114675"},{"taxonomy":"post_tag","embeddable":true,"href":"https:\/\/www.europesays.com\/fr\/wp-json\/wp\/v2\/tags?post=114675"}],"curies":[{"name":"wp","href":"https:\/\/api.w.org\/{rel}","templated":true}]}}