{"id":1146762,"date":"2026-08-24T21:30:15","date_gmt":"2026-08-24T21:30:15","guid":{"rendered":"https:\/\/www.europesays.com\/fr\/1146762\/"},"modified":"2026-08-24T21:30:15","modified_gmt":"2026-08-24T21:30:15","slug":"mercato-ca-va-encore-beaucoup-bouger-a-strasbourg-lors-de-la-derniere-semaine-dans-le-sens-des-departs-comme-des-arrivees-lequipe","status":"publish","type":"post","link":"https:\/\/www.europesays.com\/fr\/1146762\/","title":{"rendered":"Mercato : \u00e7a va encore beaucoup bouger \u00e0 Strasbourg lors de la derni\u00e8re semaine, dans le sens des d\u00e9parts comme des arriv\u00e9es &#8211; L&#039;\u00c9quipe"},"content":{"rendered":"<ol>\n<li><a href=\"https:\/\/news.google.com\/rss\/articles\/CBMihAJBVV95cUxQeWhrYm1aOHRZTzM3V2x5cEZfMzBpVFQ4QkgxeHVzZTFaQzk1TFpEZUlWMXlfdWxFcW90SFJNa2NsNnB3Zk8weXVaSEdDSmppTjVzbUlqdWpjRkkybjNoMGtGc1BpdWdQdmV4UUZGdVpER1Q5aGpPQVY4aHlEcTFkWkR0MW5SMkRCVXdoMi1DUmt4ZFpxMlhYT2NvS2xWdjlZWGVyMkFhdkwyd1VCUjJEZXY1RWtVdU0yOXg1anIzS3BLYmdtYzh3dmZPNW9BUzZGdTZDN1huZ0NSU3FRRGw5emlBNGs3UXo5ZFdldFFYZTJZdXdpblhYcEpVUndBZ1RuNDhOaw?oc=5\" target=\"_blank\" rel=\"nofollow noopener\">Mercato : \u00e7a va encore beaucoup bouger \u00e0 Strasbourg lors de la derni\u00e8re semaine, dans le sens des d\u00e9parts comme des arriv\u00e9es<\/a>&nbsp;&nbsp;L&rsquo;\u00c9quipe<\/li>\n<li><a href=\"https:\/\/news.google.com\/rss\/articles\/CBMizAFBVV95cUxNd0Q1UVh6akpsOG1ZdWJEZ3BHanJzdld1WXZvckxpQ2FGb1Zyei1SWk1WLWNUa00yZHEtd25IdHVySHRKaEJ5VUlNZXlzUEIzM2cwVmZscnhGN25EcTd0alAzakVuQmFTUDVmQVotdnFselNKRU9ISk9HdGNFTVdOS0gwOGs2Y21mZ3p0UHppVDRkUDBCZm5fejdPcGlIQTU3V1dmSzRhSUNpZUxULWJ6Y245cFFpaE5obHp5ZG5BQzdXeFJuQjZiVkg4QTk?oc=5\" target=\"_blank\" rel=\"nofollow noopener\">Football. Pr\u00eats, recrues, d\u00e9graissage&#8230; Qu&rsquo;attendre des derniers jours du mercato au Racing Club de Strasbourg ?<\/a>&nbsp;&nbsp;dna.fr<\/li>\n<li><a href=\"https:\/\/news.google.com\/rss\/articles\/CBMiuAFBVV95cUxOUGV4LVFGQ0hRSDVLVnRleVhwX3RKejg2MU56Y2E5d3ltM1RZSndIZ1hBa3FCekMwRThSanNOajdlamtrTE1LLU1va2RpRk9rLXlVeWxBbjFGckdOc3BzZnpWZFdIdlpWMWNkN1A3S3gwUDZYNE9jY0hhR3FoT3NzZkN4cGp3M3JHNVRpSEtKSWhNR1VXWERtenB2aklsUHNPUUppMS1LcDRXcHM2aFJ5cnd1VGR5OFRW0gG3AUFVX3lxTE9pRGZLUXlOR3czQTQ4TjJhMzBDY2steVc0cDNDMjY4azBNclVWUWVYRDN3a0h4VjFsX3cyaXh4RHJLWnNKT1dBMjU1N1VnX1dfMmJ4WDRrMWVaTDh0SmFzN0UyR3lhR0VHVlJiQzNxNHRJQzFJaUxEQTVQTFlha21lWVRrU3ZxYno3T092SGE5LXdMeG1DTVlfZTdpQVFEVDJUYXFiZHlYWVo4SjFaR1V2R2kxRVQ1OA?oc=5\" target=\"_blank\" rel=\"nofollow noopener\">Ligue 1 (J1)\u00a0: L&rsquo;OM d\u00e9marre fort, Gouiri aussi : Sports &#8211; Orange<\/a>&nbsp;&nbsp;Sports &#8211; Orange<\/li>\n<li><a href=\"https:\/\/news.google.com\/rss\/articles\/CBMizgFBVV95cUxQcnFncWVYUFJyblFSb0NzYXlGWHFObHZwWlV5ZGFGQWFCOXBndWdZd2pOdDRlaUNwSlBJTEdUTDV0eTdIODdHRGF1a043MzVfUGtxOXA5bVc1WS1PRWtTbFhIcWc3RGxXVVlNbjV5NWM5djdmcnJER09hYi1wU3RONnZlVFpuNEVlRHRya3dhcHNveTJ6NkU1b0VtX3ZiZ0Rmd2Q4OXpqdHREcld6TFhjbXE3d3FUcDZHdVJscEFKUURmdy04eFg0dFlRNXZnQQ?oc=5\" target=\"_blank\" rel=\"nofollow noopener\">OM : comment Genesio a r\u00e9ussi \u00e0 relancer des joueurs en \u00e9chec la saison derni\u00e8re<\/a>&nbsp;&nbsp;La Provence<\/li>\n<li><a href=\"https:\/\/news.google.com\/rss\/articles\/CBMitwFBVV95cUxQSi1QeG01RThjanFFOTBUamRxS0RET2k2dXhEaW5BdHo2TGNTSkVDYXZSX25Ia2hlMFVOdjltZ25RZ1BtWkg3MDlKTklYVDRFaG02R1hZWkIxbFdXVzc3VVg0Wi1xUEhKN2ZRaHh0R1VZU0JCRVl6VWw4OUQ2aWVaRDFEVTExRHFVTFA2U1M5MmVfZVhiYVh1SUc4b0ZuaFQ4ampINFl1R0VlSFR0OEJCY1VVSU5hM28?oc=5\" target=\"_blank\" rel=\"nofollow noopener\">OM &#8211; Gomes, Abdelli, Egan-Riley&#8230; l\u2019heure de la revanche a peut-\u00eatre sonn\u00e9<\/a>&nbsp;&nbsp;Le Phoc\u00e9en<\/li>\n<\/ol>\n","protected":false},"excerpt":{"rendered":"Mercato : \u00e7a va encore beaucoup bouger \u00e0 Strasbourg lors de la derni\u00e8re semaine, dans le sens des&hellip;\n","protected":false},"author":2,"featured_media":1146763,"comment_status":"","ping_status":"","sticky":false,"template":"","format":"standard","meta":{"footnotes":"","_share_on_mastodon":"0"},"categories":[2],"tags":[11,86760,116436,63,1011,27,66,12,86837,25,105443,1314,117250,640,33137],"class_list":["post-1146762","post","type-post","status-publish","format-standard","has-post-thumbnail","category-actualites","tag-actualites","tag-actus-et-infos","tag-cyril-olives","tag-football","tag-fr","tag-france","tag-ligue-1","tag-news","tag-payant","tag-republique-francaise","tag-saison-2026-2027","tag-series","tag-special-transferts-la-derniere-ligne-droite","tag-strasbourg","tag-transferts-football"],"share_on_mastodon":{"url":"https:\/\/pubeurope.com\/@fr\/117152620780096150","error":""},"_links":{"self":[{"href":"https:\/\/www.europesays.com\/fr\/wp-json\/wp\/v2\/posts\/1146762","targetHints":{"allow":["GET"]}}],"collection":[{"href":"https:\/\/www.europesays.com\/fr\/wp-json\/wp\/v2\/posts"}],"about":[{"href":"https:\/\/www.europesays.com\/fr\/wp-json\/wp\/v2\/types\/post"}],"author":[{"embeddable":true,"href":"https:\/\/www.europesays.com\/fr\/wp-json\/wp\/v2\/users\/2"}],"replies":[{"embeddable":true,"href":"https:\/\/www.europesays.com\/fr\/wp-json\/wp\/v2\/comments?post=1146762"}],"version-history":[{"count":0,"href":"https:\/\/www.europesays.com\/fr\/wp-json\/wp\/v2\/posts\/1146762\/revisions"}],"wp:featuredmedia":[{"embeddable":true,"href":"https:\/\/www.europesays.com\/fr\/wp-json\/wp\/v2\/media\/1146763"}],"wp:attachment":[{"href":"https:\/\/www.europesays.com\/fr\/wp-json\/wp\/v2\/media?parent=1146762"}],"wp:term":[{"taxonomy":"category","embeddable":true,"href":"https:\/\/www.europesays.com\/fr\/wp-json\/wp\/v2\/categories?post=1146762"},{"taxonomy":"post_tag","embeddable":true,"href":"https:\/\/www.europesays.com\/fr\/wp-json\/wp\/v2\/tags?post=1146762"}],"curies":[{"name":"wp","href":"https:\/\/api.w.org\/{rel}","templated":true}]}}