{"id":1146797,"date":"2026-08-24T21:54:21","date_gmt":"2026-08-24T21:54:21","guid":{"rendered":"https:\/\/www.europesays.com\/fr\/1146797\/"},"modified":"2026-08-24T21:54:21","modified_gmt":"2026-08-24T21:54:21","slug":"ce-bunker-secret-pourrait-mettre-a-mal-la-salle-de-bal-de-donald-trump","status":"publish","type":"post","link":"https:\/\/www.europesays.com\/fr\/1146797\/","title":{"rendered":"Ce bunker secret pourrait mettre \u00e0 mal la salle de bal de Donald Trump"},"content":{"rendered":"<p>                 \u00c0 voir aussi sur Le HuffPost            <\/p>\n<p> La lecture de ce contenu est susceptible d\u2019entra\u00eener un d\u00e9p\u00f4t de cookies de la part de l\u2019op\u00e9rateur tiers qui l\u2019h\u00e9berge. Compte-tenu des choix que vous avez exprim\u00e9s en mati\u00e8re de d\u00e9p\u00f4t de cookies, nous avons bloqu\u00e9 l\u2019affichage de ce contenu. Si vous souhaitez y acc\u00e9der, vous devez accepter la cat\u00e9gorie de cookies \u201cContenus tiers\u201d en cliquant sur le bouton ci-dessous. <\/p>\n<p> Lire la Vid\u00e9o              <\/p>\n<p class=\"asset asset-text\">Alors que Donald Trump n\u2019en d\u00e9mord pas de sa salle de balle s\u00e9curis\u00e9e \u00e0 la Maison Blanche, comprenant une grande partie souterraine militaire, il semblerait qu\u2019une installation de ce type existe d\u00e9j\u00e0, enfouie \u00e0 18\u00a0m\u00e8tres sous le sol de la r\u00e9sidence pr\u00e9sidentielle. Selon le <a href=\"https:\/\/www.washingtonpost.com\/politics\/2026\/08\/23\/secret-white-house-bunker-undercuts-trumps-ballroom-lawsuit-ex-officials-say\/\" target=\"_blank\" rel=\"noopener nofollow\" title=\"Nouvelle fen\u00eatre\">Washington Post<\/a>, qui cite sur plusieurs anciens responsables am\u00e9ricains, un bunker souterrain a \u00e9t\u00e9 construit apr\u00e8s les attentats du 11\u00a0septembre\u00a02001, et finalis\u00e9 sous la pr\u00e9sidence Obama, afin de prot\u00e9ger le pr\u00e9sident et d\u2019assurer la continuit\u00e9 du gouvernement en cas de crise majeure.<\/p>\n<p class=\"asset asset-text\">Le bunker pourrait accueillir plusieurs dizaines de personnes pendant plusieurs semaines et aurait \u00e9t\u00e9 con\u00e7u pour r\u00e9sister notamment \u00e0 une explosion nucl\u00e9aire. Le quotidien am\u00e9ricain pr\u00e9cise \u00e9galement ne pas avoir publi\u00e9 certains d\u00e9tails afin de ne pas compromettre la s\u00e9curit\u00e9 de l\u2019installation.<\/p>\n<p class=\"asset asset-text\">L\u2019existence de bunker secret avait d\u00e9j\u00e0 \u00e9t\u00e9 \u00e9voqu\u00e9e par le journaliste Ronald Kessler dans un livre publi\u00e9 en 2018, mais jamais confirm\u00e9 par la pr\u00e9sidence am\u00e9ricaine ou d\u2019autres sources. Maintenant que cette information est confirm\u00e9e, \u00e7a ne va pas arranger l\u2019administration Trump qui pr\u00e9sente la future salle de bal et son sous-terrain comme une infrastructure indispensable pour la s\u00e9curit\u00e9 du pr\u00e9sident. Une strat\u00e9gie de communication adopt\u00e9e face aux nombreux d\u00e9bats provoqu\u00e9s par cette immense salle de r\u00e9ception \u00e0 l\u2019emplacement de l\u2019ancienne aile Est de la Maison-Blanche, d\u00e9molie pour permettre le chantier.<\/p>\n<p>    65\u00a0% des travaux d\u00e9j\u00e0 achev\u00e9s d\u00e9but ao\u00fbt    <\/p>\n<p class=\"asset asset-text\">Le projet est \u00ab\u00a0inextricablement li\u00e9 \u00e0 la s\u00e9curit\u00e9 du pr\u00e9sident, du domaine de la Maison-Blanche et de certaines infrastructures de s\u00e9curit\u00e9\u00a0\u00bb, affirmait le porte-parole de la pr\u00e9sidence Davis Ingle. Le chef de cabinet adjoint de la Maison-Blanche, Stephen Miller, avait aussi vendu une infrastructure permettant \u00ab\u00a0au pr\u00e9sident et aux hauts responsables de la s\u00e9curit\u00e9 nationale\u00a0\u00bb d\u2019op\u00e9rer depuis un site s\u00e9curis\u00e9 \u00ab\u00a0en cas d\u2019attaque contre la capitale\u00a0\u00bb.<\/p>\n<p class=\"asset asset-text\">Le projet est \u00e9valu\u00e9 \u00e0 environ 400\u00a0millions de dollars et doit permettre d\u2019accueillir de grands \u00e9v\u00e9nements qui ne peuvent pas, selon l\u2019administration, \u00eatre organis\u00e9s dans les espaces actuels. Et les travaux avancent en ignorant tout de ces d\u00e9bats. D\u00e9but ao\u00fbt, l\u2019administration indiquait \u00e0 la Cour supr\u00eame que les travaux \u00e9taient achev\u00e9s \u00e0 environ 65\u00a0%, avec pr\u00e8s de 250\u00a0ouvriers travaillant 20\u00a0heures par jour, sept jours sur sept, rapporte le Washington Post.<\/p>\n<p class=\"asset asset-text\">Un autre probl\u00e8me est point\u00e9 du doigt par le journal am\u00e9ricain, la d\u00e9molition de l\u2019ancienne East-Wing, durant les travaux, pourrait bien avoir endommag\u00e9 l\u2019ancien bunker de la Maison-Blanche, le Presidential Emergency Operations Center (PEOC), construit pendant la Seconde Guerre mondial et utilis\u00e9 notamment lors des attentats du 11\u00a0septembre\u00a02001.<\/p>\n","protected":false},"excerpt":{"rendered":"\u00c0 voir aussi sur Le HuffPost La lecture de ce contenu est susceptible d\u2019entra\u00eener un d\u00e9p\u00f4t de cookies&hellip;\n","protected":false},"author":2,"featured_media":1134094,"comment_status":"","ping_status":"","sticky":false,"template":"","format":"standard","meta":{"footnotes":"","_share_on_mastodon":"0"},"categories":[5],"tags":[11,75,73,1011,27,14,78,12,9030,28],"class_list":["post-1146797","post","type-post","status-publish","format-standard","has-post-thumbnail","category-international","tag-actualites","tag-donald-trump","tag-etats-unis","tag-fr","tag-france","tag-international","tag-maison-blanche","tag-news","tag-washington-dc","tag-world"],"share_on_mastodon":{"url":"https:\/\/pubeurope.com\/@fr\/117152715058121334","error":""},"_links":{"self":[{"href":"https:\/\/www.europesays.com\/fr\/wp-json\/wp\/v2\/posts\/1146797","targetHints":{"allow":["GET"]}}],"collection":[{"href":"https:\/\/www.europesays.com\/fr\/wp-json\/wp\/v2\/posts"}],"about":[{"href":"https:\/\/www.europesays.com\/fr\/wp-json\/wp\/v2\/types\/post"}],"author":[{"embeddable":true,"href":"https:\/\/www.europesays.com\/fr\/wp-json\/wp\/v2\/users\/2"}],"replies":[{"embeddable":true,"href":"https:\/\/www.europesays.com\/fr\/wp-json\/wp\/v2\/comments?post=1146797"}],"version-history":[{"count":0,"href":"https:\/\/www.europesays.com\/fr\/wp-json\/wp\/v2\/posts\/1146797\/revisions"}],"wp:featuredmedia":[{"embeddable":true,"href":"https:\/\/www.europesays.com\/fr\/wp-json\/wp\/v2\/media\/1134094"}],"wp:attachment":[{"href":"https:\/\/www.europesays.com\/fr\/wp-json\/wp\/v2\/media?parent=1146797"}],"wp:term":[{"taxonomy":"category","embeddable":true,"href":"https:\/\/www.europesays.com\/fr\/wp-json\/wp\/v2\/categories?post=1146797"},{"taxonomy":"post_tag","embeddable":true,"href":"https:\/\/www.europesays.com\/fr\/wp-json\/wp\/v2\/tags?post=1146797"}],"curies":[{"name":"wp","href":"https:\/\/api.w.org\/{rel}","templated":true}]}}