{"id":1146814,"date":"2026-08-24T22:08:25","date_gmt":"2026-08-24T22:08:25","guid":{"rendered":"https:\/\/www.europesays.com\/fr\/1146814\/"},"modified":"2026-08-24T22:08:25","modified_gmt":"2026-08-24T22:08:25","slug":"la-donnerie-de-cette-commune-de-seine-maritime-distribue-des-fournitures-scolaires-aux-enfants","status":"publish","type":"post","link":"https:\/\/www.europesays.com\/fr\/1146814\/","title":{"rendered":"La Donnerie de cette commune de Seine-Maritime distribue des fournitures scolaires aux enfants"},"content":{"rendered":"<p>                    Par<br \/>\n        <strong><br \/>\n            <a href=\"https:\/\/actu.fr\/auteur\/journaliste-ne\" title=\"Consulter tous les articles de R\u00e9daction Neufch\u00e2tel-en-Bray\" rel=\"nofollow noopener\" target=\"_blank\">R\u00e9daction Neufch\u00e2tel-en-Bray<\/a><br \/>\n                    <\/strong><\/p>\n<p>        Publi\u00e9 le<\/p>\n<p>            24 ao\u00fbt 2026 \u00e0 11h48        <\/p>\n<p>\u00c0 l\u2019approche de la <a href=\"https:\/\/actu.fr\/tag\/rentree-scolaire\" rel=\"nofollow noopener\" target=\"_blank\">rentr\u00e9e scolaire<\/a>, cette <b>distribution de fournitures<\/b> a suscit\u00e9 l\u2019int\u00e9r\u00eat de nombreux parents \u00e0 <a href=\"https:\/\/actu.fr\/normandie\/foucarmont_76278\" rel=\"nofollow noopener\" target=\"_blank\">Foucarmont<\/a>.<\/p>\n<p>Toute forme de dons accept\u00e9s<\/p>\n<p class=\" wall-content\">La premi\u00e8re \u00e9tape repose sur<b> les dons<\/b>. \u00ab\u2009Sans eux, l\u2019association n\u2019existerait pas\u2009\u00bb, explique <b>Christelle Rimbert-Neel<\/b>, pr\u00e9sidente de l\u2019association. Une fois les dons collect\u00e9s, l\u2019\u00e9quipe se charge <b>de trier et de v\u00e9rifier les objets<\/b>. Ceux qui sont jug\u00e9s en mauvais \u00e9tat sont \u00e9cart\u00e9s.<\/p>\n<p class=\" wall-content\">Les articles en bon \u00e9tat sont ensuite<b> soigneusement rang\u00e9s<\/b>. \u00ab\u2009Nous faisons en sorte que ce soit toujours bien rang\u00e9 et que notre espace o\u00f9 on peut donner soit aussi pr\u00e9sentable qu\u2019un magasin\u2009\u00bb, pr\u00e9cise la pr\u00e9sidente.<\/p>\n<p class=\" wall-content\">Pour maintenir cet espace organis\u00e9, l\u2019association a b\u00e9n\u00e9fici\u00e9 d\u2019un soutien pr\u00e9cieux\u2009:<b> une donatrice a offert une grande quantit\u00e9 de caisses <\/b>en plastique, facilitant le rangement.<\/p>\n<p>Vid\u00e9os : en ce moment sur Actu<\/p>\n<p class=\" wall-content\">Lors de cette deuxi\u00e8me s\u00e9ance de distribution scolaire, de nombreux parents se sont rendus sur place pour r\u00e9cup\u00e9rer le mat\u00e9riel n\u00e9cessaire \u00e0 la rentr\u00e9e de leurs enfants. En moyenne, <b>entre 30 et 60<\/b>\u00a0<b>visiteurs<\/b> fr\u00e9quentent quotidiennement la Donnerie Foucarmontaise,<b> une structure essentielle dans le tissu solidaire local.<\/b><\/p>\n<p>No\u00ebl d\u00e9j\u00e0 en ligne de mire<\/p>\n<p class=\" wall-content\">En pr\u00e9vision des f\u00eates de fin d\u2019ann\u00e9e, l\u2019association souhaite<b> permettre \u00e0 chaque enfant de recevoir un cadeau \u00e0 <a href=\"https:\/\/actu.fr\/tag\/noel\" rel=\"nofollow noopener\" target=\"_blank\">No\u00ebl<\/a><\/b>.<\/p>\n<p class=\" wall-content\">Elle est actuellement \u00e0 la recherche d\u2019une grande surface ou d\u2019un magasin de jouets dispos\u00e9 \u00e0<b> faire don de stocks invendus. <\/b>\u00ab\u2009Cela permettrait \u00e0 tous les enfants d\u2019avoir quelque chose au pied du sapin cette ann\u00e9e, et <b>c\u2019est notre combat pour la fin de l\u2019ann\u00e9e<\/b>\u2009\u00bb, affirme Christelle Rimbert-Neel.<\/p>\n<p class=\" wall-content\">Personnalisez votre actualit\u00e9 en ajoutant vos villes et m\u00e9dias en favori avec <a href=\"https:\/\/moncompte.actu.fr\" title=\"D\u00e9couvez Mon Actu\" rel=\"nofollow noopener\" data-trk=\"{&quot;cta&quot;:{&quot;action&quot;:&quot;https:\\\/\\\/moncompte.actu.fr&quot;,&quot;category&quot;:&quot;mon compte&quot;,&quot;from&quot;:&quot;article footer&quot;,&quot;name&quot;:&quot;Mon actu&quot;,&quot;type&quot;:&quot;cta&quot;}}\" target=\"_blank\">Mon Actu<\/a>.<\/p>\n","protected":false},"excerpt":{"rendered":"Par R\u00e9daction Neufch\u00e2tel-en-Bray Publi\u00e9 le 24 ao\u00fbt 2026 \u00e0 11h48 \u00c0 l\u2019approche de la rentr\u00e9e scolaire, cette distribution&hellip;\n","protected":false},"author":2,"featured_media":1146815,"comment_status":"","ping_status":"","sticky":false,"template":"","format":"standard","meta":{"footnotes":"","_share_on_mastodon":"0"},"categories":[9587],"tags":[1111,11,1777,674,1011,27,12,5161,10175,10918,25,9590,104,3400],"class_list":["post-1146814","post","type-post","status-publish","format-standard","has-post-thumbnail","category-rouen","tag-actu","tag-actualites","tag-eu","tag-europe","tag-fr","tag-france","tag-news","tag-normandie","tag-pays-de-bray","tag-rentree-scolaire","tag-republique-francaise","tag-rouen","tag-societe","tag-solidarite"],"share_on_mastodon":{"url":"https:\/\/pubeurope.com\/@fr\/117152769810306154","error":""},"_links":{"self":[{"href":"https:\/\/www.europesays.com\/fr\/wp-json\/wp\/v2\/posts\/1146814","targetHints":{"allow":["GET"]}}],"collection":[{"href":"https:\/\/www.europesays.com\/fr\/wp-json\/wp\/v2\/posts"}],"about":[{"href":"https:\/\/www.europesays.com\/fr\/wp-json\/wp\/v2\/types\/post"}],"author":[{"embeddable":true,"href":"https:\/\/www.europesays.com\/fr\/wp-json\/wp\/v2\/users\/2"}],"replies":[{"embeddable":true,"href":"https:\/\/www.europesays.com\/fr\/wp-json\/wp\/v2\/comments?post=1146814"}],"version-history":[{"count":0,"href":"https:\/\/www.europesays.com\/fr\/wp-json\/wp\/v2\/posts\/1146814\/revisions"}],"wp:featuredmedia":[{"embeddable":true,"href":"https:\/\/www.europesays.com\/fr\/wp-json\/wp\/v2\/media\/1146815"}],"wp:attachment":[{"href":"https:\/\/www.europesays.com\/fr\/wp-json\/wp\/v2\/media?parent=1146814"}],"wp:term":[{"taxonomy":"category","embeddable":true,"href":"https:\/\/www.europesays.com\/fr\/wp-json\/wp\/v2\/categories?post=1146814"},{"taxonomy":"post_tag","embeddable":true,"href":"https:\/\/www.europesays.com\/fr\/wp-json\/wp\/v2\/tags?post=1146814"}],"curies":[{"name":"wp","href":"https:\/\/api.w.org\/{rel}","templated":true}]}}