{"id":114683,"date":"2025-05-20T16:02:07","date_gmt":"2025-05-20T16:02:07","guid":{"rendered":"https:\/\/www.europesays.com\/fr\/114683\/"},"modified":"2025-05-20T16:02:07","modified_gmt":"2025-05-20T16:02:07","slug":"le-projet-de-fete-du-14-juillet-de-thomas-jolly-a-rouen-est-abandonne","status":"publish","type":"post","link":"https:\/\/www.europesays.com\/fr\/114683\/","title":{"rendered":"le projet de f\u00eate du 14 juillet de Thomas Jolly \u00e0 Rouen est abandonn\u00e9"},"content":{"rendered":"<p>            Par<br \/>\n        <strong><br \/>\n            <a href=\"https:\/\/actu.fr\/auteur\/thomas-rideau\" title=\"Consulter tous les articles de Thomas Rideau\" target=\"_blank\" rel=\"noopener\">Thomas Rideau<\/a><br \/>\n        <\/strong><\/p>\n<p>        Publi\u00e9 le<\/p>\n<p>            20 mai 2025 \u00e0 17h12        <\/p>\n<p><strong>Le projet n\u2019aura pas tenu.<\/strong> Huit jours apr\u00e8s sa pr\u00e9sentation aux \u00e9lus de la M\u00e9tropole, le 12\u00a0mai 2025, <a href=\"https:\/\/actu.fr\/normandie\/rouen_76540\/du-jamais-vu-a-rouen-thomas-jolly-et-nmr-projettent-un-evenement-inedit-pour-le-14-juillet_62614526.html\" target=\"_blank\" rel=\"noopener\">la grande f\u00eate du 14 juillet<\/a> port\u00e9e par <strong>Thomas Jolly<\/strong> et qui devait se tenir \u00e0 <strong>Rouen (Seine-Maritime)<\/strong> <strong>est annul\u00e9e<\/strong>. C\u2019est Nicolas Mayer-Rossignol, le pr\u00e9sident, qui en a fait l\u2019annonce via un communiqu\u00e9 ce 20\u00a0mai 2025.<\/p>\n<p class=\" wall-content\">\u00ab\u2009Ce projet repr\u00e9sentait <strong>une opportunit\u00e9 unique<\/strong> en termes de culture, de rayonnement et d\u2019attractivit\u00e9\u2009\u00bb, lance-t-il en regrettant que le tr\u00e8s ambitieux projet tourne finalement au fiasco.<\/p>\n<p>\u00ab\u2009Une petite minorit\u00e9 politicienne a pr\u00e9f\u00e9r\u00e9 la pol\u00e9mique \u00bb<\/p>\n<p class=\" wall-content\">Plus qu\u2019une annonce d\u2019abandon de projet, Nicolas Mayer-Rossignol veut tacler une \u00ab\u2009petite minorit\u00e9 politicienne a pr\u00e9f\u00e9r\u00e9 la pol\u00e9mique en refusant de rencontrer Thomas Jolly\u2009\u00bb. Rappelons tout de m\u00eame <a href=\"https:\/\/actu.fr\/normandie\/rouen_76540\/revers-pour-nmr-et-thomas-jolly-les-ecolos-ne-veulent-pas-payer-pour-le-14-juillet-a-rouen_62659500.html\" target=\"_blank\" rel=\"noopener\">que l\u2019opposition et une partie de la majorit\u00e9<\/a>, dont certains de ses vice-pr\u00e9sidents, se sont oppos\u00e9es au projet.<\/p>\n<p class=\" wall-content\">\u00ab\u2009Il fut un temps o\u00f9 la droite, celle de Jean Lecanuet, n\u2019h\u00e9sitait pas \u00e0 prendre des risques pour porter de grands projets ambitieux\u2009: <strong>c\u2019est ainsi qu\u2019est n\u00e9e l\u2019Armada<\/strong>. Il fut un temps o\u00f9 toute la gauche soutenait r\u00e9ellement la Culture. [\u2026] Aujourd\u2019hui les temps ont chang\u00e9, les hommes et les femmes ne sont plus les m\u00eames, et les \u00e9lections approchent. Tout cela est navrant. \u00bb<\/p>\n<p class=\" wall-content\">Le pr\u00e9sident rappelle aussi que \u00ab\u2009Rouen et la M\u00e9tropole n\u2019ont jamais autant soutenu la Culture, les artistes locaux, qu\u2019aujourd\u2019hui. Il suffit de v\u00e9rifier les budgets. Pour ma part, face \u00e0 l\u2019intol\u00e9rance, la haine, mais aussi face aux petites postures politiciennes, je continuerai de d\u00e9fendre la Culture pour tous, par tous, partout. Pas dans les mots\u2009: dans les actes.\u2009\u00bb<\/p>\n<p>Vid\u00e9os : en ce moment sur ActuThomas Jolly tacle les politiques\u2026 et la presse<\/p>\n<p class=\" wall-content\"><strong>Thomas Jolly et Thierry Reboul<\/strong>, les deux porteurs de projet, ont \u00e9galement communiqu\u00e9, avec beaucoup d\u2019amertume, sur le sujet. \u00ab\u2009La part d\u2019argent priv\u00e9 n\u00e9cessaire \u00e0 la tenue du projet 14 n\u2019est pas atteinte. Par cons\u00e9quent, la part d\u2019argent public envisag\u00e9e pour ce projet n\u2019est pas sollicit\u00e9e\u2009\u00bb, pr\u00e9sentent les deux artistes <a href=\"https:\/\/actu.fr\/normandie\/rouen_76540\/une-fete-digne-des-ceremonies-des-jo-ce-que-l-on-sait-du-projet-de-14-juillet-a-rouen_62627107.html\" target=\"_blank\" rel=\"noopener\">\u00e0 l\u2019origine des c\u00e9r\u00e9monies des JO 2024<\/a>.<\/p>\n<p class=\" wall-content\">Il en profite pour tacler les responsables politiques oppos\u00e9s au projet\u2026 Mais aussi la presse. \u00ab\u2009Ce qui est moins banal \u2013 et regrettable \u2013 c\u2019est de constater qu\u2019une partie de la presse, ainsi que certains \u00e9lus politiques, ont choisi de divulguer et de commenter ce projet avant m\u00eame que sa faisabilit\u00e9 ne soit assur\u00e9e. Ces remous, commentaires et attaques, <strong>qui n\u2019ont d\u2019ailleurs eu aucune incidence sur l\u2019issue du projet<\/strong>, rel\u00e8vent davantage d\u2019une r\u00e9action pr\u00e9cipit\u00e9e que d\u2019une critique fond\u00e9e.\u2009\u00bb<\/p>\n<blockquote class=\"ac-article-quote wall-content\">\n<p>Les artistes, tout comme les m\u00e9dias et les \u00e9lus d\u00e9tiennent des pouvoirs certains. Cette controverse h\u00e2tive, mais r\u00e9v\u00e9latrice, aura au moins permis d\u2019appr\u00e9cier comment chacun de ces participants en a us\u00e9<\/p>\n<p>    <strong>Thomas Jolly et Thierry Reboul<\/strong>\n            <\/p><\/blockquote>\n<p class=\" wall-content\">\u00ab\u2009Faute de travail s\u00e9rieux, de p\u00e9dagogie et de r\u00e9ponses aux questions l\u00e9gitimes qui auraient toutes \u00e9t\u00e9 apport\u00e9es en temps voulu au profit de titres sensationnalistes, certains m\u00e9dias et \u00e9lus ont \u0153uvr\u00e9 au discr\u00e9dit du financement public de la Culture, \u00e0 la dissension et d\u00e9fiance populaire plut\u00f4t qu\u2019\u00e0 son unit\u00e9, et ont raviv\u00e9, \u00e0 mon \u00e9gard,<strong> un discours de haine<\/strong>, bien loin de toute consid\u00e9ration budg\u00e9taire.\u2009\u00bb<\/p>\n<p class=\" wall-content\">\u00ab\u2009Pourtant, l\u2019investissement public dans la culture ne saurait \u00eatre un tabou. Ce projet aurait permis de mobiliser plusieurs centaines de professionnels du spectacle vivant locaux, (artistes de toutes les disciplines, associations culturelles, \u00e9quipes techniques, \u00e9v\u00e9nementielles, audiovisuelles) et de <strong>faire rayonner les talents et le patrimoine normands<\/strong> \u00e0 travers une diffusion t\u00e9l\u00e9vis\u00e9e potentielle de 10\u00a0millions de spectateurs en France, ainsi qu\u2019une diffusion \u00e0 l\u2019\u00e9tranger. Le tout au moyen d\u2019un \u00e9v\u00e9nement populaire, gratuit et f\u00e9d\u00e9rateur, pour une jauge de spectateurs \u00e9quivalente au Stade de France.\u2009\u00bb<\/p>\n<p>Les regrets sur un projet qui aurait pu avoir des \u00ab\u2009retomb\u00e9es \u00e9conomiques\u2009\u00bb<\/p>\n<p class=\" wall-content\">Le communiqu\u00e9 de Thomas Jolly continue, en r\u00e9pondant sur l\u2019aspect \u00e9conomique : \u00ab\u2009La culture n\u2019est pas un gadget, c\u2019est un levier \u00e9conomique, social et territorial puissant. Elle cr\u00e9e de la valeur, soutient l\u2019emploi,<strong> dynamise les territoires<\/strong>, attire les visiteurs, renforce la coh\u00e9sion et l\u2019attractivit\u00e9. Chaque euro investi dans la culture produit des retomb\u00e9es \u00e9conomiques, significatives, concr\u00e8tes et durables pour tous, tout en renfor\u00e7ant les liens entre les citoyens. \u00bb<\/p>\n<p class=\" wall-content\">L\u2019artiste rouennaise poursuit : \u00ab<strong>\u2009Les inutiles commentaires<\/strong> et d\u00e9ferlement haineux soulev\u00e9s ces derniers jours ne font que corroborer la n\u00e9cessit\u00e9 d\u2019un tel projet\u2009: lutter contre les architectes du chaos et, comme nous l\u2019avons d\u00e9j\u00e0 fait, raviver la puissance et la beaut\u00e9 de nos humanit\u00e9s partag\u00e9es autour des valeurs de libert\u00e9, d\u2019\u00e9galit\u00e9, de fraternit\u00e9.\u2009\u00bb<\/p>\n<p>Suivez l\u2019actualit\u00e9 de Rouen <a href=\"https:\/\/www.whatsapp.com\/channel\/0029VaKfnf99hXF2ddApFB1D\" target=\"_blank\" rel=\"noopener\">sur notre cha\u00eene WhatsApp<\/a> et <a href=\"https:\/\/www.tiktok.com\/@76actu.fr?lang=fr\" target=\"_blank\" rel=\"noopener\">sur notre compte TikTok<\/a><\/p>\n<p class=\" wall-content\">Suivez toute l\u2019actualit\u00e9 de vos villes et m\u00e9dias favoris en vous inscrivant \u00e0 <a href=\"https:\/\/moncompte.actu.fr\" title=\"D\u00e9couvez Mon Actu\" rel=\"nofollow noopener\" data-trk=\"{&quot;cta&quot;:{&quot;action&quot;:&quot;https:\\\/\\\/moncompte.actu.fr&quot;,&quot;category&quot;:&quot;mon compte&quot;,&quot;from&quot;:&quot;article footer&quot;,&quot;name&quot;:&quot;Mon actu&quot;,&quot;type&quot;:&quot;cta&quot;}}\" target=\"_blank\">Mon Actu<\/a>.<\/p>\n<ul class=\"ac-article-tag wall-content\">\n<li><a href=\"https:\/\/actu.fr\/tag\/la-seine\" data-trk=\"{&quot;cta&quot;:{&quot;action&quot;:&quot;La Seine&quot;,&quot;category&quot;:&quot;tag&quot;,&quot;from&quot;:&quot;article footer&quot;,&quot;name&quot;:&quot;La Seine&quot;,&quot;type&quot;:&quot;cta&quot;}}\" target=\"_blank\" rel=\"noopener\">#La Seine<\/a><\/li>\n<li><a href=\"https:\/\/actu.fr\/tag\/nicolas-mayer-rossignol\" data-trk=\"{&quot;cta&quot;:{&quot;action&quot;:&quot;Nicolas Mayer-Rossignol&quot;,&quot;category&quot;:&quot;tag&quot;,&quot;from&quot;:&quot;article footer&quot;,&quot;name&quot;:&quot;Nicolas Mayer-Rossignol&quot;,&quot;type&quot;:&quot;cta&quot;}}\" target=\"_blank\" rel=\"noopener\">#Nicolas Mayer-Rossignol<\/a><\/li>\n<\/ul>\n<p>                    <script async src=\"\/\/www.tiktok.com\/embed.js\"><\/script><\/p>\n","protected":false},"excerpt":{"rendered":"Par Thomas Rideau Publi\u00e9 le 20 mai 2025 \u00e0 17h12 Le projet n\u2019aura pas tenu. Huit jours apr\u00e8s&hellip;\n","protected":false},"author":2,"featured_media":114684,"comment_status":"","ping_status":"","sticky":false,"template":"","format":"standard","meta":{"footnotes":""},"categories":[9587],"tags":[1111,11,1777,674,1011,27,5353,1652,12,13268,5161,25,9590],"class_list":{"0":"post-114683","1":"post","2":"type-post","3":"status-publish","4":"format-standard","5":"has-post-thumbnail","7":"category-rouen","8":"tag-actu","9":"tag-actualites","10":"tag-eu","11":"tag-europe","12":"tag-fr","13":"tag-france","14":"tag-la-seine","15":"tag-loisirs-culture","16":"tag-news","17":"tag-nicolas-mayer-rossignol","18":"tag-normandie","19":"tag-republique-francaise","20":"tag-rouen"},"share_on_mastodon":{"url":"https:\/\/pubeurope.com\/@fr\/114541005624030475","error":""},"_links":{"self":[{"href":"https:\/\/www.europesays.com\/fr\/wp-json\/wp\/v2\/posts\/114683","targetHints":{"allow":["GET"]}}],"collection":[{"href":"https:\/\/www.europesays.com\/fr\/wp-json\/wp\/v2\/posts"}],"about":[{"href":"https:\/\/www.europesays.com\/fr\/wp-json\/wp\/v2\/types\/post"}],"author":[{"embeddable":true,"href":"https:\/\/www.europesays.com\/fr\/wp-json\/wp\/v2\/users\/2"}],"replies":[{"embeddable":true,"href":"https:\/\/www.europesays.com\/fr\/wp-json\/wp\/v2\/comments?post=114683"}],"version-history":[{"count":0,"href":"https:\/\/www.europesays.com\/fr\/wp-json\/wp\/v2\/posts\/114683\/revisions"}],"wp:featuredmedia":[{"embeddable":true,"href":"https:\/\/www.europesays.com\/fr\/wp-json\/wp\/v2\/media\/114684"}],"wp:attachment":[{"href":"https:\/\/www.europesays.com\/fr\/wp-json\/wp\/v2\/media?parent=114683"}],"wp:term":[{"taxonomy":"category","embeddable":true,"href":"https:\/\/www.europesays.com\/fr\/wp-json\/wp\/v2\/categories?post=114683"},{"taxonomy":"post_tag","embeddable":true,"href":"https:\/\/www.europesays.com\/fr\/wp-json\/wp\/v2\/tags?post=114683"}],"curies":[{"name":"wp","href":"https:\/\/api.w.org\/{rel}","templated":true}]}}