{"id":1146851,"date":"2026-08-24T22:36:29","date_gmt":"2026-08-24T22:36:29","guid":{"rendered":"https:\/\/www.europesays.com\/fr\/1146851\/"},"modified":"2026-08-24T22:36:29","modified_gmt":"2026-08-24T22:36:29","slug":"mort-dun-octogenaire-apres-larrachage-du-collier-de-sa-femme-dans-le-metro-lyonnais-deux-suspects-en-detention-provisoire","status":"publish","type":"post","link":"https:\/\/www.europesays.com\/fr\/1146851\/","title":{"rendered":"Mort d\u2019un octog\u00e9naire apr\u00e8s l\u2019arrachage du collier de sa femme dans le m\u00e9tro lyonnais: deux suspects en d\u00e9tention provisoire"},"content":{"rendered":"<p>\n    Un jeune homme et une jeune femme ont \u00e9t\u00e9 mis en examen pour vol ayant entra\u00een\u00e9 la mort par le parquet de Lyon, ce lundi apr\u00e8s avoir arrach\u00e9 le collier d\u2019une octog\u00e9naire dans le m\u00e9tro, jeudi dernier. Son mari \u00e9tait d\u00e9c\u00e9d\u00e9 d\u2019une crise cardiaque dans la foul\u00e9e.<\/p>\n<p class=\"fig-paragraph\">Ils ont \u00e9t\u00e9 rapidement interpell\u00e9s gr\u00e2ce \u00e0 l\u2019exploitation de la\u00a0<a href=\"http:\/\/www.lefigaro.fr\/lyon\/lyon-apres-une-nouvelle-fusillade-la-videosurveillance-de-nouveau-pointee-du-doigt-par-les-policiers-20250915\" data-fig-type=\"NewsFlash\" data-gtm-custom-categorie=\"navigation\" data-gtm-custom-action=\"crossclick\" data-gtm-custom-label=\"Contextuel\" data-gtm-event=\"customEventSPE\" data-fig-domain=\"LEFIGARO\" rel=\"nofollow noopener\" target=\"_blank\">vid\u00e9osurveillance<\/a>. Un jeune homme de 20 ans et une jeune femme de 21 ans ont \u00e9t\u00e9 mis en examen pour\u00a0<a href=\"https:\/\/video.lefigaro.fr\/figaro\/lyon\/lyon-un-homme-de-80-ans-meurt-dans-le-metro-apres-avoir-ete-victime-d-un-vol-a-l-arrache-20260821\" data-fig-type=\"Video\" data-gtm-custom-categorie=\"navigation\" data-gtm-custom-action=\"crossclick\" data-gtm-custom-label=\"Contextuel\" data-gtm-event=\"customEventSPE\" data-fig-domain=\"LEFIGARO\" rel=\"nofollow noopener\" target=\"_blank\">vol ayant entra\u00een\u00e9 la mort<\/a>\u00a0ce lundi par le parquet de Lyon, selon une information du\u00a0<a href=\"https:\/\/www.leprogres.fr\/faits-divers-justice\/2026\/08\/24\/mort-d-un-octogenaire-apres-un-vol-a-l-arrache-les-deux-suspects-incarceres\" target=\"_blank\" rel=\"nofollow noopener\" data-gtm-custom-categorie=\"navigation\" data-gtm-custom-action=\"crossclick\" data-gtm-custom-label=\"Contextuel\" data-gtm-event=\"customEventSPE\">Progr\u00e8s<\/a> \u00a0confirm\u00e9e au Figaro par plusieurs sources proche du dossier. Ils sont suspect\u00e9s d\u2019avoir arrach\u00e9 le collier d\u2019une octog\u00e9naire dans une rame de m\u00e9tro jeudi matin, et provoqu\u00e9 la crise cardiaque qui a terrass\u00e9 son mari, \u00e2g\u00e9 de 82 ans, dans la foul\u00e9e. Arr\u00eat\u00e9s le soir m\u00eame et d\u00e9f\u00e9r\u00e9s en fin de semaine derni\u00e8re, ils ont \u00e9t\u00e9 plac\u00e9s en d\u00e9tention provisoire apr\u00e8s leur mise en examen. Les mis en cause risquent la prison \u00e0 perp\u00e9tuit\u00e9, nous pr\u00e9cise le parquet de Lyon.<\/p>\n<p class=\"fig-paragraph\">Ce jeudi en plein apr\u00e8s-midi, le couple d\u2019octog\u00e9naires circulait sur la ligne D du m\u00e9tro lyonnais \u00e0 hauteur de la station Sans Souci quand la femme s\u2019est fait arracher son collier. Souffrant de probl\u00e8mes cardiaques, son mari a visiblement \u00e9t\u00e9 choqu\u00e9 par la sc\u00e8ne, provoquant une crise dont il ne s\u2019est pas relev\u00e9.<\/p>\n<p>                                            <a class=\"fig-a11y-skip\" href=\"#fig-a11y-skip-main-inarticle\" is=\"fig-a11y-skip\" data-trigger-mode=\"visible-once\"><br \/>\n    Passer la publicit\u00e9<br \/>\n<\/a>            <\/p>\n<p class=\"fig-paragraph\">La pr\u00e9sidente de la m\u00e9tropole, collectivit\u00e9 en charge des transports, et du Sytral, le syndicat qui g\u00e8re le r\u00e9seau lyonnais,\u00a0<a href=\"http:\/\/www.lefigaro.fr\/lyon\/veronique-sarselli-la-revanche-d-une-outsider-a-la-tete-de-la-metropole-lyon-20260326\" data-fig-type=\"NewsFlash\" data-gtm-custom-categorie=\"navigation\" data-gtm-custom-action=\"crossclick\" data-gtm-custom-label=\"Contextuel\" data-gtm-event=\"customEventSPE\" data-fig-domain=\"LEFIGARO\" rel=\"nofollow noopener\" target=\"_blank\">V\u00e9ronique Sarselli<\/a>\u00a0(LR) a d\u00e9nonc\u00e9 un \u00abdrame insupportable\u00bb. L&rsquo;\u00e9lue a adress\u00e9 ses \u00abpens\u00e9es \u00e9mues et sinc\u00e8res condol\u00e9ances \u00e0 la famille et aux proches de la victime\u00bb. Elle se rendra ce mardi \u00e0 la station Sans souci avec Gilles Gascon (LR), son vice-pr\u00e9sident d\u00e9l\u00e9gu\u00e9 aux transports, pour \u00e9voquer les \u00abenjeux de s\u00e9curit\u00e9 et de qualit\u00e9\u00bb dans les transports devant la presse. Au cours d\u2019une campagne ax\u00e9e sur le th\u00e8me de la s\u00e9curit\u00e9, V\u00e9ronique Sarselli avait promis la cr\u00e9ation d\u2019une police m\u00e9tropolitaine des transports, annonc\u00e9e pour l\u2019automne.<\/p>\n","protected":false},"excerpt":{"rendered":"Un jeune homme et une jeune femme ont \u00e9t\u00e9 mis en examen pour vol ayant entra\u00een\u00e9 la mort&hellip;\n","protected":false},"author":2,"featured_media":1146852,"comment_status":"","ping_status":"","sticky":false,"template":"","format":"standard","meta":{"footnotes":"","_share_on_mastodon":"0"},"categories":[1889],"tags":[1111,11,2430,1777,674,1011,27,2428,4047,12,13935,25],"class_list":["post-1146851","post","type-post","status-publish","format-standard","has-post-thumbnail","category-lyon","tag-actu","tag-actualites","tag-auvergne-rhone-alpes","tag-eu","tag-europe","tag-fr","tag-france","tag-lyon","tag-metro","tag-news","tag-octogenaire","tag-republique-francaise"],"share_on_mastodon":{"url":"","error":""},"_links":{"self":[{"href":"https:\/\/www.europesays.com\/fr\/wp-json\/wp\/v2\/posts\/1146851","targetHints":{"allow":["GET"]}}],"collection":[{"href":"https:\/\/www.europesays.com\/fr\/wp-json\/wp\/v2\/posts"}],"about":[{"href":"https:\/\/www.europesays.com\/fr\/wp-json\/wp\/v2\/types\/post"}],"author":[{"embeddable":true,"href":"https:\/\/www.europesays.com\/fr\/wp-json\/wp\/v2\/users\/2"}],"replies":[{"embeddable":true,"href":"https:\/\/www.europesays.com\/fr\/wp-json\/wp\/v2\/comments?post=1146851"}],"version-history":[{"count":0,"href":"https:\/\/www.europesays.com\/fr\/wp-json\/wp\/v2\/posts\/1146851\/revisions"}],"wp:featuredmedia":[{"embeddable":true,"href":"https:\/\/www.europesays.com\/fr\/wp-json\/wp\/v2\/media\/1146852"}],"wp:attachment":[{"href":"https:\/\/www.europesays.com\/fr\/wp-json\/wp\/v2\/media?parent=1146851"}],"wp:term":[{"taxonomy":"category","embeddable":true,"href":"https:\/\/www.europesays.com\/fr\/wp-json\/wp\/v2\/categories?post=1146851"},{"taxonomy":"post_tag","embeddable":true,"href":"https:\/\/www.europesays.com\/fr\/wp-json\/wp\/v2\/tags?post=1146851"}],"curies":[{"name":"wp","href":"https:\/\/api.w.org\/{rel}","templated":true}]}}