{"id":114687,"date":"2025-05-20T16:06:10","date_gmt":"2025-05-20T16:06:10","guid":{"rendered":"https:\/\/www.europesays.com\/fr\/114687\/"},"modified":"2025-05-20T16:06:10","modified_gmt":"2025-05-20T16:06:10","slug":"grenoble-se-revolte-contre-les-verts-habitants-et-commercants-envahissent-lhotel-de-ville","status":"publish","type":"post","link":"https:\/\/www.europesays.com\/fr\/114687\/","title":{"rendered":"Grenoble se r\u00e9volte contre les Verts. Habitants et commer\u00e7ants envahissent l\u2019H\u00f4tel de ville ! &#8211;"},"content":{"rendered":"<p>\t\t\t\t<img loading=\"lazy\" decoding=\"async\" width=\"900\" height=\"592\" src=\"https:\/\/www.europesays.com\/fr\/wp-content\/uploads\/2025\/05\/01-revolte-commercants-grenble-DL.jpg\" alt=\"\" title=\"01 r\u00e9volte commer\u00e7ants grenble DL\"   class=\"wp-image-159646\"\/><\/p>\n<p>Photo Eve Moulinier pour le Dauphin\u00e9 Lib\u00e9r\u00e9 et captures d\u2019\u00e9cran Actu Grenoble + Google<\/p>\n<p><strong>Texte\u00a0: Marco Polisson \u2013<\/strong> Souvent pr\u00e9sent\u00e9e comme le laboratoire d\u2019excellence des politiques men\u00e9es par les khmers verts, Grenoble d\u00e9marre sa r\u00e9volution anti \u00e9colo. Apr\u00e8s 10 ans de saccage syst\u00e9mique, il \u00e9tait temps.<\/p>\n<p>La sc\u00e8ne s\u2019est d\u00e9roul\u00e9e ce lundi 19 mai 2025 sur le parvis de l\u2019h\u00f4tel de ville de Grenoble. O\u00f9 se sont donn\u00e9 rendez-vous des habitants et des commer\u00e7ants exc\u00e9d\u00e9s et r\u00e9volt\u00e9s par les nouveaux projets de fermeture de voies automobiles et de pi\u00e9tonisation port\u00e9s par <strong>Eric Piolle<\/strong> et sa majorit\u00e9 past\u00e8que.<\/p>\n<p><img loading=\"lazy\" decoding=\"async\" aria-describedby=\"caption-attachment-159643\" class=\"lazy lazy-hidden size-full wp-image-159643\" data-lazy-type=\"image\" src=\"https:\/\/www.europesays.com\/fr\/wp-content\/uploads\/2025\/05\/03-revolte-grenoble-actu.jpg\" alt=\"\" width=\"900\" height=\"728\"  \/><\/p>\n<p id=\"caption-attachment-159643\" class=\"wp-caption-text\">Le compte-rendu d\u2019Actu Grenoble<\/p>\n<p>Furieux de ne pas \u00eatre re\u00e7us et entendus, plus d\u2019une centaine de manifestants soutenus par \u00ab\u00a0Touche pas \u00e0 ma place\u00a0\u00bb se sont lanc\u00e9s \u00e0 l\u2019assaut de la mairie o\u00f9 si\u00e9geait le conseil municipal. Au cours des incidents, des coups ont \u00e9t\u00e9 \u00e9chang\u00e9s avec les policiers municipaux, rapporte la presse locale.<\/p>\n<p>La vid\u00e9o de l\u2019attaque, fa\u00e7on capitole soft, a fait le tour des r\u00e9seaux sociaux. Elle illustre parfaitement l\u2019exasp\u00e9ration et la r\u00e9volte de tous les Grenoblois impact\u00e9s depuis maintenant deux mandats par le dogmatisme et les outrances des \u00e9cologistes.<\/p>\n<p><img loading=\"lazy\" decoding=\"async\" aria-describedby=\"caption-attachment-159644\" class=\"lazy lazy-hidden size-full wp-image-159644\" data-lazy-type=\"image\" src=\"https:\/\/www.europesays.com\/fr\/wp-content\/uploads\/2025\/05\/05-capture-decran-Google-.jpg\" alt=\"\" width=\"818\" height=\"764\"  \/><\/p>\n<p id=\"caption-attachment-159644\" class=\"wp-caption-text\">Le coup de force a fait la Une de la presse locale.<\/p>\n<p><strong>R\u00e9\u00e9lu gr\u00e2ce au covid en 2020, Eric Piolle et sa majorit\u00e9 ont mis \u00e0 sac le centre-ville. Et s\u2019attaquent maintenant aux quartiers p\u00e9riph\u00e9riques<\/strong><\/p>\n<p>De fait les manifestants venaient de tous les quartiers de Grenoble. Ils sont d\u00e9sormais rassembl\u00e9s dans un collectif unitaire \u2013 \u00e0 l\u2019image du Collectif des D\u00e9fenseurs de Lyon. Les autoroutes \u00e0 v\u00e9los sont d\u00e9sormais partout, et pour parachever le tout, les derni\u00e8res places de stationnement sont supprim\u00e9es.<\/p>\n<p>Ces projets concernent la rue Jeanne d\u2019Arc, le quartier Beriat, la rue Lazare Carnot (avec constitution d\u2019un Collectif soutenu par l\u2019union de quartier Championnet). Il aura fallu 10 ans \u00e0 la majorit\u00e9 \u00e9colo socialiste LFI pour ass\u00e9cher et paup\u00e9riser le centre-ville de Grenoble o\u00f9 les rideaux baiss\u00e9s sont d\u00e9sormais l\u00e9gion.<\/p>\n<p><img loading=\"lazy\" decoding=\"async\" aria-describedby=\"caption-attachment-159645\" class=\"lazy lazy-hidden size-full wp-image-159645\" data-lazy-type=\"image\" src=\"https:\/\/www.europesays.com\/fr\/wp-content\/uploads\/2025\/05\/07-Vincent-Lapierre.jpg\" alt=\"\" width=\"842\" height=\"644\"  \/><\/p>\n<p id=\"caption-attachment-159645\" class=\"wp-caption-text\">Le vid\u00e9aste Vincent Lapierre constate avec un commer\u00e7ant grenoblois la d\u00e9sertification de la ville \u2013 Capture d\u2019\u00e9cran YouTube<\/p>\n<p>Dans une <a href=\"https:\/\/www.youtube.com\/watch?v=mnFELyfifD4\" target=\"_blank\" rel=\"noopener\"><strong>vid\u00e9o visionn\u00e9e plus de 580 000 fois<\/strong><\/a>, le vid\u00e9aste <strong>Vincent Lapierre<\/strong> fait t\u00e9moigner plusieurs commer\u00e7ants \u2013 dont le patron du Barberousse \u2013 qui rapportent la d\u00e9sertification de leur quartier, sans lumi\u00e8re et sans vie. Sans voitures. \u00ab Leur politique actuelle, c\u2019est tuer le centre-ville \u00bb r\u00e9sume son voisin. \u00ab Dix ans de pi\u00e9tonisation e de v\u00e9los, on n\u2019a jamais vu autant de commerces ferm\u00e9s \u00bb. Et de faire le tour des rideaux baiss\u00e9s\u2026 Impressionnant.<\/p>\n<p><strong>Les commer\u00e7ants survivants des rues pi\u00e9tonnes sont \u00e0 l\u2019agonie<\/strong><\/p>\n<p>Et \u00e7a se v\u00e9rifie sur les comptes en banque : -70% de chiffres d\u2019affaires pour les plus impliqu\u00e9s d\u2019entre eux, et une moyenne de -40% pour les autres. Aux travaux incessants \u2013 comme \u00e0 Lyon \u2013 s\u2019ajoute l\u2019effet ghetto\u00efsation li\u00e9 au trafic de drogue et aux r\u00e8glements de compte. \u00ab\u00a0Depuis la pi\u00e9tonisation, on a perdu 80% de flux\u00a0\u00bb, conclut-il.<\/p>\n<p>Les Halles de Grenoble sont \u00e0 -50%. Tout est dit.<\/p>\n","protected":false},"excerpt":{"rendered":"Photo Eve Moulinier pour le Dauphin\u00e9 Lib\u00e9r\u00e9 et captures d\u2019\u00e9cran Actu Grenoble + Google Texte\u00a0: Marco Polisson \u2013&hellip;\n","protected":false},"author":2,"featured_media":114688,"comment_status":"","ping_status":"","sticky":false,"template":"","format":"standard","meta":{"footnotes":""},"categories":[9566],"tags":[4257,1111,11,2430,1777,674,1011,27,2731,12,25],"class_list":{"0":"post-114687","1":"post","2":"type-post","3":"status-publish","4":"format-standard","5":"has-post-thumbnail","7":"category-grenoble","8":"tag-0top","9":"tag-actu","10":"tag-actualites","11":"tag-auvergne-rhone-alpes","12":"tag-eu","13":"tag-europe","14":"tag-fr","15":"tag-france","16":"tag-grenoble","17":"tag-news","18":"tag-republique-francaise"},"share_on_mastodon":{"url":"https:\/\/pubeurope.com\/@fr\/114541021427800950","error":""},"_links":{"self":[{"href":"https:\/\/www.europesays.com\/fr\/wp-json\/wp\/v2\/posts\/114687","targetHints":{"allow":["GET"]}}],"collection":[{"href":"https:\/\/www.europesays.com\/fr\/wp-json\/wp\/v2\/posts"}],"about":[{"href":"https:\/\/www.europesays.com\/fr\/wp-json\/wp\/v2\/types\/post"}],"author":[{"embeddable":true,"href":"https:\/\/www.europesays.com\/fr\/wp-json\/wp\/v2\/users\/2"}],"replies":[{"embeddable":true,"href":"https:\/\/www.europesays.com\/fr\/wp-json\/wp\/v2\/comments?post=114687"}],"version-history":[{"count":0,"href":"https:\/\/www.europesays.com\/fr\/wp-json\/wp\/v2\/posts\/114687\/revisions"}],"wp:featuredmedia":[{"embeddable":true,"href":"https:\/\/www.europesays.com\/fr\/wp-json\/wp\/v2\/media\/114688"}],"wp:attachment":[{"href":"https:\/\/www.europesays.com\/fr\/wp-json\/wp\/v2\/media?parent=114687"}],"wp:term":[{"taxonomy":"category","embeddable":true,"href":"https:\/\/www.europesays.com\/fr\/wp-json\/wp\/v2\/categories?post=114687"},{"taxonomy":"post_tag","embeddable":true,"href":"https:\/\/www.europesays.com\/fr\/wp-json\/wp\/v2\/tags?post=114687"}],"curies":[{"name":"wp","href":"https:\/\/api.w.org\/{rel}","templated":true}]}}