{"id":114689,"date":"2025-05-20T16:07:25","date_gmt":"2025-05-20T16:07:25","guid":{"rendered":"https:\/\/www.europesays.com\/fr\/114689\/"},"modified":"2025-05-20T16:07:25","modified_gmt":"2025-05-20T16:07:25","slug":"space-2025-a-rennes-le-salon-de-lelevage-se-place-sous-le-signe-de-l-intelligence-agricole","status":"publish","type":"post","link":"https:\/\/www.europesays.com\/fr\/114689\/","title":{"rendered":"Space 2025\u00a0: \u00e0 Rennes, le salon de l\u2019\u00e9levage se place sous le signe de l\u2019\u00ab\u00a0intelligence agricole\u00a0\u00bb"},"content":{"rendered":"<p>L\u2019intelligence artificielle (IA) s\u2019invite partout, m\u00eame dans les fermes. C\u2019est donc naturellement que le Space, le salon international de l\u2019\u00e9levage de Rennes, a d\u00e9cid\u00e9 d\u2019en faire le fil rouge de sa 39e \u00e9dition, pr\u00e9vue du 16 au 18 septembre prochains. Parmi les 100\u00a0000 visiteurs et 1\u00a0200 exposants attendus au Parc-expo, ils sont d\u00e9j\u00e0 nombreux \u00e0 utiliser des solutions d\u2019IA au quotidien. \u00ab\u00a0On ne d\u00e9couvre pas ces sujets d\u2019\u00a0\u00bbintelligence agricole\u00a0\u00bb, confirme le pr\u00e9sident du Space, Marcel Denieul, ce mardi 20 mai, lors d\u2019une conf\u00e9rence de presse. L\u2019agriculture n\u00e9cessite beaucoup de savoir, l\u2019intelligence est inh\u00e9rente au m\u00e9tier. Mais il y a aujourd\u2019hui beaucoup de nouveaut\u00e9s qu\u2019il nous para\u00eet important de mettre en avant.\u00a0\u00bb<\/p>\n<p>Promesses all\u00e9chantes<\/p>\n<p>Applications, robots, objets connect\u00e9s, cam\u00e9ras\u2026 L\u2019IA s\u2019est impos\u00e9e comme l\u2019un des axes de r\u00e9ponse aux difficult\u00e9s d\u2019un monde agricole qui d\u00e9nonce r\u00e9guli\u00e8rement la baisse de ses revenus et l\u2019empilement des normes. Il faut dire que les promesses associ\u00e9es \u00e0 ces technologies &#8211; souvent on\u00e9reuses &#8211; sont all\u00e9chantes\u00a0: hausse de la productivit\u00e9, meilleure gestion et anticipation des risques climatiques ou sanitaires, am\u00e9lioration du bien-\u00eatre animal, r\u00e9duction des impacts environnementaux, all\u00e8gements des charges, gain de temps pour les agriculteurs\u2026<\/p>\n<p>Didier Lucas, responsable innovation du Space, en est certain\u00a0: \u00ab\u00a0L\u2019\u00e9levage est en train de changer et l\u2019IA est en capacit\u00e9 de nous donner des r\u00e9ponses\u00a0\u00bb. \u00c0 condition que les agriculteurs per\u00e7oivent l\u2019utilit\u00e9 des outils qui leur sont propos\u00e9s et qu\u2019ils sachent bien les utiliser, rel\u00e8ve celui qui est aussi \u00e9leveur porcin et pr\u00e9sident de la chambre d\u2019agriculture des C\u00f4tes-d\u2019Armor.<\/p>\n<p><img decoding=\"async\" src=\"https:\/\/www.europesays.com\/fr\/wp-content\/uploads\/2025\/05\/682c999b9ae32fb227038a6e.1.jpeg\" width=\"480\" height=\"300\" class=\"web_golden_m\" loading=\"lazy\" alt=\"La commissaire g\u00e9n\u00e9rale du Space, Anne-Marie Qu\u00e9m\u00e9ner, entour\u00e9e par Didier Lucas (responsable innovation), Marcel Denieul (pr\u00e9sident) et Jean-Yves Rissel (responsable concours d\u2019animaux).\"\/>La commissaire g\u00e9n\u00e9rale du Space, Anne-Marie Qu\u00e9m\u00e9ner, entour\u00e9e par Didier Lucas (responsable innovation), Marcel Denieul (pr\u00e9sident) et Jean-Yves Rissel (responsable concours d\u2019animaux). (Photo Le T\u00e9l\u00e9gramme\/Guillaume Bietry)Un hackathon<\/p>\n<p>Pour d\u00e9m\u00ealer le sujet, des conf\u00e9rences et des ateliers seront organis\u00e9s au Space, avec \u00e9galement des d\u00e9monstrations et des animations. L\u2019IA sera aussi au c\u0153ur d\u2019un hackathon, \u00ab\u00a0le premier du genre organis\u00e9 par le salon\u00a0\u00bb, souligne la commissaire g\u00e9n\u00e9rale de l\u2019\u00e9v\u00e9nement, Anne-Marie Qu\u00e9m\u00e9ner. Pendant deux jours, des \u00e9quipes chercheront \u00e0 d\u00e9velopper \u00ab\u00a0un prototype fonctionnel en exploitant les potentialit\u00e9s de l\u2019IA\u00a0\u00bb, afin de r\u00e9pondre \u00e0 un besoin exprim\u00e9 par une entreprise. Les th\u00e9matiques seront diverses\u00a0: suivi intelligent des troupeaux, d\u00e9tection pr\u00e9coce des maladies et gestion des risques, all\u00e8gement de la gestion et de la tra\u00e7abilit\u00e9 des exploitations, aide \u00e0 la d\u00e9cision, am\u00e9lioration de la commercialisation\u2026 Autant de sujets qui, selon Didier Lucas, \u00ab\u00a0font partie de ce que sera l\u2019agriculture de demain\u00a0\u00bb.<\/p>\n","protected":false},"excerpt":{"rendered":"L\u2019intelligence artificielle (IA) s\u2019invite partout, m\u00eame dans les fermes. C\u2019est donc naturellement que le Space, le salon international&hellip;\n","protected":false},"author":2,"featured_media":114690,"comment_status":"","ping_status":"","sticky":false,"template":"","format":"standard","meta":{"footnotes":""},"categories":[2821],"tags":[1111,11,829,33,1777,674,1011,27,12,584,25,23484],"class_list":{"0":"post-114689","1":"post","2":"type-post","3":"status-publish","4":"format-standard","5":"has-post-thumbnail","7":"category-rennes","8":"tag-actu","9":"tag-actualites","10":"tag-bretagne","11":"tag-economie","12":"tag-eu","13":"tag-europe","14":"tag-fr","15":"tag-france","16":"tag-news","17":"tag-rennes","18":"tag-republique-francaise","19":"tag-space"},"share_on_mastodon":{"url":"https:\/\/pubeurope.com\/@fr\/114541025343037412","error":""},"_links":{"self":[{"href":"https:\/\/www.europesays.com\/fr\/wp-json\/wp\/v2\/posts\/114689","targetHints":{"allow":["GET"]}}],"collection":[{"href":"https:\/\/www.europesays.com\/fr\/wp-json\/wp\/v2\/posts"}],"about":[{"href":"https:\/\/www.europesays.com\/fr\/wp-json\/wp\/v2\/types\/post"}],"author":[{"embeddable":true,"href":"https:\/\/www.europesays.com\/fr\/wp-json\/wp\/v2\/users\/2"}],"replies":[{"embeddable":true,"href":"https:\/\/www.europesays.com\/fr\/wp-json\/wp\/v2\/comments?post=114689"}],"version-history":[{"count":0,"href":"https:\/\/www.europesays.com\/fr\/wp-json\/wp\/v2\/posts\/114689\/revisions"}],"wp:featuredmedia":[{"embeddable":true,"href":"https:\/\/www.europesays.com\/fr\/wp-json\/wp\/v2\/media\/114690"}],"wp:attachment":[{"href":"https:\/\/www.europesays.com\/fr\/wp-json\/wp\/v2\/media?parent=114689"}],"wp:term":[{"taxonomy":"category","embeddable":true,"href":"https:\/\/www.europesays.com\/fr\/wp-json\/wp\/v2\/categories?post=114689"},{"taxonomy":"post_tag","embeddable":true,"href":"https:\/\/www.europesays.com\/fr\/wp-json\/wp\/v2\/tags?post=114689"}],"curies":[{"name":"wp","href":"https:\/\/api.w.org\/{rel}","templated":true}]}}