{"id":11470,"date":"2025-04-09T00:47:14","date_gmt":"2025-04-09T00:47:14","guid":{"rendered":"https:\/\/www.europesays.com\/fr\/11470\/"},"modified":"2025-04-09T00:47:14","modified_gmt":"2025-04-09T00:47:14","slug":"bilan-toxicite-perimetre-de-securite-le-point-sur-lincendie-en-cours-dans-un-centre-de-dechets-2","status":"publish","type":"post","link":"https:\/\/www.europesays.com\/fr\/11470\/","title":{"rendered":"Bilan, toxicit\u00e9, p\u00e9rim\u00e8tre de s\u00e9curit\u00e9\u2026 Le point sur l\u2019incendie en cours dans un centre de d\u00e9chets"},"content":{"rendered":"<p>Un <a href=\"https:\/\/www.20minutes.fr\/dossier\/incendie\" class=\"color-ultramarine c-link\" target=\"_blank\" rel=\"noopener\">incendie<\/a> spectaculaire dans la capitale. Un feu a ravag\u00e9 lundi soir un centre de tri de d\u00e9chets dans le nord-est de <a href=\"https:\/\/www.20minutes.fr\/paris\/\" class=\"color-ultramarine c-link\" target=\"_blank\" rel=\"noopener\">Paris<\/a>, \u00e0 proximit\u00e9 du Palais de justice. L\u2019incendie \u00ab\u00a0n\u2019est pas encore \u00e9teint\u00a0\u00bb mais son intensit\u00e9 est \u00ab\u00a0vraiment r\u00e9duite\u00a0\u00bb, ont pr\u00e9cis\u00e9 les pompiers \u00e0 l\u2019AFP mardi. Bilan, toxicit\u00e9, p\u00e9rim\u00e8tre de s\u00e9curit\u00e9\u2026 On fait le point sur ce sinistre.<\/p>\n<\/p>\n<p>Que s\u2019est-il pass\u00e9\u00a0?<\/p>\n<p>Un important incendie s\u2019est d\u00e9clar\u00e9 lundi dans un centre de d\u00e9chets du 17e\u00a0arrondissement de Paris, \u00e0 proximit\u00e9 du Palais de justice. Film\u00e9 par de nombreux passants, il a provoqu\u00e9 un impressionnant nuage de fum\u00e9e dans le ciel d\u00e9gag\u00e9 de la capitale. Le feu, qui s\u2019est d\u00e9clench\u00e9 vers 20 heures, a ravag\u00e9 des locaux du Syctom, le service public de traitement et de valorisation des d\u00e9chets m\u00e9nagers de 82 communes en <a href=\"https:\/\/www.20minutes.fr\/dossier\/ile-de-france\" class=\"color-ultramarine c-link\" target=\"_blank\" rel=\"noopener\">Ile-de-France<\/a>. Le sinistre a \u00e9t\u00e9 circonscrit vers minuit. \u00ab\u00a0Le feu a \u00e9t\u00e9 r\u00e9duit \u00e0 un espace que l\u2019on conna\u00eet\u00a0\u00bb, ont expliqu\u00e9 les pompiers, avec une intensit\u00e9 \u00ab\u00a0vraiment r\u00e9duite\u00a0\u00bb et \u00ab\u00a0quelques flammes\u00a0\u00bb. L\u2019incendie devrait \u00eatre compl\u00e8tement \u00e9teint \u00ab\u00a0\u00e0 la mi-matin\u00e9e, ou en fin de matin\u00e9e\u00a0\u00bb, ont-ils indiqu\u00e9. Une enqu\u00eate pour destruction involontaire par incendie exposant autrui \u00e0 un dommage corporel a \u00e9t\u00e9 confi\u00e9e au commissariat du 17\u00e8me arrondissement, assure une source du parquet de Paris \u00e0 20minutes. <\/p>\n<p>Quel est le p\u00e9rim\u00e8tre de s\u00e9curit\u00e9\u00a0?<\/p>\n<p>La brigade de sapeurs-pompiers de Paris a invit\u00e9 d\u00e8s lundi soir les habitants du secteur \u2013 entre l\u2019avenue de Clichy, le boulevard p\u00e9riph\u00e9rique, la rue de Saussure et la rue Cardinet \u2013 \u00e0 rester chez eux, \u00e0 maintenir les fen\u00eatres ferm\u00e9es et \u00e0 appeler le 18 en cas de difficult\u00e9s respiratoires. Les services de police ont mis en place un large p\u00e9rim\u00e8tre de s\u00e9curit\u00e9, entra\u00eenant la fermeture du p\u00e9riph\u00e9rique int\u00e9rieur entre porte de Champerret et porte d\u2019Asni\u00e8res et celle du p\u00e9riph\u00e9rique ext\u00e9rieur de porte de la Chapelle \u00e0 porte de Champerret.<\/p>\n<p>Le maire de l\u2019arrondissement, Geoffroy Boulard (LR), <a href=\"https:\/\/www.bfmtv.com\/police-justice\/incendie-dans-un-centre-de-tri-a-paris-des-moyens-tres-importants-sont-deployes-le-peripherique-va-etre-coupe-dans-les-deux-sens-indique-geoffroy-boulard-maire-lr-du-17eme-arrondissement_VN-202504070815.html\" target=\"_blank\" class=\"color-ultramarine c-link\" rel=\"noopener\">a indiqu\u00e9 sur BFMTV <\/a>que la circulation avait \u00e9t\u00e9 coup\u00e9e dans les deux sens sur le p\u00e9riph\u00e9rique \u00ab\u00a0pour permettre l\u2019acheminement des pompiers\u00a0\u00bb. Quatre-vingts pompiers sont encore sur place ce mardi, le dispositif de surveillance est maintenu et le p\u00e9rim\u00e8tre de s\u00e9curit\u00e9 n\u2019est pas encore lev\u00e9.<\/p>\n<p>Quel est le bilan\u00a0?<\/p>\n<p>De nombreuses vid\u00e9os, prises par des automobilistes depuis le p\u00e9riph\u00e9rique ou des passants, montraient les locaux d\u00e9truits par les flammes. \u00ab\u00a0Une grande partie du b\u00e2timent s\u2019est effondr\u00e9e sur elle-m\u00eame\u00a0\u00bb, ont confirm\u00e9 les pompiers. Cet important incendie n\u2019a toutefois pas fait de victime. \u00ab\u00a0Il n\u2019y a aucun bilan humain, il n\u2019y a pas de victimes\u00a0\u00bb, a indiqu\u00e9 le pr\u00e9fet de police de Paris, Laurent Nu\u00f1ez. Les 25 employ\u00e9s pr\u00e9sents sur le site ont \u00e9t\u00e9 \u00e9vacu\u00e9s. Seul un bless\u00e9 \u00ab\u00a0tr\u00e8s l\u00e9ger\u00a0\u00bb est \u00e0 recenser, ont d\u00e9clar\u00e9 les pompiers \u00e0 l\u2019<a href=\"https:\/\/www.20minutes.fr\/dossier\/afp\" class=\"color-ultramarine c-link\" target=\"_blank\" rel=\"noopener\">AFP<\/a>.<\/p>\n<p>Y a-t-il un risque toxique\u00a0?<\/p>\n<p>\u00ab\u00a0Il n\u2019y a pas de probl\u00e8me de toxicit\u00e9 de l\u2019air\u00a0\u00bb, a assur\u00e9 le <a href=\"https:\/\/www.20minutes.fr\/dossier\/ministre_de_l_interieur\" class=\"color-ultramarine c-link\" target=\"_blank\" rel=\"noopener\">ministre de l\u2019int\u00e9rieur<\/a>,<a href=\"https:\/\/www.francetvinfo.fr\/politique\/bruno-retailleau\/projet-d-attentat-terroriste-la-menace-n-a-jamais-ete-aussi-presente-assure-bruno-retailleau_7177482.html\" target=\"_blank\" class=\"color-ultramarine c-link\" rel=\"noopener\"> Bruno Retailleau sur France 2,<\/a> \u00ab\u00a0mais on y fait tr\u00e8s tr\u00e8s attention \u00e9videmment\u00a0\u00bb, a-t-il ajout\u00e9. \u00ab\u00a0A cette heure, il n\u2019y a pas de toxicit\u00e9 dans toutes les analyses que nous avons pu faire\u00a0\u00bb, a confirm\u00e9 <a href=\"https:\/\/www.20minutes.fr\/politique\/agnes-pannier-runacher\/\" class=\"color-ultramarine c-link\" target=\"_blank\" rel=\"noopener\">Agn\u00e8s Pannier-Runacher<\/a>, la ministre de l\u2019Ecologie, sur BFMTV.<\/p>\n","protected":false},"excerpt":{"rendered":"Un incendie spectaculaire dans la capitale. Un feu a ravag\u00e9 lundi soir un centre de tri de d\u00e9chets&hellip;\n","protected":false},"author":2,"featured_media":11471,"comment_status":"","ping_status":"","sticky":false,"template":"","format":"standard","meta":{"footnotes":""},"categories":[1888],"tags":[11,5455,1013,1777,674,1011,27,662,1310,5454,12,626,1306,25],"class_list":{"0":"post-11470","1":"post","2":"type-post","3":"status-publish","4":"format-standard","5":"has-post-thumbnail","7":"category-paris","8":"tag-actualites","9":"tag-boulevard-peripherique","10":"tag-bruno-retailleau","11":"tag-eu","12":"tag-europe","13":"tag-fr","14":"tag-france","15":"tag-ile-de-france","16":"tag-incendie","17":"tag-laurent-nunez","18":"tag-news","19":"tag-paris","20":"tag-regions","21":"tag-republique-francaise"},"share_on_mastodon":{"url":"https:\/\/pubeurope.com\/@fr\/114305253011997787","error":""},"_links":{"self":[{"href":"https:\/\/www.europesays.com\/fr\/wp-json\/wp\/v2\/posts\/11470","targetHints":{"allow":["GET"]}}],"collection":[{"href":"https:\/\/www.europesays.com\/fr\/wp-json\/wp\/v2\/posts"}],"about":[{"href":"https:\/\/www.europesays.com\/fr\/wp-json\/wp\/v2\/types\/post"}],"author":[{"embeddable":true,"href":"https:\/\/www.europesays.com\/fr\/wp-json\/wp\/v2\/users\/2"}],"replies":[{"embeddable":true,"href":"https:\/\/www.europesays.com\/fr\/wp-json\/wp\/v2\/comments?post=11470"}],"version-history":[{"count":0,"href":"https:\/\/www.europesays.com\/fr\/wp-json\/wp\/v2\/posts\/11470\/revisions"}],"wp:featuredmedia":[{"embeddable":true,"href":"https:\/\/www.europesays.com\/fr\/wp-json\/wp\/v2\/media\/11471"}],"wp:attachment":[{"href":"https:\/\/www.europesays.com\/fr\/wp-json\/wp\/v2\/media?parent=11470"}],"wp:term":[{"taxonomy":"category","embeddable":true,"href":"https:\/\/www.europesays.com\/fr\/wp-json\/wp\/v2\/categories?post=11470"},{"taxonomy":"post_tag","embeddable":true,"href":"https:\/\/www.europesays.com\/fr\/wp-json\/wp\/v2\/tags?post=11470"}],"curies":[{"name":"wp","href":"https:\/\/api.w.org\/{rel}","templated":true}]}}