{"id":114701,"date":"2025-05-20T16:14:25","date_gmt":"2025-05-20T16:14:25","guid":{"rendered":"https:\/\/www.europesays.com\/fr\/114701\/"},"modified":"2025-05-20T16:14:25","modified_gmt":"2025-05-20T16:14:25","slug":"divatte-sur-loire-la-compagnie-des-sales-culottes-debarque-a-lespace-jacques-demy","status":"publish","type":"post","link":"https:\/\/www.europesays.com\/fr\/114701\/","title":{"rendered":"Divatte-sur-Loire. La compagnie des Sales Culottes d\u00e9barque \u00e0 l\u2019espace Jacques Demy"},"content":{"rendered":"<p>Ce mardi 20\u00a0mai, la compagnie Les Sales Culottes se produira \u00e0 l\u2019espace Jacques-Demy. Ils interpr\u00e9teront la pi\u00e8ce \u00ab\u00a0Enfantillages\u00a0\u00bb de L\u00e9onore Confino. Cette derni\u00e8re a \u00e9t\u00e9 nomin\u00e9e meilleure dramaturge fran\u00e7aise aux Moli\u00e8res 2020 pour la pi\u00e8ce \u00ab\u00a0Enfantillages\u00a0\u00bb. Lors de cette soir\u00e9e, le public pourra retrouver Saylor Ravaud, metteur en sc\u00e8ne, assist\u00e9 de Corentin Praud, M\u00e9gane Puillandre, com\u00e9dienne et Thomas Fazio, com\u00e9dien. La repr\u00e9sentation dure une heure.<\/p>\n<p><strong>R\u00e9sum\u00e9\u00a0: <\/strong>\u00ab\u00a0Barbie et Ken sont beaux, ils m\u00e8nent une vie parfaite. Tout est lisse mais tout semble faux. Derri\u00e8re leur perfection artificielle se cache une marionnettiste improbable, Alice, une enfant de sept ans, r\u00eavant d\u2019une famille harmonieuse. Le quotidien impos\u00e9 par ses parents est tout autre\u00a0: monstres de pu\u00e9rilit\u00e9, leur couple est une guerre sans r\u00e9pit.\u00a0\u00bb<\/p>\n<p>\u00a0<\/p>\n","protected":false},"excerpt":{"rendered":"Ce mardi 20\u00a0mai, la compagnie Les Sales Culottes se produira \u00e0 l\u2019espace Jacques-Demy. Ils interpr\u00e9teront la pi\u00e8ce \u00ab\u00a0Enfantillages\u00a0\u00bb&hellip;\n","protected":false},"author":2,"featured_media":114702,"comment_status":"","ping_status":"","sticky":false,"template":"","format":"standard","meta":{"footnotes":""},"categories":[2818],"tags":[1111,11,23486,23488,11465,23489,23485,386,1777,674,1011,27,19023,766,12,2636,25,3272,23487],"class_list":{"0":"post-114701","1":"post","2":"type-post","3":"status-publish","4":"format-standard","5":"has-post-thumbnail","7":"category-nantes","8":"tag-actu","9":"tag-actualites","10":"tag-compagnie","11":"tag-culottes","12":"tag-debarque","13":"tag-demy","14":"tag-divatte-sur-loire","15":"tag-espace","16":"tag-eu","17":"tag-europe","18":"tag-fr","19":"tag-france","20":"tag-jacques","21":"tag-nantes","22":"tag-news","23":"tag-pays-de-la-loire","24":"tag-republique-francaise","25":"tag-saint-nazaire","26":"tag-sales"},"share_on_mastodon":{"url":"https:\/\/pubeurope.com\/@fr\/114541052758690049","error":""},"_links":{"self":[{"href":"https:\/\/www.europesays.com\/fr\/wp-json\/wp\/v2\/posts\/114701","targetHints":{"allow":["GET"]}}],"collection":[{"href":"https:\/\/www.europesays.com\/fr\/wp-json\/wp\/v2\/posts"}],"about":[{"href":"https:\/\/www.europesays.com\/fr\/wp-json\/wp\/v2\/types\/post"}],"author":[{"embeddable":true,"href":"https:\/\/www.europesays.com\/fr\/wp-json\/wp\/v2\/users\/2"}],"replies":[{"embeddable":true,"href":"https:\/\/www.europesays.com\/fr\/wp-json\/wp\/v2\/comments?post=114701"}],"version-history":[{"count":0,"href":"https:\/\/www.europesays.com\/fr\/wp-json\/wp\/v2\/posts\/114701\/revisions"}],"wp:featuredmedia":[{"embeddable":true,"href":"https:\/\/www.europesays.com\/fr\/wp-json\/wp\/v2\/media\/114702"}],"wp:attachment":[{"href":"https:\/\/www.europesays.com\/fr\/wp-json\/wp\/v2\/media?parent=114701"}],"wp:term":[{"taxonomy":"category","embeddable":true,"href":"https:\/\/www.europesays.com\/fr\/wp-json\/wp\/v2\/categories?post=114701"},{"taxonomy":"post_tag","embeddable":true,"href":"https:\/\/www.europesays.com\/fr\/wp-json\/wp\/v2\/tags?post=114701"}],"curies":[{"name":"wp","href":"https:\/\/api.w.org\/{rel}","templated":true}]}}