{"id":1147025,"date":"2026-08-25T00:45:35","date_gmt":"2026-08-25T00:45:35","guid":{"rendered":"https:\/\/www.europesays.com\/fr\/1147025\/"},"modified":"2026-08-25T00:45:35","modified_gmt":"2026-08-25T00:45:35","slug":"presidentielle-2027-outre-raphael-glucksmann-qui-sont-les-candidats-a-la-primaire-du-ps","status":"publish","type":"post","link":"https:\/\/www.europesays.com\/fr\/1147025\/","title":{"rendered":"Pr\u00e9sidentielle 2027\u00a0: outre Rapha\u00ebl Glucksmann, qui sont les candidats \u00e0 la primaire du PS\u00a0?"},"content":{"rendered":"<p>        <img decoding=\"async\" loading=\"lazy\" src=\"https:\/\/www.europesays.com\/fr\/wp-content\/uploads\/2026\/08\/6bc1b55_upload-1-qe2eii7ifstb-afp-20200906-1x13pg-v2-highres-francecinemafestivaldeauville.jpg\"  width=\"728\" height=\"410\" alt=\"S\u00e9gol\u00e8ne Royal est candidate \u00e0 la primaire du PS.\"\/>  <\/p>\n<p>LOU BENOIST \/ AFP<\/p>\n<p>S\u00e9gol\u00e8ne Royal est candidate \u00e0 la primaire du PS.<\/p>\n<p class=\"asset asset-text\">La primaire de l\u2019espace social-d\u00e9mocrate peut d\u00e9coller. L\u2019annonce de la candidature de <a href=\"https:\/\/www.huffingtonpost.fr\/politique\/article\/presidentielle-2027-les-defis-qui-attendent-raphael-glucksmann-apres-son-annonce-de-candidature_310863.html\" rel=\"nofollow noopener\" target=\"_blank\">Rapha\u00ebl Glucksmann<\/a>, dimanche 23\u00a0ao\u00fbt sur le plateau du \u00ab\u00a020\u00a0heures\u00a0\u00bb de TF1, a presque officiellement lanc\u00e9 les hostilit\u00e9s, tant le patron de Place publique fait figure de favori. Mais il trouvera face \u00e0 lui plusieurs concurrents, dont certains ont une vraie exp\u00e9rience de campagne \u00e9lectorale.<\/p>\n<p class=\"asset asset-text\">\u00c0 commencer par <a href=\"https:\/\/www.huffingtonpost.fr\/politique\/article\/segolene-royal-annonce-sa-candidature-a-la-primaire-du-ps-pour-l-election-presidentielle_286508.html\" rel=\"nofollow noopener\" target=\"_blank\">S\u00e9gol\u00e8ne Royal<\/a>, 72\u00a0ans, plusieurs fois ministre (et surtout finaliste de l\u2019\u00e9lection pr\u00e9sidentielle de 2007). Face \u00e0 Nicolas Sarkozy, elle avait r\u00e9uni 25,8\u00a0% des voix au premier tour et 46,9\u00a0% au second. De quoi faire r\u00eaver le PS d\u2019aujourd\u2019hui, qui n\u2019a plus atteint le second tour d\u2019une \u00e9lection pr\u00e9sidentielle depuis 2012. Dimanche soir, S\u00e9gol\u00e8ne Royal a \u00e9t\u00e9 l\u2019une des premi\u00e8res \u00e0 commenter l\u2019annonce de <a href=\"https:\/\/www.huffingtonpost.fr\/politique\/article\/presidentielle-2027-raphael-glucksmann-annonce-sa-candidature-via-la-primaire-du-parti-socialiste_308981.html\" rel=\"nofollow noopener\" target=\"_blank\">Rapha\u00ebl Glucksmann<\/a>, demandant aux cha\u00eenes de t\u00e9l\u00e9vision de respecter \u00ab\u00a0l\u2019\u00e9galit\u00e9 des temps de parole\u00a0\u00bb, elle qui n\u2019a encore eu droit \u00e0 aucune invitation au JT.<\/p>\n<p class=\"asset asset-text\">L\u2019ex-ministre de l\u2019Environnement en a surtout profit\u00e9 pour tacler le patron de Place publique, rappelant qu\u2019en 1995, \u00c9douard Balladur \u00e9tait le \u00ab\u00a0chouchou des m\u00e9dias\u00a0\u00bb, \u00ab\u00a0\u00e9lu\u00a0\u00bb par certains \u00ab\u00a0avant l\u2019heure\u00a0\u00bb. Il a finalement \u00e9t\u00e9 \u00e9limin\u00e9 d\u00e8s le premier tour. Suivez son regard. D\u00e9but juillet, en annon\u00e7ant (par surprise) sa candidature, S\u00e9gol\u00e8ne Royal expliquait avoir pris sa d\u00e9cision \u00ab\u00a0avec humilit\u00e9, sans ego, et sans posture de sup\u00e9riorit\u00e9 comme on en voit trop\u00a0\u00bb. Face \u00e0 une extr\u00eame droite \u00ab\u00a0aux portes du pouvoir\u00a0\u00bb, elle s\u2019interrogeait alors\u00a0: \u00ab\u00a0Comment pourrais-je ne rien faire\u00a0?\u00a0\u00bb<\/p>\n<p class=\"asset asset-text\">Face \u00e0 elle, deux d\u00e9put\u00e9s sont tout aussi d\u00e9termin\u00e9s \u00e0 recevoir l\u2019investiture du Parti socialiste et de Place publique. J\u00e9r\u00f4me Guedj, 54\u00a0ans, et Philippe Brun, 34\u00a0ans, font figure d\u2019outsider. Le premier a confirm\u00e9 aupr\u00e8s de <a href=\"https:\/\/www.latribune.fr\/article\/la-tribune-dimanche\/politique\/18147697960524\/jerome-guedj-depute-ps-de-l-essonne-et-candidat-a-la-presidentielle-je-prendrai-toute-ma-place-dans-cette-primaire\" target=\"_blank\" rel=\"noopener nofollow\" title=\"Nouvelle fen\u00eatre\">La Tribune dimanche<\/a> sa participation \u00e0 la primaire\u00a0: \u00ab\u00a0J\u2019ai toujours dit que d\u00e8s l\u2019instant o\u00f9 il y aurait un processus de d\u00e9partage sinc\u00e8re, j\u2019y prendrais toute ma place\u00a0\u00bb. L\u2019\u00e9lu de l\u2019Essonne, qui n\u2019aime rien tant que mettre en sc\u00e8ne son hostilit\u00e9 \u00e0 Jean-Luc M\u00e9lenchon apr\u00e8s avoir \u00e9t\u00e9 l\u2019un de ses proches, dit vouloir s\u2019adresser aux \u00ab\u00a0orphelins d\u2019une gauche r\u00e9publicaine\u00a0\u00bb. Selon lui, \u00ab\u00a0il n\u2019y a aucun favori dans cette primaire\u00a0\u00bb.<\/p>\n<p>                     Quid d\u2019Olivier Faure et de Boris Vallaud\u00a0?    <\/p>\n<p class=\"asset asset-text\">Philippe Brun, lui, est moins connu du grand public. Ex-proche d\u2019Arnaud Montebourg, le d\u00e9put\u00e9 de l\u2019Eure a acquis la casquette de n\u00e9gociateur du budget au sein du PS. Sa ligne\u00a0? Une d\u00e9fense de la France \u00ab\u00a0populaire et rurale\u00a0\u00bb, qui passe notamment par une hausse des salaires. Le PS est selon lui\u00a0\u00ab trop urbain\u00a0et trop centr\u00e9\u00a0sur les questions soci\u00e9tales \u00bb. Philippe Brun a surpris son monde en plaidant mercredi pour l\u2019introduction d\u2019une part de capitalisation dans les retraites, une mesure habituellement d\u00e9fendue par la droite.<\/p>\n<p class=\"asset asset-text\">Reste deux inconnues. Olivier Faure, 58\u00a0ans, va-t-il se d\u00e9clarer candidat \u00e0 la primaire\u00a0? Selon plusieurs sources, le Premier secr\u00e9taire du PS pourrait l\u2019officialiser ce week-end, aux universit\u00e9s d\u2019\u00e9t\u00e9 du parti \u00e0 Blois (Loir-et-Cher). Il a fait plusieurs pas en ce sens ces derni\u00e8res semaines, se pr\u00e9sentant mi-juillet lors d\u2019un d\u00e9placement \u00e0 Avignon comme \u00ab\u00a0l\u2019un des possibles candidats \u00e0 la primaire\u00a0\u00bb pr\u00e9vue en octobre. Quid de Boris Vallaud\u00a0? Au PS, beaucoup soup\u00e7onnent leur pr\u00e9sident de groupe \u00e0 l\u2019Assembl\u00e9e nationale de nourrir des ambitions. \u00ab\u00a0J\u2019ai envie d\u2019aller \u00e0 la bagarre\u00a0\u00bb, confirmait-il dans <a href=\"https:\/\/www.leparisien.fr\/elections\/presidentielle\/jai-envie-daller-a-la-bagarre-boris-vallaud-appelle-les-militants-ps-a-la-mobilisation-generale-pour-2027-01-07-2026-4TPAN7PHFVDXVA34MVWH4VQ5BM.php\" target=\"_blank\" rel=\"noopener nofollow\" title=\"Nouvelle fen\u00eatre\">Le Parisien<\/a> en juillet. Sans en dire plus depuis.<\/p>\n<p class=\"asset asset-text\">En revanche, Fran\u00e7ois Hollande ne participera pas \u00e0 la primaire. S\u2019il n\u2019a pas \u00e9cart\u00e9 l\u2019id\u00e9e d\u2019une candidature \u00e0 la pr\u00e9sidentielle, allant m\u00eame jusqu\u2019\u00e0 expliquer \u00e0 <a href=\"https:\/\/www.marianne.net\/politique\/gauche\/francois-hollande-2027-je-me-prepare\" target=\"_blank\" rel=\"noopener nofollow\" title=\"Nouvelle fen\u00eatre\">Marianne<\/a> \u00ab\u00a0s\u2019y pr\u00e9parer\u00a0\u00bb, l\u2019ancien chef de l\u2019\u00c9tat entend seulement jouer le r\u00f4le de recours si la candidature du candidat officiellement investi par le PS ne d\u00e9colle pas dans les sondages \u00e0 la fin de l\u2019ann\u00e9e.<\/p>\n","protected":false},"excerpt":{"rendered":"LOU BENOIST \/ AFP S\u00e9gol\u00e8ne Royal est candidate \u00e0 la primaire du PS. La primaire de l\u2019espace social-d\u00e9mocrate&hellip;\n","protected":false},"author":2,"featured_media":1147026,"comment_status":"","ping_status":"","sticky":false,"template":"","format":"standard","meta":{"footnotes":"","_share_on_mastodon":"0"},"categories":[4],"tags":[11,1011,27,12,4393,316,26338,36381,117335,15923,25,77524],"class_list":["post-1147025","post","type-post","status-publish","format-standard","has-post-thumbnail","category-france","tag-actualites","tag-fr","tag-france","tag-news","tag-olivier-faure","tag-politique","tag-presidentielle-2027","tag-primaire-de-la-gauche","tag-primaire-parti-socialiste","tag-raphael-glucksmann","tag-republique-francaise","tag-segolene-royal"],"share_on_mastodon":{"url":"https:\/\/pubeurope.com\/@fr\/117153388879714954","error":""},"_links":{"self":[{"href":"https:\/\/www.europesays.com\/fr\/wp-json\/wp\/v2\/posts\/1147025","targetHints":{"allow":["GET"]}}],"collection":[{"href":"https:\/\/www.europesays.com\/fr\/wp-json\/wp\/v2\/posts"}],"about":[{"href":"https:\/\/www.europesays.com\/fr\/wp-json\/wp\/v2\/types\/post"}],"author":[{"embeddable":true,"href":"https:\/\/www.europesays.com\/fr\/wp-json\/wp\/v2\/users\/2"}],"replies":[{"embeddable":true,"href":"https:\/\/www.europesays.com\/fr\/wp-json\/wp\/v2\/comments?post=1147025"}],"version-history":[{"count":0,"href":"https:\/\/www.europesays.com\/fr\/wp-json\/wp\/v2\/posts\/1147025\/revisions"}],"wp:featuredmedia":[{"embeddable":true,"href":"https:\/\/www.europesays.com\/fr\/wp-json\/wp\/v2\/media\/1147026"}],"wp:attachment":[{"href":"https:\/\/www.europesays.com\/fr\/wp-json\/wp\/v2\/media?parent=1147025"}],"wp:term":[{"taxonomy":"category","embeddable":true,"href":"https:\/\/www.europesays.com\/fr\/wp-json\/wp\/v2\/categories?post=1147025"},{"taxonomy":"post_tag","embeddable":true,"href":"https:\/\/www.europesays.com\/fr\/wp-json\/wp\/v2\/tags?post=1147025"}],"curies":[{"name":"wp","href":"https:\/\/api.w.org\/{rel}","templated":true}]}}