{"id":114711,"date":"2025-05-20T16:19:08","date_gmt":"2025-05-20T16:19:08","guid":{"rendered":"https:\/\/www.europesays.com\/fr\/114711\/"},"modified":"2025-05-20T16:19:08","modified_gmt":"2025-05-20T16:19:08","slug":"un-homme-de-109-ans-retrouve-inhume-dans-son-jardin-son-fils-mis-en-examen","status":"publish","type":"post","link":"https:\/\/www.europesays.com\/fr\/114711\/","title":{"rendered":"un homme de 109 ans retrouv\u00e9 inhum\u00e9 dans son jardin, son fils mis en examen"},"content":{"rendered":"<p>Ren\u00e9 B. avait disparu en f\u00e9vrier, avant que son fils ne confesse aux enqu\u00eateurs avoir enterr\u00e9 son p\u00e8re sur sa propri\u00e9t\u00e9, selon ses derni\u00e8res volont\u00e9s. L\u2019homme, \u00e2g\u00e9 de 67 ans, est soup\u00e7onn\u00e9 d\u2019avoir per\u00e7u son importante pension de retraite pendant plusieurs mois.<\/p>\n<p class=\"fig-paragraph\">Ren\u00e9 B. aurait f\u00eat\u00e9 ses 110 ans le 20 f\u00e9vrier 2025. Trois jours avant de c\u00e9l\u00e9brer ce v\u00e9n\u00e9rable anniversaire, sa fille, inqui\u00e8te de se trouver sans nouvelles de lui, avait signal\u00e9 sa disparition \u00e0 un commissariat de\u00a0<a href=\"http:\/\/www.lefigaro.fr\/actualite-france\/le-palmares-2025-des-villes-et-des-villages-ou-s-installer-pres-de-toulouse-20250516\" data-fig-type=\"Article\" data-gtm-custom-categorie=\"navigation\" data-gtm-custom-action=\"crossclick\" data-gtm-custom-label=\"Contextuel\" data-gtm-event=\"customEventSPE\" data-fig-domain=\"LEFIGARO\" target=\"_blank\" rel=\"noopener\">Toulouse<\/a>, d\u2019o\u00f9 la famille B. est originaire. L\u2019homme et son fils, qui vivait aupr\u00e8s de lui, n\u2019avaient plus donn\u00e9 signe de vie depuis plusieurs jours \u00e0 cette femme, domicili\u00e9e \u00e0 des centaines de kilom\u00e8tres, en Suisse. Trois mois plus tard, voil\u00e0 une partie du myst\u00e8re enfin lev\u00e9e\u00a0: le corps de ce centenaire fortun\u00e9 a \u00e9t\u00e9 retrouv\u00e9 momifi\u00e9, inhum\u00e9 dans le jardin de l\u2019une de ses propri\u00e9t\u00e9s de la r\u00e9gion, \u00e0 Toulouse. D\u2019apr\u00e8s des informations de\u00a0<a href=\"https:\/\/www.ladepeche.fr\/2025\/05\/16\/info-la-depeche-lun-des-plus-vieux-hommes-de-france-retrouve-mort-enterre-dans-son-jardin-apres-deux-mois-de-cavale-son-fils-arrete-12698459.php\" target=\"_blank\" rel=\"nofollow noopener\" data-gtm-custom-categorie=\"navigation\" data-gtm-custom-action=\"crossclick\" data-gtm-custom-label=\"Contextuel\" data-gtm-event=\"customEventSPE\">La D\u00e9p\u00eache<\/a> \u00a0confirm\u00e9es au Figaro, son fils, Jean B., \u00e2g\u00e9 de 67 ans, a \u00e9t\u00e9 mis en examen pour \u00abescroqueries aggrav\u00e9es\u00bb, \u00ababus de confiance\u00bb et \u00abinhumation sans autorisation\u00bb par le parquet de Toulouse, et plac\u00e9 sous contr\u00f4le judiciaire, le 16 mai.<\/p>\n<p class=\"fig-paragraph\">Jean B. s\u2019occupait de son p\u00e8re, avec qui il vivait entre Toulouse et Lamothe-Capdeville (Tarn-et-Garonne), un village au nord de Montauban o\u00f9 les B. poss\u00e8dent une autre propri\u00e9t\u00e9 familiale. D\u00e9but mars, alors qu\u2019un mandat de recherches \u00e9tait \u00e9mis pour retrouver son p\u00e8re centenaire, les enqu\u00eateurs avaient fini par retrouver la trace du fils. Lors d\u2019une audition libre, dans les locaux du commissariat, celui-ci avait livr\u00e9 des d\u00e9clarations confuses, expliquant que son p\u00e8re, bien que tr\u00e8s \u00e2g\u00e9, s\u2019\u00e9tait r\u00e9cemment install\u00e9 dans un monast\u00e8re du Gers, puis dans un couvent \u00e0 des centaines de kilom\u00e8tres de l\u00e0, en Allemagne. Alors que les enqu\u00eateurs proc\u00e9daient \u00e0 divers recoupements soulignant les incoh\u00e9rences de son r\u00e9cit, Jean B. s\u2019\u00e9tait ensuite soudainement envol\u00e9, avant d\u2019adresser aux policiers une lettre, \u00e0 la fin du mois de mars. Dans ce courrier, il reconnaissait alors avoir menti lors de son audition, et confessait avoir lui-m\u00eame enterr\u00e9 son p\u00e8re chez lui, dans son jardin, selon ses derni\u00e8res volont\u00e9s. Le 14 mai, il \u00e9tait finalement interpell\u00e9 \u00e0 Lourdes (Hautes-Pyr\u00e9n\u00e9es) par la police judiciaire, apr\u00e8s plusieurs semaines de cavale. D\u2019apr\u00e8s son avocate, Me Alexandrine Matondo, l\u2019homme, \u00abtr\u00e8s pieux\u00bb, s\u2019y \u00e9tait r\u00e9fugi\u00e9 \u00abpour se sentir en s\u00e9curit\u00e9\u00bb. Il dormait dans sa voiture.<\/p>\n<p>Derni\u00e8res volont\u00e9s<\/p>\n<p class=\"fig-paragraph\">Selon le rapport d\u2019un m\u00e9decin l\u00e9giste, le corps momifi\u00e9 de son p\u00e8re, dont la mort daterait de plusieurs mois, ne porte pas de trace de violences, \u00abce qui exclut l\u2019intervention d\u2019un tiers dans son d\u00e9c\u00e8s\u00bb, pr\u00e9cise au Figaro le parquet de Toulouse. Pour cette raison, l\u2019enqu\u00eate, d\u2019abord ouverte pour \u00abhomicide involontaire\u00bb, a \u00e9t\u00e9 requalifi\u00e9e. Mais le comportement ambigu de Jean B. se trouve au c\u0153ur des investigations, o\u00f9 nombre de questions restent en suspens\u00a0: si le centenaire est d\u00e9c\u00e9d\u00e9 de mort naturelle, pourquoi son fils ne l\u2019a-t-il pas annonc\u00e9e \u00e0 ce moment-l\u00e0, ou m\u00eame lors du signalement de la disparition par sa s\u0153ur, en f\u00e9vrier\u00a0? Pourquoi s\u2019est-il engag\u00e9 dans une cavale\u00a0? L\u2019inhumation de Ren\u00e9 B. sur l\u2019une de ses propri\u00e9t\u00e9s est-elle bien le reflet de ses derni\u00e8res volont\u00e9s\u00a0? Pourquoi de telles derni\u00e8res volont\u00e9s\u00a0? D\u2019apr\u00e8s nos informations, le mis en cause est poursuivi par la justice pour avoir continu\u00e9 de percevoir, pendant plusieurs mois, l\u2019importante pension de retraite de Ren\u00e9 B.. Le d\u00e9funt poss\u00e9dait \u00e9galement de cons\u00e9quents revenus li\u00e9s \u00e0 son patrimoine.<\/p>\n<p class=\"fig-paragraph\">D\u2019apr\u00e8s nos informations, le mis en cause vivait aupr\u00e8s de ses parents, dont il s\u2019occupait \u00e0 temps plein depuis une dizaine d\u2019ann\u00e9es. Au Figaro, Me Alexandrine Matondo, d\u00e9crit un homme \u00abextr\u00eamement d\u00e9vou\u00e9\u00bb, qui entretenait notamment une relation \u00abtr\u00e8s forte\u00bb avec Ren\u00e9 B.. Sa m\u00e8re, elle, est d\u00e9c\u00e9d\u00e9e depuis 2016. \u00abAujourd\u2019hui, Monsieur B. est boulevers\u00e9. Il a perdu un vrai \u00e9quilibre depuis le d\u00e9c\u00e8s de son p\u00e8re\u00bb, poursuit son avocate, qui pr\u00e9sente le sexag\u00e9naire comme un homme \u00abcalme et hyper-discret\u00bb, et \u00abaccordant une grande place \u00e0 la foi chr\u00e9tienne\u00bb dans sa vie. Parmi les actes d\u2019enqu\u00eates attendus, une expertise psychiatrique devrait permettre de d\u00e9terminer si Jean B. se trouvait en pleine possession de ses capacit\u00e9s quand il a pris la d\u00e9cision d\u2019enterrer son p\u00e8re dans leur jardin.<\/p>\n","protected":false},"excerpt":{"rendered":"Ren\u00e9 B. avait disparu en f\u00e9vrier, avant que son fils ne confesse aux enqu\u00eateurs avoir enterr\u00e9 son p\u00e8re&hellip;\n","protected":false},"author":2,"featured_media":114712,"comment_status":"","ping_status":"","sticky":false,"template":"","format":"standard","meta":{"footnotes":""},"categories":[2816],"tags":[119,1111,11,3694,271,2951,3695,1777,674,3696,118,1011,27,2825,1253,303,12,2680,1072,2694,25,2312,2949],"class_list":{"0":"post-114711","1":"post","2":"type-post","3":"status-publish","4":"format-standard","5":"has-post-thumbnail","7":"category-toulouse","8":"tag-accident","9":"tag-actu","10":"tag-actualites","11":"tag-affaires","12":"tag-crime","13":"tag-criminalite","14":"tag-enquetes","15":"tag-eu","16":"tag-europe","17":"tag-evenements","18":"tag-faits-divers","19":"tag-fr","20":"tag-france","21":"tag-insecurite","22":"tag-islamisme","23":"tag-justice","24":"tag-news","25":"tag-occitanie","26":"tag-police","27":"tag-proces","28":"tag-republique-francaise","29":"tag-toulouse","30":"tag-violences"},"share_on_mastodon":{"url":"https:\/\/pubeurope.com\/@fr\/114541072504759937","error":""},"_links":{"self":[{"href":"https:\/\/www.europesays.com\/fr\/wp-json\/wp\/v2\/posts\/114711","targetHints":{"allow":["GET"]}}],"collection":[{"href":"https:\/\/www.europesays.com\/fr\/wp-json\/wp\/v2\/posts"}],"about":[{"href":"https:\/\/www.europesays.com\/fr\/wp-json\/wp\/v2\/types\/post"}],"author":[{"embeddable":true,"href":"https:\/\/www.europesays.com\/fr\/wp-json\/wp\/v2\/users\/2"}],"replies":[{"embeddable":true,"href":"https:\/\/www.europesays.com\/fr\/wp-json\/wp\/v2\/comments?post=114711"}],"version-history":[{"count":0,"href":"https:\/\/www.europesays.com\/fr\/wp-json\/wp\/v2\/posts\/114711\/revisions"}],"wp:featuredmedia":[{"embeddable":true,"href":"https:\/\/www.europesays.com\/fr\/wp-json\/wp\/v2\/media\/114712"}],"wp:attachment":[{"href":"https:\/\/www.europesays.com\/fr\/wp-json\/wp\/v2\/media?parent=114711"}],"wp:term":[{"taxonomy":"category","embeddable":true,"href":"https:\/\/www.europesays.com\/fr\/wp-json\/wp\/v2\/categories?post=114711"},{"taxonomy":"post_tag","embeddable":true,"href":"https:\/\/www.europesays.com\/fr\/wp-json\/wp\/v2\/tags?post=114711"}],"curies":[{"name":"wp","href":"https:\/\/api.w.org\/{rel}","templated":true}]}}