{"id":114717,"date":"2025-05-20T16:22:07","date_gmt":"2025-05-20T16:22:07","guid":{"rendered":"https:\/\/www.europesays.com\/fr\/114717\/"},"modified":"2025-05-20T16:22:07","modified_gmt":"2025-05-20T16:22:07","slug":"marseille-soprano-bientot-dans-le-metro-pour-cet-evenement-special-de-la-rtm-voici-quand","status":"publish","type":"post","link":"https:\/\/www.europesays.com\/fr\/114717\/","title":{"rendered":"Marseille. Soprano bient\u00f4t dans le m\u00e9tro pour cet \u00e9v\u00e9nement sp\u00e9cial de la RTM, voici quand"},"content":{"rendered":"<p>            Par<br \/>\n        <strong><br \/>\n            <a href=\"https:\/\/actu.fr\/auteur\/fabien-binacchi\" title=\"Consulter tous les articles de Fabien Binacchi\" rel=\"nofollow noopener\" target=\"_blank\">Fabien Binacchi<\/a><br \/>\n        <\/strong><\/p>\n<p>        Publi\u00e9 le<\/p>\n<p>            20 mai 2025 \u00e0 18h08        <\/p>\n<p>Vous l\u2019avez peut-\u00eatre vu sillonner <a href=\"https:\/\/actu.fr\/marseille\/\" rel=\"nofollow noopener\" target=\"_blank\">Marseille<\/a> ce mardi 20\u00a0mai 2025, un peu avant midi. Un bus de la <a href=\"https:\/\/actu.fr\/tag\/rtm\" rel=\"nofollow noopener\" target=\"_blank\">RTM<\/a> ferm\u00e9 au public a circul\u00e9 dans une configuration pour le moins inhabituelle\u2009: avec des <strong>boules \u00e0 facettes<\/strong> suspendues aux barres et des <strong>rideaux scintillants<\/strong> accroch\u00e9s aux fen\u00eatres. Une ambiance disco pour une annonce bien particuli\u00e8re qui concerne le rappeur Soprano et que Catherine Pila, la pr\u00e9sidente du r\u00e9seau, a elle-m\u00eame d\u00e9voil\u00e9e.<\/p>\n<p class=\" wall-content\">La R\u00e9gie des transports m\u00e9tropolitains souffle <strong>75 bougies cette ann\u00e9e<\/strong> et elle a pr\u00e9vu tout un mois de festivit\u00e9s pour l\u2019occasion. Avec la complicit\u00e9 de la star.<\/p>\n<p class=\" wall-content\">On vous donne les d\u00e9tails.<\/p>\n<p>Soprano dans le m\u00e9tro<\/p>\n<p class=\" wall-content\">Du Vieux-Port jusqu\u2019au quartier Eurom\u00e9diterran\u00e9e, un bus sp\u00e9cial de la RTM a circul\u00e9 pour indiquer la nouvelle \u00e0 la presse invit\u00e9e \u00e0 bord\u2009: tout le mois de juin, <strong>19 happenings<\/strong> sont programm\u00e9s \u00e0 Marseille, mais aussi du c\u00f4t\u00e9 de la Ciotat, Aubagne, Martigues et m\u00eame au Frioul \u00e0 l\u2019occasion des 75\u00a0ans de la r\u00e9gie, r\u00e9v\u00e8le sa pr\u00e9sidente Catherine Pila.<\/p>\n<p class=\" wall-content\">Musique, ballet, freestyle et m\u00eame d\u00e9gustations sont\u00a0<a href=\"https:\/\/dai.ly\/x9jueyy\" rel=\"nofollow noopener\" target=\"_blank\">au programme.<\/a>\u00a0Avec un point d\u2019orgue, le 25\u00a0juin\u2009: \u00ab\u2009Nous aurons la visite de Soprano dans le m\u00e9tro pour remettre aux <strong>vainqueurs d\u2019une grande chasse au tr\u00e9sor<\/strong> un cadeau bien particulier\u2009\u00bb, explique-t-elle.<\/p>\n<p class=\" wall-content\">On casse le suspense\u2009: le rappeur offrira des invitations pour aller voir le film Marius et les gardiens de la cit\u00e9 phoc\u00e9enne, en salle le 9\u00a0juillet, dans lequel il tient le r\u00f4le-titre.<\/p>\n<p>Une succession de noms<\/p>\n<p class=\" wall-content\">La \u00ab\u2009R\u00e9gie autonome des transports de la ville de Marseille\u2009\u00bb, la RATVM, \u00e9tait <strong>cr\u00e9\u00e9e le 24\u00a0juin 1950<\/strong> pour succ\u00e9der \u00e0 la Compagnie g\u00e9n\u00e9rale fran\u00e7aise de tramways.<\/p>\n<p class=\" wall-content\">Remplac\u00e9e par la <strong>\u00ab\u2009R\u00e9gie des transports de Marseille\u2009\u00bb<\/strong> d\u00e8s 1986, elle adoptait son nom actuel, celui de \u00ab\u2009R\u00e9gie des transports m\u00e9tropolitains\u2009\u00bb en 2016, en passant sous le contr\u00f4le de la M\u00e9tropole Aix-Marseille Provence.<\/p>\n<p class=\" wall-content\">Suivez toute l\u2019actualit\u00e9 de vos villes et m\u00e9dias favoris en vous inscrivant \u00e0 <a href=\"https:\/\/moncompte.actu.fr\" title=\"D\u00e9couvez Mon Actu\" rel=\"nofollow noopener\" data-trk=\"{&quot;cta&quot;:{&quot;action&quot;:&quot;https:\\\/\\\/moncompte.actu.fr&quot;,&quot;category&quot;:&quot;mon compte&quot;,&quot;from&quot;:&quot;article footer&quot;,&quot;name&quot;:&quot;Mon actu&quot;,&quot;type&quot;:&quot;cta&quot;}}\" target=\"_blank\">Mon Actu<\/a>.<\/p>\n","protected":false},"excerpt":{"rendered":"Par Fabien Binacchi Publi\u00e9 le 20 mai 2025 \u00e0 18h08 Vous l\u2019avez peut-\u00eatre vu sillonner Marseille ce mardi&hellip;\n","protected":false},"author":2,"featured_media":114718,"comment_status":"","ping_status":"","sticky":false,"template":"","format":"standard","meta":{"footnotes":""},"categories":[2814],"tags":[1111,11,1777,674,1011,27,884,12,882,25,10783,104,2803],"class_list":{"0":"post-114717","1":"post","2":"type-post","3":"status-publish","4":"format-standard","5":"has-post-thumbnail","7":"category-marseille","8":"tag-actu","9":"tag-actualites","10":"tag-eu","11":"tag-europe","12":"tag-fr","13":"tag-france","14":"tag-marseille","15":"tag-news","16":"tag-provence-alpes-cote-dazur","17":"tag-republique-francaise","18":"tag-rtm","19":"tag-societe","20":"tag-transport"},"share_on_mastodon":{"url":"https:\/\/pubeurope.com\/@fr\/114541084287034665","error":""},"_links":{"self":[{"href":"https:\/\/www.europesays.com\/fr\/wp-json\/wp\/v2\/posts\/114717","targetHints":{"allow":["GET"]}}],"collection":[{"href":"https:\/\/www.europesays.com\/fr\/wp-json\/wp\/v2\/posts"}],"about":[{"href":"https:\/\/www.europesays.com\/fr\/wp-json\/wp\/v2\/types\/post"}],"author":[{"embeddable":true,"href":"https:\/\/www.europesays.com\/fr\/wp-json\/wp\/v2\/users\/2"}],"replies":[{"embeddable":true,"href":"https:\/\/www.europesays.com\/fr\/wp-json\/wp\/v2\/comments?post=114717"}],"version-history":[{"count":0,"href":"https:\/\/www.europesays.com\/fr\/wp-json\/wp\/v2\/posts\/114717\/revisions"}],"wp:featuredmedia":[{"embeddable":true,"href":"https:\/\/www.europesays.com\/fr\/wp-json\/wp\/v2\/media\/114718"}],"wp:attachment":[{"href":"https:\/\/www.europesays.com\/fr\/wp-json\/wp\/v2\/media?parent=114717"}],"wp:term":[{"taxonomy":"category","embeddable":true,"href":"https:\/\/www.europesays.com\/fr\/wp-json\/wp\/v2\/categories?post=114717"},{"taxonomy":"post_tag","embeddable":true,"href":"https:\/\/www.europesays.com\/fr\/wp-json\/wp\/v2\/tags?post=114717"}],"curies":[{"name":"wp","href":"https:\/\/api.w.org\/{rel}","templated":true}]}}