{"id":114719,"date":"2025-05-20T16:23:09","date_gmt":"2025-05-20T16:23:09","guid":{"rendered":"https:\/\/www.europesays.com\/fr\/114719\/"},"modified":"2025-05-20T16:23:09","modified_gmt":"2025-05-20T16:23:09","slug":"arme-encapuchonne-et-gante-a-marseille-un-homme-de-24-ans-interpelle-a-la-station-service","status":"publish","type":"post","link":"https:\/\/www.europesays.com\/fr\/114719\/","title":{"rendered":"Arm\u00e9, encapuchonn\u00e9 et gant\u00e9&#8230; \u00e0 Marseille, un homme de 24 ans interpell\u00e9 \u00e0 la station-service"},"content":{"rendered":"<p>Encapuchonn\u00e9, gant\u00e9\u2026 Curieux accoutrement que celui d\u2019un homme stationn\u00e9 en pleine nuit devant une <a href=\"https:\/\/www.laprovence.com\/article\/societe\/1128339905929415\/il-y-a-une-tendance-a-la-baisse-pourquoi-les-stations-service-de-ville-disparaissent-a-marseille-et-en-provence\" target=\"_blank\" rel=\"noopener\">station-service<\/a> du 15e arrondissement de <a href=\"https:\/\/www.laprovence.com\/region\/Edition-marseille\" target=\"_blank\" rel=\"noopener\">Marseille<\/a>.<\/p>\n<p>La tenue improbable de l\u2019individu a en tout cas suffisamment intrigu\u00e9 un \u00e9quipage de police secours qui passait <a href=\"https:\/\/www.laprovence.com\/article\/faits-divers-justice\/1139670239772714\/ils-seclipsent-apres-avoir-hele-les-marins-pompiers-un-mort-et-des-circonstances-floues-a-marseille\" target=\"_blank\" rel=\"noopener\">avenue de Saint-Antoine<\/a> vers 3\u00a0heures du matin ce lundi 19\u00a0mai, pour qu\u2019il fasse halte \u00e0 la station Total Access et proc\u00e8de au contr\u00f4le de l\u2019automobiliste qui venait de descendre de son v\u00e9hicule.<\/p>\n<p>Un revolver charg\u00e9 \u00e0 blanc<\/p>\n<p>Un contr\u00f4le nocturne qui a conduit \u00e0 une surprenante d\u00e9couverte, puisque l\u2019individu portait une arme \u00e0 la ceinture. Un revolver qui s\u2019est av\u00e9r\u00e9 charg\u00e9 avec des <a href=\"https:\/\/www.laprovence.com\/article\/france-monde\/6535758\/armurier-de-cinema-ce-metier-qui-sent-la-poudre.html\" target=\"_blank\" rel=\"noopener\">munitions \u00e0 blanc<\/a>, mais qui a tout de m\u00eame valu \u00e0 cet homme de 24\u00a0ans d\u2019\u00eatre interpell\u00e9 et plac\u00e9 imm\u00e9diatement en garde \u00e0 vue dans les locaux de la <a href=\"https:\/\/www.laprovence.com\/article\/faits-divers-justice\/1307159319145514\/marseille-a-la-division-nord-des-policiers-a-l-avant-poste-dune-republique-qui-se-bat\" target=\"_blank\" rel=\"noopener\">division Nord<\/a>.<\/p>\n","protected":false},"excerpt":{"rendered":"Encapuchonn\u00e9, gant\u00e9\u2026 Curieux accoutrement que celui d\u2019un homme stationn\u00e9 en pleine nuit devant une station-service du 15e arrondissement&hellip;\n","protected":false},"author":2,"featured_media":114720,"comment_status":"","ping_status":"","sticky":false,"template":"","format":"standard","meta":{"footnotes":""},"categories":[2814],"tags":[17,1111,11,1764,10268,23490,1777,674,274,1011,27,23491,4933,9817,884,12,882,25],"class_list":{"0":"post-114719","1":"post","2":"type-post","3":"status-publish","4":"format-standard","5":"has-post-thumbnail","7":"category-marseille","8":"tag-17","9":"tag-actu","10":"tag-actualites","11":"tag-ans","12":"tag-arme","13":"tag-encapuchonne","14":"tag-eu","15":"tag-europe","16":"tag-faits-divers-justice","17":"tag-fr","18":"tag-france","19":"tag-gante","20":"tag-homme","21":"tag-interpelle","22":"tag-marseille","23":"tag-news","24":"tag-provence-alpes-cote-dazur","25":"tag-republique-francaise"},"share_on_mastodon":{"url":"https:\/\/pubeurope.com\/@fr\/114541088300456665","error":""},"_links":{"self":[{"href":"https:\/\/www.europesays.com\/fr\/wp-json\/wp\/v2\/posts\/114719","targetHints":{"allow":["GET"]}}],"collection":[{"href":"https:\/\/www.europesays.com\/fr\/wp-json\/wp\/v2\/posts"}],"about":[{"href":"https:\/\/www.europesays.com\/fr\/wp-json\/wp\/v2\/types\/post"}],"author":[{"embeddable":true,"href":"https:\/\/www.europesays.com\/fr\/wp-json\/wp\/v2\/users\/2"}],"replies":[{"embeddable":true,"href":"https:\/\/www.europesays.com\/fr\/wp-json\/wp\/v2\/comments?post=114719"}],"version-history":[{"count":0,"href":"https:\/\/www.europesays.com\/fr\/wp-json\/wp\/v2\/posts\/114719\/revisions"}],"wp:featuredmedia":[{"embeddable":true,"href":"https:\/\/www.europesays.com\/fr\/wp-json\/wp\/v2\/media\/114720"}],"wp:attachment":[{"href":"https:\/\/www.europesays.com\/fr\/wp-json\/wp\/v2\/media?parent=114719"}],"wp:term":[{"taxonomy":"category","embeddable":true,"href":"https:\/\/www.europesays.com\/fr\/wp-json\/wp\/v2\/categories?post=114719"},{"taxonomy":"post_tag","embeddable":true,"href":"https:\/\/www.europesays.com\/fr\/wp-json\/wp\/v2\/tags?post=114719"}],"curies":[{"name":"wp","href":"https:\/\/api.w.org\/{rel}","templated":true}]}}