{"id":1147212,"date":"2026-08-25T03:06:12","date_gmt":"2026-08-25T03:06:12","guid":{"rendered":"https:\/\/www.europesays.com\/fr\/1147212\/"},"modified":"2026-08-25T03:06:12","modified_gmt":"2026-08-25T03:06:12","slug":"economie-rendez-vous-des-entrepreneurs-de-france-le-medef-grand-est-en-force-a-paris","status":"publish","type":"post","link":"https:\/\/www.europesays.com\/fr\/1147212\/","title":{"rendered":"\u00c9conomie. Rendez-vous des entrepreneurs de France\u00a0: le Medef Grand Est en force \u00e0 Paris"},"content":{"rendered":"<p><a href=\"https:\/\/www.republicain-lorrain.fr\/economie\/2025\/08\/25\/rencontre-des-entreprises-de-france-du-medef-le-grand-est-en-force-a-rolland-garros\" target=\"_blank\" rel=\"nofollow noopener\">Ils \u00e9taient 160 l\u2019an pass\u00e9<\/a> , les entrepreneurs du Grand Est se mobiliseront une nouvelle fois les 26 et 27\u00a0ao\u00fbt prochains \u00e0 l\u2019occasion des rencontres des entrepreneurs de France, qui se d\u00e9rouleront Porte d\u2019Auteuil, dans le mythique stade de Roland-Garros.<\/p>\n<p>Deux journ\u00e9es durant lesquelles, la d\u00e9l\u00e9gation sera r\u00e9unie autour d\u2019un stand commun partag\u00e9 avec la R\u00e9gion Grand Est\u00a0et la Banque Internationale \u00e0 Luxembourg (BIL) et qui se veut avant tout le point de ralliement des entreprises et des partenaires\u00a0du Grand Est.<\/p>\n<p>\u00ab\u00a0La REF est un rendez-vous incontournable pour porter la voix des entreprises de notre r\u00e9gion. Aux c\u00f4t\u00e9s de nos MEDEF territoriaux, de nos f\u00e9d\u00e9rations professionnelles et de nos partenaires, nous voulons faire rayonner les entreprises qui cr\u00e9ent de l\u2019activit\u00e9, de l\u2019emploi et de la valeur dans le Grand Est.\u00a0\u00bb, explique\u00a0 <a href=\"https:\/\/www.republicain-lorrain.fr\/economie\/2026\/01\/12\/accompagner-les-entreprises-dans-leurs-transitions-et-leurs-adaptations-christian-brethon-president-du-medef-grand-est-decline-sa-feuille-de-route\" target=\"_blank\" rel=\"nofollow noopener\">Christian Brethon, le patron des patrons dans la r\u00e9gion<\/a>.<\/p>\n<p>Ce rendez-vous sera l\u2019occasion d\u2019une s\u00e9rie d\u2019\u00e9changes entre entrepreneurs \u00e0 l\u2019approche d\u2019\u00e9ch\u00e9ances \u00e9lectorales majeures en France mais \u00e0 l\u2019heure \u00e9galement d\u2019inqui\u00e9tudes concernant notre \u00e9conomie. L\u2019occasion \u00e9galement de l\u2019assembl\u00e9e g\u00e9n\u00e9rale statutaire de l\u2019organisation patronale, mais aussi, en fin de journ\u00e9e le 26\u00a0ao\u00fbt (18\u00a0h), d\u2019une conf\u00e9rence d\u2019Arnaud Florentin, chercheur, auteur et consultant, sp\u00e9cialiste de l\u2019intelligence\u00a0\u00e9conomique territoriale sur cette th\u00e9matique pivot actuellement. <a href=\"https:\/\/www.republicain-lorrain.fr\/p\/franck-leroy\" target=\"_blank\" rel=\"nofollow noopener\">Franck Leroy<\/a>, le pr\u00e9sident de la R\u00e9gion Grand Est viendra cl\u00f4turer ces deux journ\u00e9es et rencontrer les patrons r\u00e9gionaux le 27\u00a0ao\u00fbt.<\/p>\n","protected":false},"excerpt":{"rendered":"Ils \u00e9taient 160 l\u2019an pass\u00e9 , les entrepreneurs du Grand Est se mobiliseront une nouvelle fois les 26&hellip;\n","protected":false},"author":2,"featured_media":1147213,"comment_status":"","ping_status":"","sticky":false,"template":"","format":"standard","meta":{"footnotes":"","_share_on_mastodon":"0"},"categories":[4],"tags":[11,33,5598,1011,27,6212,6213,5599,12,3456,25,216],"class_list":["post-1147212","post","type-post","status-publish","format-standard","has-post-thumbnail","category-france","tag-actualites","tag-economie","tag-edition-metz-et-agglomeration","tag-fr","tag-france","tag-metz","tag-metz-ville-57b","tag-moselle","tag-news","tag-region-lorraine","tag-republique-francaise","tag-vie-des-entreprises"],"share_on_mastodon":{"url":"https:\/\/pubeurope.com\/@fr\/117153941901808732","error":""},"_links":{"self":[{"href":"https:\/\/www.europesays.com\/fr\/wp-json\/wp\/v2\/posts\/1147212","targetHints":{"allow":["GET"]}}],"collection":[{"href":"https:\/\/www.europesays.com\/fr\/wp-json\/wp\/v2\/posts"}],"about":[{"href":"https:\/\/www.europesays.com\/fr\/wp-json\/wp\/v2\/types\/post"}],"author":[{"embeddable":true,"href":"https:\/\/www.europesays.com\/fr\/wp-json\/wp\/v2\/users\/2"}],"replies":[{"embeddable":true,"href":"https:\/\/www.europesays.com\/fr\/wp-json\/wp\/v2\/comments?post=1147212"}],"version-history":[{"count":0,"href":"https:\/\/www.europesays.com\/fr\/wp-json\/wp\/v2\/posts\/1147212\/revisions"}],"wp:featuredmedia":[{"embeddable":true,"href":"https:\/\/www.europesays.com\/fr\/wp-json\/wp\/v2\/media\/1147213"}],"wp:attachment":[{"href":"https:\/\/www.europesays.com\/fr\/wp-json\/wp\/v2\/media?parent=1147212"}],"wp:term":[{"taxonomy":"category","embeddable":true,"href":"https:\/\/www.europesays.com\/fr\/wp-json\/wp\/v2\/categories?post=1147212"},{"taxonomy":"post_tag","embeddable":true,"href":"https:\/\/www.europesays.com\/fr\/wp-json\/wp\/v2\/tags?post=1147212"}],"curies":[{"name":"wp","href":"https:\/\/api.w.org\/{rel}","templated":true}]}}