{"id":114723,"date":"2025-05-20T16:25:18","date_gmt":"2025-05-20T16:25:18","guid":{"rendered":"https:\/\/www.europesays.com\/fr\/114723\/"},"modified":"2025-05-20T16:25:18","modified_gmt":"2025-05-20T16:25:18","slug":"lyon-une-joggeuse-percutee-par-un-scooter-sur-les-berges-du-rhone","status":"publish","type":"post","link":"https:\/\/www.europesays.com\/fr\/114723\/","title":{"rendered":"Lyon. Une joggeuse percut\u00e9e par un scooter sur les berges du Rh\u00f4ne"},"content":{"rendered":"<p>Un homme de 26 ans, d\u00e9favorablement connu des services de police, qui circulait \u00e0 scooter sur les berges du Rh\u00f4ne, \u00e0 la hauteur de l\u2019avenue Leclerc \u00e0 Lyon (7e), a percut\u00e9 une jeune femme dimanche 18\u00a0mai vers 19 heures 15.<\/p>\n<p>La victime faisait son jogging quand elle a \u00e9t\u00e9 percut\u00e9e par l\u2019arri\u00e8re par un scooter qui roulait sur la voie pi\u00e9tonne et qui ne s\u2019est pas arr\u00eat\u00e9. Il n\u2019est toutefois pas all\u00e9 bien loin, car il a fini sa course contre un arbre, \u00e0 une cinquantaine de m\u00e8tres du lieu de l\u2019accident.<\/p>\n<p>La jeune femme et le conducteur du scooter, bless\u00e9s tous les deux, ont \u00e9t\u00e9 pris en charge par les pompiers et transport\u00e9s \u00e0 l\u2019h\u00f4pital. Le pr\u00e9l\u00e8vement sanguin pratiqu\u00e9 sur le jeune homme a r\u00e9v\u00e9l\u00e9 une alcool\u00e9mie de 1, 73\u00a0g par litre de sang, soit plus de trois fois la limite autoris\u00e9e. Ce n\u2019est pas la seule infraction relev\u00e9e contre lui puisqu\u2019il conduisait sans casque et sans permis un scooter pas assur\u00e9.<\/p>\n<p>Ce contenu est bloqu\u00e9 car vous n&rsquo;avez pas accept\u00e9 les cookies et autres traceurs.<\/p>\n<p>En cliquant sur \u00ab J\u2019accepte \u00bb, les cookies et autres traceurs seront d\u00e9pos\u00e9s et vous pourrez visualiser les contenus  (<a href=\"\" class=\"consentModule_policy\" target=\"_blank\" title=\"Consulter la politique de protection des donn\u00e9es du fournisseur\">plus d&rsquo;informations<\/a>).<\/p>\n<p>En cliquant sur \u00ab J\u2019accepte tous les cookies \u00bb, vous autorisez des d\u00e9p\u00f4ts de cookies et autres traceurs pour le stockage de vos donn\u00e9es sur nos sites et applications \u00e0 des fins de personnalisation et de ciblage publicitaire.<\/p>\n<p class=\"consentModule_secondaryText\">Vous gardez la possibilit\u00e9 de retirer votre consentement \u00e0 tout moment en consultant notre <a href=\"https:\/\/www.leprogres.fr\/protection-des-donnees\" target=\"_blank\" title=\"Consulter notre politique de protection des donn\u00e9es\" rel=\"nofollow noopener\">politique de protection des donn\u00e9es<\/a>. <br \/>&#13;<br \/>\n            <a href=\"https:\/\/www.leprogres.fr\/faits-divers-justice\/2025\/05\/20\/javascript:Didomi.notice.show()\" class=\"consentModule_cmp\" rel=\"nofollow noopener\" target=\"_blank\">G\u00e9rer mes choix<\/a>&#13;\n        <\/p>\n<p>&#13;<br \/>\n                        J&rsquo;accepte&#13;<br \/>\n            J&rsquo;accepte tous les cookies&#13;\n        <\/p>\n<p>Plac\u00e9 en garde \u00e0 vue d\u00e8s sa sortie de l\u2019h\u00f4pital, vers 23 heures, il a \u00e9t\u00e9 pr\u00e9sent\u00e9 ce mardi 20\u00a0mai au parquet en vue d\u2019une comparution imm\u00e9diate pour blessures involontaires, d\u00e9lit de fuite, <a href=\"https:\/\/www.leprogres.fr\/transport\/2024\/09\/30\/vitesse-alcool-portable-quels-progres-sur-la-route-depuis-20-ans\" target=\"_blank\" rel=\"nofollow noopener\">conduite sous l\u2019empire d\u2019un \u00e9tat alcoolique<\/a> et d\u00e9faut de permis et d\u2019assurance.<\/p>\n","protected":false},"excerpt":{"rendered":"Un homme de 26 ans, d\u00e9favorablement connu des services de police, qui circulait \u00e0 scooter sur les berges&hellip;\n","protected":false},"author":2,"featured_media":114724,"comment_status":"","ping_status":"","sticky":false,"template":"","format":"standard","meta":{"footnotes":""},"categories":[1889],"tags":[119,1111,11,2430,271,272,2757,1777,674,274,107,1011,27,2428,2756,12,25,2429],"class_list":{"0":"post-114723","1":"post","2":"type-post","3":"status-publish","4":"format-standard","5":"has-post-thumbnail","7":"category-lyon","8":"tag-accident","9":"tag-actu","10":"tag-actualites","11":"tag-auvergne-rhone-alpes","12":"tag-crime","13":"tag-delit-et-contravention","14":"tag-edition-lyon-villeurbanne","15":"tag-eu","16":"tag-europe","17":"tag-faits-divers-justice","18":"tag-fil-info","19":"tag-fr","20":"tag-france","21":"tag-lyon","22":"tag-lyon-bassin","23":"tag-news","24":"tag-republique-francaise","25":"tag-rhone"},"share_on_mastodon":{"url":"https:\/\/pubeurope.com\/@fr\/114541096030981840","error":""},"_links":{"self":[{"href":"https:\/\/www.europesays.com\/fr\/wp-json\/wp\/v2\/posts\/114723","targetHints":{"allow":["GET"]}}],"collection":[{"href":"https:\/\/www.europesays.com\/fr\/wp-json\/wp\/v2\/posts"}],"about":[{"href":"https:\/\/www.europesays.com\/fr\/wp-json\/wp\/v2\/types\/post"}],"author":[{"embeddable":true,"href":"https:\/\/www.europesays.com\/fr\/wp-json\/wp\/v2\/users\/2"}],"replies":[{"embeddable":true,"href":"https:\/\/www.europesays.com\/fr\/wp-json\/wp\/v2\/comments?post=114723"}],"version-history":[{"count":0,"href":"https:\/\/www.europesays.com\/fr\/wp-json\/wp\/v2\/posts\/114723\/revisions"}],"wp:featuredmedia":[{"embeddable":true,"href":"https:\/\/www.europesays.com\/fr\/wp-json\/wp\/v2\/media\/114724"}],"wp:attachment":[{"href":"https:\/\/www.europesays.com\/fr\/wp-json\/wp\/v2\/media?parent=114723"}],"wp:term":[{"taxonomy":"category","embeddable":true,"href":"https:\/\/www.europesays.com\/fr\/wp-json\/wp\/v2\/categories?post=114723"},{"taxonomy":"post_tag","embeddable":true,"href":"https:\/\/www.europesays.com\/fr\/wp-json\/wp\/v2\/tags?post=114723"}],"curies":[{"name":"wp","href":"https:\/\/api.w.org\/{rel}","templated":true}]}}