{"id":114727,"date":"2025-05-20T16:28:12","date_gmt":"2025-05-20T16:28:12","guid":{"rendered":"https:\/\/www.europesays.com\/fr\/114727\/"},"modified":"2025-05-20T16:28:12","modified_gmt":"2025-05-20T16:28:12","slug":"a-paris-les-chenilles-tisseuses-de-toiles-envahissent-un-parc-comme-dans-un-film-de-tim-burton","status":"publish","type":"post","link":"https:\/\/www.europesays.com\/fr\/114727\/","title":{"rendered":"\u00c0 Paris, les chenilles tisseuses de toiles envahissent un parc \u00ab\u00a0comme dans un film de Tim Burton\u00a0\u00bb"},"content":{"rendered":"<p class=\"paragraph text_align_left\">C\u2019est un spectacle rare et fascinant qui anime le <a href=\"https:\/\/www.leparisien.fr\/paris-75\/cest-un-fiasco-lecoquartier-martin-luther-king-doit-abandonner-sa-collecte-innovante-des-dechets-29-03-2024-NEBM64ELFREBZHDKZX62BYLEUQ.php\" target=\"_blank\" rel=\"noreferrer nofollow noopener\">parc Martin Luther-King<\/a>, au c\u0153ur du XVIIe arrondissement, depuis quelques semaines. Les troncs et branchages des arbres et arbustes semblent s\u2019animer, enti\u00e8rement recouverts d\u2019immenses toiles blanches filamenteuses, comme tiss\u00e9es par une arm\u00e9e invisible.<\/p>\n<p class=\"paragraph text_align_left\">En s\u2019approchant, les passants d\u00e9couvrent avec stupeur des milliers de petites chenilles voraces qui grouillent et des poches remplies de leurs cong\u00e9n\u00e8res mortes. Ces petites larves gris\u00e2tres tachet\u00e9es de noir s\u2019activent sans rel\u00e2che, d\u00e9vorant toutes les feuilles sur leur passage et tissant des nids massifs \u00e0 l\u2019aspect presque surnaturel. Un spectacle repoussant pour les badauds qui explique que, malgr\u00e9 la m\u00e9t\u00e9o favorable, une partie des pelouses reste d\u00e9serte.<\/p>\n<p class=\"paragraph text_align_left\">\u00ab Il y a une dizaine de jours, j\u2019avais d\u00e9j\u00e0 remarqu\u00e9 ces toiles blanches qui recouvraient une partie des arbres\u2026 Comme dans un film de <a href=\"https:\/\/www.leparisien.fr\/culture-loisirs\/cinema\/monica-bellucci-dans-beetlejuice-beetlejuice-tim-burton-est-irreverencieux-comme-un-enfant-rebelle-10-09-2024-KWMTKQAD3RH63FAQXMBDCXKGYU.php\" target=\"_blank\" rel=\"noreferrer nofollow noopener\">Tim Burton<\/a> ou dans la fameuse sc\u00e8ne des araign\u00e9es du <a href=\"https:\/\/www.leparisien.fr\/culture-loisirs\/livres\/le-seigneur-des-anneaux-harry-potter-le-trone-de-fer-aux-sources-du-succes-de-lheroic-fantasy-26-01-2024-633VHSP5G5ER5B7Y2JW25T5B6I.php\" target=\"_blank\" rel=\"noreferrer nofollow noopener\">Seigneur des Anneaux<\/a> \u00bb, illustre Fr\u00e9d\u00e9ric, 36 ans, habitant de la porte d\u2019Asni\u00e8res (XVIIe). Ce p\u00e8re de famille, qui fr\u00e9quente r\u00e9guli\u00e8rement le parc avec sa fille, a dress\u00e9 le m\u00eame constat ce mardi 20 mai en se rendant au travail.<\/p>\n<p class=\"paragraph text_align_left\">Il s\u2019agit en r\u00e9alit\u00e9 \u00ab de nids filamenteux et de larves d\u2019hyponomeute, un papillon de nuit visible l\u2019\u00e9t\u00e9 \u00bb, indique Jonathan Flandin, directeur de l\u2019Agence R\u00e9gionale de la biodiversit\u00e9. Cette invasion spectaculaire et soudaine s\u2019explique par le cycle naturel de ces insectes. Au printemps, les papillons hyponomeutes pondent leurs \u0153ufs sur les arbres, notamment les feuillus comme le peuplier ou l\u2019\u00e9rable. \u00c0 l\u2019\u00e9closion, les chenilles se nourrissent et tissent ces grandes toiles pour se prot\u00e9ger des pr\u00e9dateurs et des intemp\u00e9ries.<\/p>\n<p>\u00ab Il n\u2019y a rien \u00e0 craindre \u00bb<\/p>\n<p class=\"paragraph text_align_left\">Un ph\u00e9nom\u00e8ne si massif qu\u2019il a pu inqui\u00e9ter certains riverains. \u00ab Rien de grave ni de dangereux. C\u2019est impressionnant mais il n\u2019y a rien \u00e0 craindre \u00bb, tiens cependant \u00e0 rassurer Jonathan Flandin.<\/p>\n<blockquote class=\"twitter-tweet\">\n<p lang=\"fr\" dir=\"ltr\">\u26a0\ufe0f Vous \u00eates nombreux \u00e0 signaler les petites chenilles au parc Martin Luther King <a href=\"https:\/\/twitter.com\/hashtag\/Paris17?src=hash&amp;ref_src=twsrc%5Etfw\" rel=\"nofollow noopener\" target=\"_blank\">#Paris17<\/a><\/p>\n<p>\ud83d\udc1b Il s\u2019agit d\u2019hyponomeutes, inoffensives pour l\u2019homme et les v\u00e9g\u00e9taux.<\/p>\n<p>\u2705 Les \u00e9quipes des espaces verts veillent \u00e0 leur gestion. Un ph\u00e9nom\u00e8ne naturel, sans danger. <a href=\"https:\/\/t.co\/GfTQEGbajn\" rel=\"nofollow\">pic.twitter.com\/GfTQEGbajn<\/a><\/p>\n<p>\u2014 Mairie du 17e (@Mairie17) <a href=\"https:\/\/twitter.com\/Mairie17\/status\/1923361367244886150?ref_src=twsrc%5Etfw\" rel=\"nofollow noopener\" target=\"_blank\">May 16, 2025<\/a><\/p><\/blockquote>\n<p class=\"paragraph text_align_left\">La mairie du XVIIe arrondissement a publi\u00e9 un communiqu\u00e9 pour mettre un terme \u00e0 l\u2019angoisse collective : \u00ab Ces chenilles hyponomeutes ne sont ni dangereuses pour l\u2019homme, ni pour les v\u00e9g\u00e9taux. Elles font partie du cycle naturel et ne n\u00e9cessitent aucune intervention particuli\u00e8re \u00bb, indique-t-elle \u00e0 ses administr\u00e9s.<\/p>\n<p class=\"paragraph text_align_left\">Ces chenilles n\u2019ont rien \u00e0 voir avec les <a href=\"https:\/\/www.leparisien.fr\/societe\/sante\/les-chenilles-processionnaires-bientot-de-retour-les-symptomes-qui-doivent-alerter-19-02-2025-VZH4DRHD55E5ROVYVEEEICDBDI.php\" target=\"_blank\" rel=\"noreferrer nofollow noopener\">chenilles processionnaires<\/a>, elles bien plus redoutables pour l\u2019homme. Ces derni\u00e8res poss\u00e8dent des poils urticants pouvant provoquer allergies et r\u00e9actions s\u00e9v\u00e8res et peuvent m\u00eame provoquer la mort chez certains animaux comme les chiens. Inoffensives, les hyponomeutes sont n\u00e9anmoins responsables de la d\u00e9foliation massive des arbres qu\u2019elles envahissent.<\/p>\n<p><script async src=\"https:\/\/platform.twitter.com\/widgets.js\" charset=\"utf-8\"><\/script><\/p>\n","protected":false},"excerpt":{"rendered":"C\u2019est un spectacle rare et fascinant qui anime le parc Martin Luther-King, au c\u0153ur du XVIIe arrondissement, depuis&hellip;\n","protected":false},"author":2,"featured_media":114728,"comment_status":"","ping_status":"","sticky":false,"template":"","format":"standard","meta":{"footnotes":""},"categories":[1888],"tags":[1111,1928,11,1927,1777,674,1011,27,1944,12,1926,626,1925,25],"class_list":{"0":"post-114727","1":"post","2":"type-post","3":"status-publish","4":"format-standard","5":"has-post-thumbnail","7":"category-paris","8":"tag-actu","9":"tag-actu-paris","10":"tag-actualites","11":"tag-actualites-paris","12":"tag-eu","13":"tag-europe","14":"tag-fr","15":"tag-france","16":"tag-ma-ville","17":"tag-news","18":"tag-news-paris","19":"tag-paris","20":"tag-paris-news","21":"tag-republique-francaise"},"share_on_mastodon":{"url":"https:\/\/pubeurope.com\/@fr\/114541107848821313","error":""},"_links":{"self":[{"href":"https:\/\/www.europesays.com\/fr\/wp-json\/wp\/v2\/posts\/114727","targetHints":{"allow":["GET"]}}],"collection":[{"href":"https:\/\/www.europesays.com\/fr\/wp-json\/wp\/v2\/posts"}],"about":[{"href":"https:\/\/www.europesays.com\/fr\/wp-json\/wp\/v2\/types\/post"}],"author":[{"embeddable":true,"href":"https:\/\/www.europesays.com\/fr\/wp-json\/wp\/v2\/users\/2"}],"replies":[{"embeddable":true,"href":"https:\/\/www.europesays.com\/fr\/wp-json\/wp\/v2\/comments?post=114727"}],"version-history":[{"count":0,"href":"https:\/\/www.europesays.com\/fr\/wp-json\/wp\/v2\/posts\/114727\/revisions"}],"wp:featuredmedia":[{"embeddable":true,"href":"https:\/\/www.europesays.com\/fr\/wp-json\/wp\/v2\/media\/114728"}],"wp:attachment":[{"href":"https:\/\/www.europesays.com\/fr\/wp-json\/wp\/v2\/media?parent=114727"}],"wp:term":[{"taxonomy":"category","embeddable":true,"href":"https:\/\/www.europesays.com\/fr\/wp-json\/wp\/v2\/categories?post=114727"},{"taxonomy":"post_tag","embeddable":true,"href":"https:\/\/www.europesays.com\/fr\/wp-json\/wp\/v2\/tags?post=114727"}],"curies":[{"name":"wp","href":"https:\/\/api.w.org\/{rel}","templated":true}]}}