{"id":114730,"date":"2025-05-20T16:30:09","date_gmt":"2025-05-20T16:30:09","guid":{"rendered":"https:\/\/www.europesays.com\/fr\/114730\/"},"modified":"2025-05-20T16:30:09","modified_gmt":"2025-05-20T16:30:09","slug":"si-vous-voulez-monter-baissez-un-peu-vos-vetements-un-chauffeur-ratp-suspendu-apres-avoir-refuse-lacces-a-une-jeune-femme-en-jupe","status":"publish","type":"post","link":"https:\/\/www.europesays.com\/fr\/114730\/","title":{"rendered":"\u00ab\u00a0Si vous voulez monter, baissez un peu vos v\u00eatements\u00a0\u00bb\u00a0: un chauffeur RATP suspendu apr\u00e8s avoir refus\u00e9 l\u2019acc\u00e8s \u00e0 une jeune femme en jupe"},"content":{"rendered":"<p class=\"paragraph text_align_left\">\u00ab \u00c0 quelle heure en 2025, en France, tu ne m\u2019autorises pas \u00e0 monter dans un bus parce que ma jupe est trop courte ? \u00bb Dans une vid\u00e9o non dat\u00e9e, largement relay\u00e9e sur TikTok ces derniers jours, une jeune femme d\u00e9nonce le comportement sexiste d\u2019un chauffeur <a href=\"https:\/\/www.leparisien.fr\/info-paris-ile-de-france-oise\/transports\/ratp\/\" target=\"_blank\" rel=\"noreferrer nofollow noopener\">RATP<\/a>, qui lui a interdit de monter dans le bus en raison de sa tenue.<\/p>\n<p class=\"paragraph text_align_left\">Alors qu\u2019elle voulait monter dans un bus de la ligne 108, reliant Joinville-le-Pont \u00e0 Champigny-sur-Marne, dans le Val-de-Marne, <a href=\"https:\/\/www.leparisien.fr\/info-paris-ile-de-france-oise\/transports\/interdite-de-bus-a-cause-d-une-jupe-la-justice-devra-desormais-trancher-10-05-2019-8069637.php\" target=\"_blank\" rel=\"noreferrer nofollow noopener\">une jeune femme s\u2019est vue refuser l\u2019acc\u00e8s par le conducteur<\/a>. \u00ab Elle a fait quoi ? \u00bb demande une personne pr\u00e9sente. \u00ab Si vous voulez monter, baissez un peu vos v\u00eatements \u00bb, r\u00e9pond le conducteur \u00e0 la jeune femme, v\u00eatue d\u2019une mini-jupe, d\u2019un d\u00e9bardeur et un sweat \u00e0 capuche, avant de fermer les portes du bus et de red\u00e9marrer.<\/p>\n<p class=\"title-embed-dailymotion lp-color-text lp-f-subtitle-04\">Vid\u00e9oUn chauffeur suspendu apr\u00e8s des propos d\u00e9plac\u00e9s<\/p>\n<p class=\"paragraph text_align_left\">Face cam\u00e9ra, apr\u00e8s avoir \u00e9t\u00e9 laiss\u00e9e sur le trottoir, la jeune femme montre ensuite sa tenue. \u00ab C\u2019est court, mais j\u2019ai un short ! Et m\u00eame en fait (\u2026). T\u2019es un conducteur de bus, t\u2019es la police ? T\u2019es qui pour me dire Descends tes v\u00eatements ? Ferme ta\u2026 \u00bb, d\u00e9nonce-t-elle. \u00ab Je vais pour aller \u00e0 la salle [de sport], donc oui, je suis d\u00e9nud\u00e9e, je vais avoir chaud, je vais transpirer. (\u2026) Je rentre dans le bus comme je veux, on est en France, je m\u2019habille comme je veux \u00bb, s\u2019agace-t-elle.<\/p>\n<p>\u00ab Les hommes, je peux plus vous voir \u00bb<\/p>\n<p class=\"paragraph text_align_left\">\u00ab Depuis quand il est stipul\u00e9 qu\u2019on n\u2019a pas le droit de prendre le bus si on a une jupe courte et un d\u00e9collet\u00e9 ? Si j\u2019avais envie d\u2019aller avec une jupe ras-la-fouf, je le fais en fait, on est en France ! \u00bb poursuit la jeune femme, avant d\u2019ajouter : \u00ab J\u2018ai le droit de monter dans un bus quand bien m\u00eame ma jupe est courte et j\u2019ai un d\u00e9collet\u00e9. \u00bb<\/p>\n<p class=\"paragraph text_align_left\">Elle poursuit ensuite la vid\u00e9o assise dans une voiture. \u00ab \u00c0 quelle heure en 2025, en France, tu ne m\u2019autorises pas \u00e0 monter dans un bus parce que soi-disant ma jupe est trop courte ? \u00bb. Et la jeune femme de conclure : \u00ab Les hommes, je peux plus vous voir. \u00bb<\/p>\n<p>Le chauffeur sanctionn\u00e9<\/p>\n<p class=\"paragraph text_align_left\">Aupr\u00e8s du Parisien, et dans un message post\u00e9 sur X, la RATP a indiqu\u00e9 avoir \u00e9t\u00e9 \u00ab avis\u00e9e d\u2019une vid\u00e9o circulant sur TikTok \u00bb dans laquelle \u00ab un conducteur tient des propos inappropri\u00e9s vis-\u00e0-vis d\u2019une voyageuse \u00bb. La r\u00e9gie parisienne affirme avoir \u00ab contact\u00e9 directement la voyageuse par message priv\u00e9 \u00bb, lundi 19 mai.<\/p>\n<p class=\"paragraph text_align_left\">Une enqu\u00eate interne a \u00e9galement \u00e9t\u00e9 ouverte par la RATP \u00ab pour faire toute la lumi\u00e8re sur cette vid\u00e9o \u00bb, pr\u00e9cise la r\u00e9gie. Indiquant que le chauffeur a \u00e9t\u00e9 identifi\u00e9, la RATP pr\u00e9cise qu\u2019il \u00ab a \u00e9t\u00e9 imm\u00e9diatement retir\u00e9 de la conduite \u00bb et qu\u2019une proc\u00e9dure disciplinaire a \u00e9t\u00e9 engag\u00e9e \u00e0 son encontre.<\/p>\n<blockquote class=\"twitter-tweet\">\n<p lang=\"fr\" dir=\"ltr\">La RATP a \u00e9t\u00e9 avis\u00e9e d&rsquo;une vid\u00e9o circulant sur TikTok dans laquelle un conducteur tient des propos inappropri\u00e9s vis-\u00e0-vis d\u2019une voyageuse. D\u00e8s hier soir, la RATP a contact\u00e9 directement la voyageuse par message priv\u00e9 et a ouvert une enqu\u00eate interne pour faire toute la lumi\u00e8re sur\u2026<\/p>\n<p>\u2014 Service Client RATP\ud83d\udc4c (@ClientsRATP) <a href=\"https:\/\/twitter.com\/ClientsRATP\/status\/1924796322223186409?ref_src=twsrc%5Etfw\" rel=\"nofollow noopener\" target=\"_blank\">May 20, 2025<\/a><\/p><\/blockquote>\n<p class=\"paragraph text_align_left\">\u00ab Son comportement est contraire aux principes et valeurs de la RATP qui demande un comportement irr\u00e9prochable \u00e0 l\u2019ensemble de ses agents \u00bb, poursuit la r\u00e9gie.<\/p>\n<p class=\"paragraph text_align_left\">\u00ab Dans la mesure o\u00f9 il n\u2019existe pas de crit\u00e8res vestimentaires autorisant un chauffeur \u00e0 interdire \u00e0 un passager l\u2019acc\u00e8s \u00e0 son bus, l\u2019\u00e9viction que vous \u00e9voquez semble clairement irr\u00e9guli\u00e8re \u00bb, r\u00e9agit Arnaud Moinet, secr\u00e9taire du syndicat RATP la Base, pas surprit du tout que le machiniste en cause puisse faire l\u2019objet de sanctions. Les machinistes sont autoris\u00e9s \u00e0 refuser la prise en charge de passagers uniquement pour \u00ab raisons de s\u00e9curit\u00e9 \u00bb, rappelle-t-il.<\/p>\n<p>Des r\u00e8gles qui n\u2019\u00e9voquent pas la tenue<\/p>\n<p class=\"paragraph text_align_left\">Les r\u00e8gles du \u00ab savoir voyager \u00bb qui s\u2019imposent aux passagers des bus sont indiqu\u00e9es sur une fiche qui doit, normalement, \u00eatre appos\u00e9e dans toutes les v\u00e9hicules. Ce r\u00e8glement d\u00e9taille les bons comportements \u00e0 adopter dans les bus, l\u2019ordre des priorit\u00e9s pour acc\u00e9der aux places assises, les diverses interdictions (fumer, vapoter, vandaliser\u2026) en vigueur dans les transports publics ou encore la liste des objets dangereux ou volumineux proscrits dans les bus. Ce document ne mentionne en revanche aucun crit\u00e8re de \u00ab d\u00e9cence \u00bb de la tenue n\u00e9cessaire pour monter dans un bus.<\/p>\n<p class=\"paragraph text_align_left\">En mai 2019, une histoire similaire avait d\u00e9j\u00e0 impliqu\u00e9 une voyageuse et un conducteur de la RATP. <a href=\"https:\/\/www.leparisien.fr\/info-paris-ile-de-france-oise\/transports\/interdite-de-bus-a-cause-de-sa-jupe-la-ratp-ouvre-une-procedure-disciplinaire-05-05-2019-8065971.php\" target=\"_blank\" rel=\"noreferrer nofollow noopener\">Ce dernier lui avait refus\u00e9 l\u2019acc\u00e8s en raison de sa jupe<\/a>. \u00ab Tu n\u2019as qu\u2019\u00e0 bien t\u2019habiller \u00bb, lui avait-il lanc\u00e9, selon le p\u00e8re de la jeune femme. La r\u00e9gie parisienne avait ouvert une proc\u00e9dure disciplinaire \u00e0 l\u2019encontre du conducteur de bus.<\/p>\n<p><script async src=\"https:\/\/platform.twitter.com\/widgets.js\" charset=\"utf-8\"><\/script><\/p>\n","protected":false},"excerpt":{"rendered":"\u00ab \u00c0 quelle heure en 2025, en France, tu ne m\u2019autorises pas \u00e0 monter dans un bus parce&hellip;\n","protected":false},"author":2,"featured_media":114731,"comment_status":"","ping_status":"","sticky":false,"template":"","format":"standard","meta":{"footnotes":""},"categories":[1888],"tags":[11,1777,674,1011,27,1944,12,626,25,104,2382],"class_list":{"0":"post-114730","1":"post","2":"type-post","3":"status-publish","4":"format-standard","5":"has-post-thumbnail","7":"category-paris","8":"tag-actualites","9":"tag-eu","10":"tag-europe","11":"tag-fr","12":"tag-france","13":"tag-ma-ville","14":"tag-news","15":"tag-paris","16":"tag-republique-francaise","17":"tag-societe","18":"tag-transport-idf-oise"},"share_on_mastodon":{"url":"https:\/\/pubeurope.com\/@fr\/114541115701849105","error":""},"_links":{"self":[{"href":"https:\/\/www.europesays.com\/fr\/wp-json\/wp\/v2\/posts\/114730","targetHints":{"allow":["GET"]}}],"collection":[{"href":"https:\/\/www.europesays.com\/fr\/wp-json\/wp\/v2\/posts"}],"about":[{"href":"https:\/\/www.europesays.com\/fr\/wp-json\/wp\/v2\/types\/post"}],"author":[{"embeddable":true,"href":"https:\/\/www.europesays.com\/fr\/wp-json\/wp\/v2\/users\/2"}],"replies":[{"embeddable":true,"href":"https:\/\/www.europesays.com\/fr\/wp-json\/wp\/v2\/comments?post=114730"}],"version-history":[{"count":0,"href":"https:\/\/www.europesays.com\/fr\/wp-json\/wp\/v2\/posts\/114730\/revisions"}],"wp:featuredmedia":[{"embeddable":true,"href":"https:\/\/www.europesays.com\/fr\/wp-json\/wp\/v2\/media\/114731"}],"wp:attachment":[{"href":"https:\/\/www.europesays.com\/fr\/wp-json\/wp\/v2\/media?parent=114730"}],"wp:term":[{"taxonomy":"category","embeddable":true,"href":"https:\/\/www.europesays.com\/fr\/wp-json\/wp\/v2\/categories?post=114730"},{"taxonomy":"post_tag","embeddable":true,"href":"https:\/\/www.europesays.com\/fr\/wp-json\/wp\/v2\/tags?post=114730"}],"curies":[{"name":"wp","href":"https:\/\/api.w.org\/{rel}","templated":true}]}}