{"id":1147341,"date":"2026-08-25T04:50:23","date_gmt":"2026-08-25T04:50:23","guid":{"rendered":"https:\/\/www.europesays.com\/fr\/1147341\/"},"modified":"2026-08-25T04:50:23","modified_gmt":"2026-08-25T04:50:23","slug":"louane-ouvre-les-portes-de-sa-maison-tres-moderne-a-marseille-ou-elle-sisole-avec-son-mari-florian-rossi-et-leur-fille-esmee","status":"publish","type":"post","link":"https:\/\/www.europesays.com\/fr\/1147341\/","title":{"rendered":"Louane ouvre les portes de sa maison \u00ab\u00a0tr\u00e8s moderne\u00a0\u00bb \u00e0 Marseille o\u00f9 elle s\u2019isole avec son mari Florian Rossi et leur fille Esm\u00e9e"},"content":{"rendered":"<p>L\u2019ann\u00e9e 2026 s\u2019annonce charg\u00e9e pour Louane. En effet, la<br \/>\nchanteuse de 29 ans, <a href=\"https:\/\/www.mariefrance.fr\/news-people\/apres-deception-leurovision-2025-louane-annonce-merveilleuse-nouvelle-avec-florian-rossi-quelques-mois-1166334.html\" rel=\"nofollow noopener\" target=\"_blank\"><br \/>\nqui vient de dire \u00ab\u00a0Oui\u00a0\u00bb \u00e0 Florian Rossi<\/a>, et qu&rsquo;elle a d\u00e9voil\u00e9<br \/>\nson sixi\u00e8me album \u00ab\u00a0Conduire\u00a0\u00bb.<\/p>\n<p>Pour l\u2019heure, aucune date de sortie n\u2019a \u00e9t\u00e9 d\u00e9voil\u00e9e. Mais le<br \/>\nfaux permis de conduire, publi\u00e9 sur son compte Instagram \u00e0<br \/>\nl&rsquo;occasion de la sortie de Conduire, le premier single de<br \/>\ncet opus, laisse entrevoir la date du <strong>27 novembre<br \/>\nprochain<\/strong>. \u00ab\u00a0Vous me connaissez maintenant, c&rsquo;est<br \/>\ntoujours assez deep. Mais ce ne sont que des sujets que je n&rsquo;ai pas<br \/>\nencore abord\u00e9s\u00a0\u00bb, a-t-elle confi\u00e9 \u00e0 NRJ, avant d\u2019ajouter :<br \/>\n\u00ab\u00a0C\u2019est un album qui est tr\u00e8s vuln\u00e9rable et du coup c\u2019est un<br \/>\n&lsquo;Watch out&rsquo; qui veut dire &lsquo;fais attention&rsquo;, avec de la douceur,<br \/>\navec de l\u2019attention.\u00a0\u00bb<\/p>\n<p>Le refuge marseillais de Louane<\/p>\n<p>Avant de se lancer dans une tourn\u00e9e promotionnelle, Louane va<br \/>\navoir besoin de prendre des forces. \u00c7a tombe bien puisqu&rsquo;elle a<br \/>\ntout l\u2019\u00e9t\u00e9 pour d\u00e9compresser loin de la fr\u00e9n\u00e9sie parisienne, \u00e0<br \/>\nMarseille, o\u00f9 elle poss\u00e8de <strong>une maison \u00e0 l\u2019\u00e9cart du<br \/>\ncentre-ville<\/strong>.<\/p>\n<p>Le reste de l\u2019ann\u00e9e, c\u2019est surtout le week-end que <a href=\"https:\/\/www.mariefrance.fr\/news-people\/louane-devastee-apres-prestation-eurovision-fille-esmee-reconforte-beaucoup-pleure-1167607.html\" rel=\"nofollow noopener\" target=\"_blank\"><br \/>\nla maman d\u2019Esm\u00e9e<\/a> descend dans <strong>le sud de la<br \/>\nFrance<\/strong>. \u00ab\u00a0J\u2019aime beaucoup que le samedi et le dimanche<br \/>\nsoient des jours hors du temps, pour flemmarder,<br \/>\nd\u00e9compresser\u00a0\u00bb, confiait-elle au Parisien Week-End<br \/>\nl\u2019ann\u00e9e derni\u00e8re. \u00ab\u00a0Il m&rsquo;arrive de sauter dans un train<br \/>\ndirection Marseille, pour un week-end, voire une journ\u00e9e ! Beaucoup<br \/>\nd&rsquo;amis, ainsi que l&rsquo;\u00e9quipe qui g\u00e8re mon management, sont install\u00e9s<br \/>\nl\u00e0-bas.\u00a0\u00bb<\/p>\n<p><img loading=\"lazy\" decoding=\"async\" aria-describedby=\"caption-attachment-1166335\" itemprop=\"thumbnailUrl\" class=\"size-full wp-image-1166335 img-responsive\" src=\"https:\/\/www.europesays.com\/fr\/wp-content\/uploads\/2026\/08\/copie-de-sans-titre-23.jpg\" alt=\"Louane et Florian Rossi\" width=\"1280\" height=\"720\"\/><br \/>\n\u00a9 Genin<br \/>\nNicolas\/ABACA\/Shutterstock<\/p>\n<p id=\"caption-attachment-1166335\" class=\"wp-caption-text\">Louane<br \/>\ns\u2019appr\u00eate \u00e0 dire \u00ab\u00a0oui\u00a0\u00bb \u00e0 Florian Rossi.<\/p>\n<p>Une maison \u00ab\u00a0tr\u00e8s moderne, entour\u00e9e d\u2019une abondante<br \/>\nv\u00e9g\u00e9tation qui l\u2019isole de la ville\u00a0\u00bb<\/p>\n<p><a href=\"https:\/\/www.mariefrance.fr\/news-people\/louane-sans-tabou-origines-fans-ignorent-sens-tres-francaise-mais-1166734.html\" rel=\"nofollow noopener\" target=\"_blank\"><br \/>\nL\u2019enfant du Nord<\/a> a trouv\u00e9 un refuge \u00e0 son image,<br \/>\n<strong>simple, contemporain et chaleureux<\/strong>. Sa maison est<br \/>\n\u00ab\u00a0tr\u00e8s moderne, entour\u00e9e d\u2019une abondante v\u00e9g\u00e9tation qui l\u2019isole<br \/>\nde la ville\u00a0\u00bb, peut-on lire dans les colonnes de<br \/>\nl\u2019hebdomadaire.<\/p>\n<p>Le d\u00e9cor de cet havre de paix n\u2019est pas sans rappeler celui de<br \/>\n<strong>sa r\u00e9sidence parisienne<\/strong>. Situ\u00e9 \u00e0 Montmartre, non<br \/>\nloin du Sacr\u00e9-C\u0153ur, cet appartement lumineux m\u00eale parquet ancien et<br \/>\nverri\u00e8re atelier, un \u00ab\u00a0v\u00e9ritable \u00e9crin de charme \u00e0 l\u2019image de sa<br \/>\npersonnalit\u00e9 douce et solaire\u00a0\u00bb, souligne <a href=\"https:\/\/www.lejournaldelamaison.fr\/le-journal-de-la-maison\/reportages-maisons\/maisons-reportages-maisons\/louane-sa-maison-a-marseille-tres-moderne-entouree-dune-abondante-vegetation-ou-elle-aime-passer-du-temps-avec-florian-rossi-et-leur-fille-511642.html\" target=\"_blank\" rel=\"noopener nofollow\">Le Journal de la<br \/>\nmaison<\/a>.<\/p>\n<p><img loading=\"lazy\" decoding=\"async\" aria-describedby=\"caption-attachment-924861\" class=\"size-full wp-image-924861 img-responsive\" src=\"https:\/\/www.europesays.com\/fr\/wp-content\/uploads\/2026\/08\/design-sans-titre-1-3.jpg\" alt=\"Louane\" width=\"1200\" height=\"630\"\/> \u00a9<br \/>\nInstagram\/@watchoutforthetornado<\/p>\n<p id=\"caption-attachment-924861\" class=\"wp-caption-text\">Louane a<br \/>\ntrouv\u00e9 un refuge \u00e0 son image, \u00e0 la fois simple, contemporain et<br \/>\nchaleureux. Sa maison, tr\u00e8s moderne, est entour\u00e9e d\u2019une v\u00e9g\u00e9tation<br \/>\nabondante qui la prot\u00e8ge de l\u2019agitation de la ville.<\/p>\n<p>L&rsquo;appartement parisien de Louane<\/p>\n<p>Si Louane a choisi de s\u2019installer \u00e0 Montmartre, <strong>quartier<br \/>\nle plus boh\u00e8me de la capitale<\/strong>, ce n\u2019est pas un hasard.<br \/>\n\u00ab\u00a0Je me suis souvenue que, petite, mon p\u00e8re m\u2019avait emmen\u00e9e sur<br \/>\nla place du Tertre, et qu\u2019il m\u2019avait dit que s\u2019il venait vivre \u00e0<br \/>\nParis, c\u2019est ici qu\u2019il habiterait. Cela m\u2019a marqu\u00e9e, je me suis dit<br \/>\nque je me sentirais probablement bien. Et j\u2019ai eu raison\u00a0\u00bb,<br \/>\na-t-elle pu confier au magazine Grazia.<\/p>\n<blockquote class=\"tiktok-embed\" cite=\"https:\/\/www.tiktok.com\/@watchoutforthetornado\/video\/7385316751937932577\" data-video-id=\"7385316751937932577\" style=\"max-width: 605px;min-width: 325px;\"><p>\n<a target=\"_blank\" href=\"https:\/\/www.tiktok.com\/@watchoutforthetornado\/video\/7385316751937932577\" rel=\"nofollow noopener\"><br \/>\n<img decoding=\"async\" src=\"https:\/\/www.tiktok.com\/img\/logo.png\" alt=\"TikTok Logo\"\/><\/a>\n<\/p><\/blockquote>\n<p>Chez Louane, la d\u00e9coration fait la part belle au noir et au<br \/>\nbeige. \u00ab\u00a0Une mezzanine am\u00e9nag\u00e9e en bureau surplombe son salon<br \/>\nlumineux, o\u00f9 la chanteuse affiche son go\u00fbt pour la d\u00e9co : miroir<br \/>\nondul\u00e9, table basse aux formes organiques, bois, touches<br \/>\ndor\u00e9es\u2026\u00a0\u00bb, souligne Le Journal de la maison. Pour<br \/>\ncr\u00e9er cet environnement qui lui ressemble, l\u2019artiste a fait appel<br \/>\naux talents de <strong>l&rsquo;architecte d&rsquo;int\u00e9rieur Eug\u00e9nie<br \/>\nRapin<\/strong>. Cette derni\u00e8re a imagin\u00e9 pour elle plusieurs<br \/>\ncr\u00e9ations sur mesure, \u00ab\u00a0dont une superbe t\u00eate de lit en bois,<br \/>\npi\u00e8ce ma\u00eetresse de la chambre d\u2019amis qui fait aussi office de<br \/>\ndressing\u00a0\u00bb.<\/p>\n<p><script async src=\"\/\/www.tiktok.com\/embed.js\"><\/script><\/p>\n","protected":false},"excerpt":{"rendered":"L\u2019ann\u00e9e 2026 s\u2019annonce charg\u00e9e pour Louane. En effet, la chanteuse de 29 ans, qui vient de dire \u00ab\u00a0Oui\u00a0\u00bb&hellip;\n","protected":false},"author":2,"featured_media":1147342,"comment_status":"","ping_status":"","sticky":false,"template":"","format":"standard","meta":{"footnotes":"","_share_on_mastodon":"0"},"categories":[1355],"tags":[58,59,1011,27,1361,873,6055],"class_list":["post-1147341","post","type-post","status-publish","format-standard","has-post-thumbnail","category-musique","tag-divertissement","tag-entertainment","tag-fr","tag-france","tag-music","tag-musique","tag-republishing"],"share_on_mastodon":{"url":"https:\/\/pubeurope.com\/@fr\/117154351589906426","error":""},"_links":{"self":[{"href":"https:\/\/www.europesays.com\/fr\/wp-json\/wp\/v2\/posts\/1147341","targetHints":{"allow":["GET"]}}],"collection":[{"href":"https:\/\/www.europesays.com\/fr\/wp-json\/wp\/v2\/posts"}],"about":[{"href":"https:\/\/www.europesays.com\/fr\/wp-json\/wp\/v2\/types\/post"}],"author":[{"embeddable":true,"href":"https:\/\/www.europesays.com\/fr\/wp-json\/wp\/v2\/users\/2"}],"replies":[{"embeddable":true,"href":"https:\/\/www.europesays.com\/fr\/wp-json\/wp\/v2\/comments?post=1147341"}],"version-history":[{"count":0,"href":"https:\/\/www.europesays.com\/fr\/wp-json\/wp\/v2\/posts\/1147341\/revisions"}],"wp:featuredmedia":[{"embeddable":true,"href":"https:\/\/www.europesays.com\/fr\/wp-json\/wp\/v2\/media\/1147342"}],"wp:attachment":[{"href":"https:\/\/www.europesays.com\/fr\/wp-json\/wp\/v2\/media?parent=1147341"}],"wp:term":[{"taxonomy":"category","embeddable":true,"href":"https:\/\/www.europesays.com\/fr\/wp-json\/wp\/v2\/categories?post=1147341"},{"taxonomy":"post_tag","embeddable":true,"href":"https:\/\/www.europesays.com\/fr\/wp-json\/wp\/v2\/tags?post=1147341"}],"curies":[{"name":"wp","href":"https:\/\/api.w.org\/{rel}","templated":true}]}}