{"id":114744,"date":"2025-05-20T16:37:13","date_gmt":"2025-05-20T16:37:13","guid":{"rendered":"https:\/\/www.europesays.com\/fr\/114744\/"},"modified":"2025-05-20T16:37:13","modified_gmt":"2025-05-20T16:37:13","slug":"on-est-leurope-des-territoires","status":"publish","type":"post","link":"https:\/\/www.europesays.com\/fr\/114744\/","title":{"rendered":"On est l\u2019Europe des territoires"},"content":{"rendered":"<p>Bruxelles. Mercredi 14\u00a0mai 2025. 17\u00a0h\u00a045 au Parlement europ\u00e9en. Isabelle Boudineau, \u00e9lue du conseil r\u00e9gional de Nouvelle-Aquitaine, s\u2019installe \u00e0 la tribune du Comit\u00e9 europ\u00e9en des r\u00e9gions devant les 329 membres. Depuis le matin, la pression monte doucement. L\u2019\u00e9lue de Gironde, <a target=\"_self\" href=\"https:\/\/www.lanouvellerepublique.fr\/deux-sevres\/a-bruxelles-le-bureau-de-representation-de-la-nouvelle-aquitaine-fait-son-jeu-d-influence-1747416502\" rel=\"noopener\">c<\/a><a target=\"_self\" href=\"https:\/\/www.lanouvellerepublique.fr\/deux-sevres\/a-bruxelles-le-bureau-de-representation-de-la-nouvelle-aquitaine-fait-son-jeu-d-influence-1747416502\" rel=\"noopener\">onseill\u00e8re d\u00e9l\u00e9gu\u00e9e \u00e0 l\u2019Europe et aux coop\u00e9rations europ\u00e9ennes<\/a>, est rapporteure d\u2019un avis sur \u00ab\u00a0la politique de coh\u00e9sion comme moteur essentiel de la r\u00e9alisation des r\u00e9formes de l\u2019Union europ\u00e9enne\u00a0\u00bb.<\/p>\n<p>\u00c7a en jette\u00a0! D\u2019autant plus quand on apprend que cet avis a \u00e9t\u00e9 demand\u00e9 par la pr\u00e9sidence polonaise\u2026 Une semaine plus tard, soit ce mercredi 21\u00a0mai 2025, Isabelle Boudineau sera \u00e0 Varsovie pour revenir sur cet avis, vot\u00e9 \u00e0 l\u2019unanimit\u00e9 et sous les applaudissements de l\u2019assistance. Il para\u00eet que c\u2019est rare \u00e0 Bruxelles. L\u2019\u00e9lue r\u00e9gionale a savour\u00e9 le moment. Un travail de longue haleine men\u00e9 pendant plusieurs mois. Seulement, vingt jours pour r\u00e9diger l\u2019avis. Cinq minutes pour le pr\u00e9senter \u00e0 la tribune.<\/p>\n<p>\u00ab\u00a0L\u2019enjeu du Comit\u00e9 europ\u00e9en des r\u00e9gions, c\u2019est de penser les r\u00e9formes \u00e0 partir du terrain\u00a0\u00bb<\/p>\n<p>Le Comit\u00e9 europ\u00e9en des r\u00e9gions, selon le pr\u00e9sident du conseil r\u00e9gional n\u00e9o-aquitain Alain Rousset, \u00ab\u00a0c\u2019est l\u2019\u00e9quivalent du S\u00e9nat, soit un contact pour que les messages des territoires puissent passer \u00e0 Bruxelles\u00a0\u00bb. Isabelle Boudineau ne dit pas mieux\u00a0: \u00ab\u00a0Ici, on est l\u2019Europe des territoires.\u00a0\u00bb C\u2019est bien cela qui \u00e9tonne et d\u00e9tone en \u00e9coutant la pl\u00e9ni\u00e8re de cette session du Comit\u00e9 europ\u00e9en des r\u00e9gions, mercredi\u00a014 et jeudi 15\u00a0mai 2025\u2026 On y parle territoire, logement, transport, d\u00e9sertification des campagnes, sentiment d\u2019abandon des zones rurales\u2026 Comme si les probl\u00e9matiques \u00e9taient les m\u00eames, un peu partout en Europe.<\/p>\n<p>\u00a0<\/p>\n<p>\u00ab\u00a0Il y a bien plus de territoires ruraux que de m\u00e9galopoles au sein de l\u2019Europe, c\u2019est aussi pour \u00e7a qu\u2019on se comprend et que cette Union europ\u00e9enne a du sens, argumente Isabelle Boudineau. L\u2019enjeu du Comit\u00e9 europ\u00e9en des r\u00e9gions, c\u2019est de penser les r\u00e9formes \u00e0 partir du terrain et c\u2019est l\u00e0 que c\u2019est passionnant.\u00a0\u00bb L\u2019\u00e9lue r\u00e9gionale s\u2019insurge contre l\u2019id\u00e9e que certains peuvent avoir de Bruxelles\u00a0: \u00ab\u00a0Ce n\u2019est pas ce truc, l\u00e0-bas au loin, qui d\u00e9cide et qui ruisselle sur nos territoires. C\u2019est vraiment un \u00e9change au quotidien.\u00a0\u00bb<\/p>\n<p>Cinquante avis adopt\u00e9s chaque ann\u00e9e<\/p>\n<p>Elle qui a un pied \u00e0 Bruxelles, un en Nouvelle-Aquitaine, le sait plus que toute autre\u00a0: \u00ab\u00a0Quand on arrive avec une coalition de plusieurs pays pour dire, sur ce sujet, on pense que le comit\u00e9 doit rendre un avis et prendre part au d\u00e9bat, on est \u00e9cout\u00e9.\u00a0\u00bb Au Comit\u00e9 europ\u00e9en des r\u00e9gions, ce sont plus de cinquante avis qui sont adopt\u00e9s chaque ann\u00e9e. Si on pouvait r\u00e9sumer\u00a0? \u00ab\u00a0Un vrai outil de lobbying et un relais des positions r\u00e9gionales.\u00a0\u00bb<\/p>\n<p>La maire d\u2019Anch\u00e9, l\u2019une des 329 membres<\/p>\n<p>Le Comit\u00e9 europ\u00e9en des r\u00e9gions (CdR) est un organe consultatif de l\u2019UE compos\u00e9 de repr\u00e9sentants \u00e9lus au niveau local et r\u00e9gional provenant des 27 \u00c9tats membres. On y trouve, par exemple, le maire de Rome ou celui de Barcelone. Les membres de la d\u00e9l\u00e9gation fran\u00e7aise sont d\u00e9sign\u00e9s par l\u2019Association des maires de France, des D\u00e9partements de France et des R\u00e9gions de France. Vingt-quatre membres constituent cette d\u00e9l\u00e9gation dont\u2026 Martine Mousserion, la maire d\u2019Anch\u00e9 dans la Vienne\u2026 350 habitants. \u00ab\u00a0J\u2019ai \u00e9t\u00e9 nomm\u00e9e suppl\u00e9ante par David Lisnard en d\u00e9cembre\u00a02021\u00a0\u00bb, confie Martine Mousserion. Son atout\u00a0? \u00ab\u00a0\u00catre la maire d\u2019une petite commune en zone rurale et parler anglais\u00a0!\u00a0\u00bb Pour elle, l\u2019importance de cette pr\u00e9sence, \u00ab\u00a0c\u2019est de remonter aupr\u00e8s des maires de France, les bonnes pratiques de toute l\u2019Europe\u00a0\u00bb.<\/p>\n","protected":false},"excerpt":{"rendered":"Bruxelles. Mercredi 14\u00a0mai 2025. 17\u00a0h\u00a045 au Parlement europ\u00e9en. Isabelle Boudineau, \u00e9lue du conseil r\u00e9gional de Nouvelle-Aquitaine, s\u2019installe \u00e0&hellip;\n","protected":false},"author":2,"featured_media":114745,"comment_status":"","ping_status":"","sticky":false,"template":"","format":"standard","meta":{"footnotes":""},"categories":[1586],"tags":[1392,11,23492,2327,2545,1777,674,1011,27,12,316,25,1584],"class_list":{"0":"post-114744","1":"post","2":"type-post","3":"status-publish","4":"format-standard","5":"has-post-thumbnail","7":"category-europe","8":"tag-a-la-une-local","9":"tag-actualites","10":"tag-alain-rousset","11":"tag-conseil-regional","12":"tag-deux-sevres","13":"tag-eu","14":"tag-europe","15":"tag-fr","16":"tag-france","17":"tag-news","18":"tag-politique","19":"tag-republique-francaise","20":"tag-vienne"},"share_on_mastodon":{"url":"https:\/\/pubeurope.com\/@fr\/114541143242493470","error":""},"_links":{"self":[{"href":"https:\/\/www.europesays.com\/fr\/wp-json\/wp\/v2\/posts\/114744","targetHints":{"allow":["GET"]}}],"collection":[{"href":"https:\/\/www.europesays.com\/fr\/wp-json\/wp\/v2\/posts"}],"about":[{"href":"https:\/\/www.europesays.com\/fr\/wp-json\/wp\/v2\/types\/post"}],"author":[{"embeddable":true,"href":"https:\/\/www.europesays.com\/fr\/wp-json\/wp\/v2\/users\/2"}],"replies":[{"embeddable":true,"href":"https:\/\/www.europesays.com\/fr\/wp-json\/wp\/v2\/comments?post=114744"}],"version-history":[{"count":0,"href":"https:\/\/www.europesays.com\/fr\/wp-json\/wp\/v2\/posts\/114744\/revisions"}],"wp:featuredmedia":[{"embeddable":true,"href":"https:\/\/www.europesays.com\/fr\/wp-json\/wp\/v2\/media\/114745"}],"wp:attachment":[{"href":"https:\/\/www.europesays.com\/fr\/wp-json\/wp\/v2\/media?parent=114744"}],"wp:term":[{"taxonomy":"category","embeddable":true,"href":"https:\/\/www.europesays.com\/fr\/wp-json\/wp\/v2\/categories?post=114744"},{"taxonomy":"post_tag","embeddable":true,"href":"https:\/\/www.europesays.com\/fr\/wp-json\/wp\/v2\/tags?post=114744"}],"curies":[{"name":"wp","href":"https:\/\/api.w.org\/{rel}","templated":true}]}}