{"id":1147480,"date":"2026-08-25T06:22:14","date_gmt":"2026-08-25T06:22:14","guid":{"rendered":"https:\/\/www.europesays.com\/fr\/1147480\/"},"modified":"2026-08-25T06:22:14","modified_gmt":"2026-08-25T06:22:14","slug":"meteo-quel-temps-est-il-prevu-a-vandoeuvre-les-nancy-et-ses-environs-le-mardi-25-aout-2026","status":"publish","type":"post","link":"https:\/\/www.europesays.com\/fr\/1147480\/","title":{"rendered":"M\u00e9t\u00e9o. Quel temps est-il pr\u00e9vu \u00e0 Vand\u0153uvre-l\u00e8s-Nancy et ses environs le mardi 25 ao\u00fbt 2026 ?"},"content":{"rendered":"<p data-ofstats-scroll=\"read_depth_20\">En d\u00e9but de matin\u00e9e, la bruine sera bien pr\u00e9sente avec une temp\u00e9rature proche de 14 \u00b0C. Progressivement, elle faiblira pour laisser place \u00e0 un ciel enti\u00e8rement couvert vers le milieu de matin\u00e9e, alors que le thermom\u00e8tre grimpera jusqu\u2019\u00e0 16 \u00b0C avant de redescendre l\u00e9g\u00e8rement. Le vent, d\u2019abord orient\u00e9 \u00e0 l\u2019Est, basculera vers l\u2019Est-Sud-Est puis le Sud-Est, restant faible autour de 5 km\/h avec des rafales atteignant 15 km\/h. L\u2019humidit\u00e9 restera \u00e9lev\u00e9e et installera une ambiance humide pour la suite de la journ\u00e9e.<\/p>\n<p data-ofstats-scroll=\"read_depth_30\">L\u2019apr\u00e8s-midi sera domin\u00e9 par un ciel charg\u00e9, dans le prolongement d\u2019une matin\u00e9e d\u00e9j\u00e0 bien couverte, avec une bruine mod\u00e9r\u00e9e en d\u00e9but de p\u00e9riode qui laissera place \u00e0 un couvert persistant. Les temp\u00e9ratures progresseront de 16 \u00b0C \u00e0 midi \u00e0 20 \u00b0C en fin d\u2019apr\u00e8s-midi. Le vent restera faible, passant du Sud-Est au Nord-Est puis \u00e0 l\u2019Est-Nord-Est, autour de 5 km\/h, avec des rafales variant entre 10 et 15 km\/h. En fin d\u2019apr\u00e8s-midi, la n\u00e9bulosit\u00e9 se r\u00e9duira nettement et des pluies faibles appara\u00eetront, tandis que l\u2019air demeurera tr\u00e8s humide.<\/p>\n<p data-ofstats-scroll=\"read_depth_50\">En soir\u00e9e, dans le prolongement de cet apr\u00e8s-midi tr\u00e8s humide, la temp\u00e9rature restera stable autour de 19 \u00b0C avant de d\u00e9cro\u00eetre vers 17 \u00b0C en fin de tranche horaire. Le vent, d\u2019abord orient\u00e9 au Nord-Est puis \u00e0 l\u2019Est-Nord-Est et enfin \u00e0 l\u2019Est, se maintiendra \u00e0 10 km\/h, ne faiblissant \u00e0 5 km\/h qu\u2019en fin de soir\u00e9e, avec des rafales oscillant entre 10 et 20 km\/h. La n\u00e9bulosit\u00e9 \u00e9voluera d\u2019un ciel tr\u00e8s charg\u00e9 \u00e0 des passages plus d\u00e9gag\u00e9s, puis redeviendra dense, tandis que l\u2019humidit\u00e9 restera \u00e9lev\u00e9e tout au long de la p\u00e9riode.<\/p>\n<p data-ofstats-scroll=\"read_depth_70\">Dans la nuit du mardi 25 au mercredi 26 ao\u00fbt 2026, dans le prolongement d\u2019une soir\u00e9e encore tr\u00e8s nuageuse, la temp\u00e9rature oscillera entre 17 \u00b0C et 18 \u00b0C, avec une l\u00e9g\u00e8re hausse en milieu de nuit avant de revenir \u00e0 17 \u00b0C vers l\u2019aube. Le vent restera faible, entre 0 et 5 km\/h, avec quelques rafales atteignant 10 km\/h, passant du Sud-Est et du Sud-Sud-Est \u00e0 l\u2019Est-Nord-Est, puis au Sud en fin de nuit. Le ciel demeurera tr\u00e8s charg\u00e9, avec une courte phase simplement tr\u00e8s nuageuse vers 3 h, tandis que l\u2019humidit\u00e9 restera forte et stable.<\/p>\n<p data-ofstats-scroll=\"read_depth_90\">Demain, apr\u00e8s cette nuit lourde et nuageuse, les temp\u00e9ratures progresseront nettement, passant d\u2019une fra\u00eecheur matinale autour de 17 \u00b0C \u00e0 environ 27 \u00b0C en fin d\u2019apr\u00e8s-midi. Le vent restera faible le matin, autour de 5 km\/h, avant de se renforcer vers 10 km\/h en fin de matin\u00e9e, avec des rafales pouvant atteindre 20 km\/h l\u2019apr\u00e8s-midi et 15 km\/h en soir\u00e9e. La direction \u00e9voluera du Sud vers le Sud-Ouest puis le Sud-Sud-Est. Le ciel, d\u2019abord couvert, deviendra nuageux, puis tr\u00e8s nuageux avec un voile de nuages \u00e9lev\u00e9s, tandis que l\u2019humidit\u00e9 reculera au fil des heures.<\/p>\n<p data-ofstats-scroll=\"read_depth_90\"><a href=\"https:\/\/www.ouest-france.fr\/meteo\/grand-est\/vandoeuvre-les-nancy-54500\/\" rel=\"nofollow noopener\" target=\"_blank\">Suivez la m\u00e9t\u00e9o de votre commune en temps r\u00e9el<\/a><\/p>\n<p data-ofstats-scroll=\"read_depth_100\">Ouest-France vous donne \u00e9galement la possibilit\u00e9 de conna\u00eetre la m\u00e9t\u00e9o de votre commune, heure par heure, sur notre page m\u00e9t\u00e9o d\u00e9di\u00e9e<\/p>\n","protected":false},"excerpt":{"rendered":"En d\u00e9but de matin\u00e9e, la bruine sera bien pr\u00e9sente avec une temp\u00e9rature proche de 14 \u00b0C. Progressivement, elle&hellip;\n","protected":false},"author":2,"featured_media":1147481,"comment_status":"","ping_status":"","sticky":false,"template":"","format":"standard","meta":{"footnotes":"","_share_on_mastodon":"0"},"categories":[9635],"tags":[1111,11,11734,1777,674,1011,27,775,1702,9847,12,25,24495,5711],"class_list":["post-1147480","post","type-post","status-publish","format-standard","has-post-thumbnail","category-nancy","tag-actu","tag-actualites","tag-bois-de-haye","tag-eu","tag-europe","tag-fr","tag-france","tag-grand-est","tag-nancy","tag-neuves-maisons","tag-news","tag-republique-francaise","tag-richardmenil","tag-vandoeuvre-les-nancy"],"share_on_mastodon":{"url":"https:\/\/pubeurope.com\/@fr\/117154712667844135","error":""},"_links":{"self":[{"href":"https:\/\/www.europesays.com\/fr\/wp-json\/wp\/v2\/posts\/1147480","targetHints":{"allow":["GET"]}}],"collection":[{"href":"https:\/\/www.europesays.com\/fr\/wp-json\/wp\/v2\/posts"}],"about":[{"href":"https:\/\/www.europesays.com\/fr\/wp-json\/wp\/v2\/types\/post"}],"author":[{"embeddable":true,"href":"https:\/\/www.europesays.com\/fr\/wp-json\/wp\/v2\/users\/2"}],"replies":[{"embeddable":true,"href":"https:\/\/www.europesays.com\/fr\/wp-json\/wp\/v2\/comments?post=1147480"}],"version-history":[{"count":0,"href":"https:\/\/www.europesays.com\/fr\/wp-json\/wp\/v2\/posts\/1147480\/revisions"}],"wp:featuredmedia":[{"embeddable":true,"href":"https:\/\/www.europesays.com\/fr\/wp-json\/wp\/v2\/media\/1147481"}],"wp:attachment":[{"href":"https:\/\/www.europesays.com\/fr\/wp-json\/wp\/v2\/media?parent=1147480"}],"wp:term":[{"taxonomy":"category","embeddable":true,"href":"https:\/\/www.europesays.com\/fr\/wp-json\/wp\/v2\/categories?post=1147480"},{"taxonomy":"post_tag","embeddable":true,"href":"https:\/\/www.europesays.com\/fr\/wp-json\/wp\/v2\/tags?post=1147480"}],"curies":[{"name":"wp","href":"https:\/\/api.w.org\/{rel}","templated":true}]}}